{"id":542613,"date":"2025-11-18T14:13:13","date_gmt":"2025-11-18T14:13:13","guid":{"rendered":"https:\/\/www.europesays.com\/fr\/542613\/"},"modified":"2025-11-18T14:13:13","modified_gmt":"2025-11-18T14:13:13","slug":"meylan-une-reunion-bilan-de-philippe-cardin-ce-jeudi","status":"publish","type":"post","link":"https:\/\/www.europesays.com\/fr\/542613\/","title":{"rendered":"Meylan. Une r\u00e9union-bilan de Philippe Cardin, ce jeudi"},"content":{"rendered":"<p>Ce n\u2019est pas encore la grande r\u00e9union publique de lancement de campagne, non pas encore. D\u2019ailleurs, on n\u2019a toujours pas de date marqu\u00e9e dans notre calendrier. Mais bon, on s\u2019en rapproche.<\/p>\n<p>Le 20\u00a0novembre 2025 \u00e0 19\u00a0h \u00e0 la Maison de la Clairi\u00e8re, le maire Philippe Cardin et son \u00e9quipe ont pr\u00e9vu une r\u00e9union de bilan de la majorit\u00e9 municipale. L\u2019invitation dit\u00a0: \u00ab\u00a0Au-del\u00e0 de la pr\u00e9sentation des actions men\u00e9es depuis 2020, cette rencontre apportera des r\u00e9ponses claires sur les sujets qui reviennent r\u00e9guli\u00e8rement dans le d\u00e9bat public, qu\u2019il s\u2019agisse de l\u2019\u00e9volution de Meylan, de son cadre de vie ou de la tranquillit\u00e9 au quotidien. Elle sera avant tout un temps d\u2019\u00e9changes ouvert, permettant \u00e0 chacune et chacun de poser ses questions, d\u2019exprimer ses attentes et de dialoguer directement avec l\u2019\u00e9quipe municipale.\u00a0\u00bb<\/p>\n","protected":false},"excerpt":{"rendered":"Ce n\u2019est pas encore la grande r\u00e9union publique de lancement de campagne, non pas encore. D\u2019ailleurs, on n\u2019a&hellip;\n","protected":false},"author":2,"featured_media":542614,"comment_status":"","ping_status":"","sticky":false,"template":"","format":"standard","meta":{"footnotes":""},"categories":[9566],"tags":[1111,11,2430,1984,112,4188,1777,674,1011,27,2731,108,9597,9598,12,316,1078,25],"class_list":{"0":"post-542613","1":"post","2":"type-post","3":"status-publish","4":"format-standard","5":"has-post-thumbnail","7":"category-grenoble","8":"tag-actu","9":"tag-actualites","10":"tag-auvergne-rhone-alpes","11":"tag-conseil-municipal","12":"tag-edition-grenoble-agglomeration","13":"tag-elections-municipales","14":"tag-eu","15":"tag-europe","16":"tag-fr","17":"tag-france","18":"tag-grenoble","19":"tag-isere","20":"tag-meylan","21":"tag-meylan-et-autour","22":"tag-news","23":"tag-politique","24":"tag-rassemblement-national","25":"tag-republique-francaise"},"share_on_mastodon":{"url":"https:\/\/pubeurope.com\/@fr\/115571117561499709","error":""},"_links":{"self":[{"href":"https:\/\/www.europesays.com\/fr\/wp-json\/wp\/v2\/posts\/542613","targetHints":{"allow":["GET"]}}],"collection":[{"href":"https:\/\/www.europesays.com\/fr\/wp-json\/wp\/v2\/posts"}],"about":[{"href":"https:\/\/www.europesays.com\/fr\/wp-json\/wp\/v2\/types\/post"}],"author":[{"embeddable":true,"href":"https:\/\/www.europesays.com\/fr\/wp-json\/wp\/v2\/users\/2"}],"replies":[{"embeddable":true,"href":"https:\/\/www.europesays.com\/fr\/wp-json\/wp\/v2\/comments?post=542613"}],"version-history":[{"count":0,"href":"https:\/\/www.europesays.com\/fr\/wp-json\/wp\/v2\/posts\/542613\/revisions"}],"wp:featuredmedia":[{"embeddable":true,"href":"https:\/\/www.europesays.com\/fr\/wp-json\/wp\/v2\/media\/542614"}],"wp:attachment":[{"href":"https:\/\/www.europesays.com\/fr\/wp-json\/wp\/v2\/media?parent=542613"}],"wp:term":[{"taxonomy":"category","embeddable":true,"href":"https:\/\/www.europesays.com\/fr\/wp-json\/wp\/v2\/categories?post=542613"},{"taxonomy":"post_tag","embeddable":true,"href":"https:\/\/www.europesays.com\/fr\/wp-json\/wp\/v2\/tags?post=542613"}],"curies":[{"name":"wp","href":"https:\/\/api.w.org\/{rel}","templated":true}]}}