{"id":542617,"date":"2025-11-18T14:15:32","date_gmt":"2025-11-18T14:15:32","guid":{"rendered":"https:\/\/www.europesays.com\/fr\/542617\/"},"modified":"2025-11-18T14:15:32","modified_gmt":"2025-11-18T14:15:32","slug":"a-saint-jacques-de-la-lande-ces-artistes-offrent-comme-un-petit-chemin-dans-limaginaire","status":"publish","type":"post","link":"https:\/\/www.europesays.com\/fr\/542617\/","title":{"rendered":"\u00c0 Saint-Jacques-de-la-Lande, ces artistes offrent \u00ab\u00a0comme un petit chemin dans l\u2019imaginaire\u00a0\u00bb"},"content":{"rendered":"<p>En novembre\u00a02023, le duo d\u2019artistes ABy et Dju. P, connus dans la vie quotidienne sous le nom d\u2019Audrey Blandin et Julien Desmars, s\u2019installe, pour un mois, au Pavillon Courrouze. Ils y pr\u00e9sentent Un \u00e9tonnant voyage, une exposition m\u00ealant les dessins et les textes d\u2019ABy aux photos de Dju. P.<\/p>\n<p>Ils y reviennent, jusqu\u2019au 13\u00a0d\u00e9cembre, avec Passeurs d\u2019histoire, un accrochage en forme de reprise du dialogue avec le public. Une vingtaine de tableaux et textes le compose. \u00a0Nous avons re\u00e7u un accueil chaleureux lors de notre pr\u00e9c\u00e9dente exposition. Nous avons \u00e9t\u00e9 touch\u00e9s par les retours et la curiosit\u00e9 du public, reconna\u00eet le couple. Nous commencions tout juste \u00e0 oser montrer notre production. Enfants, nous avions v\u00e9cu dans un milieu artistique. Nous avons mis du temps \u00e0 nous d\u00e9tacher et oser tracer notre propre route. Les t\u00e9moignages nous ont encourag\u00e9s \u00e0 continuer l\u2019aventure.\u00a0 Depuis, cinq\u00a0autres expositions ont eu lieu.<\/p>\n<p>\u00ab\u00a0Nous portons tous des envies d\u2019ailleurs, d\u2019\u00e9vasion\u00a0\u00bb<\/p>\n<p>Une association, TrioZart, a \u00e9t\u00e9 lanc\u00e9e avec une autre artiste, Camille, \u00e9crivaine. L\u2019association propose des mini-stages de photographies, dessins et d\u2019\u00e9criture pour les 7 \u00e0 97\u00a0ans. Avec Passeurs d\u2019histoire, le trio ABy, Dju. P et Camille invite \u00e0 d\u00e9couvrir les nouveaux r\u00e9cits auxquels ils ont donn\u00e9 vie. \u00a0Nous avons pens\u00e9 cet accrochage comme un petit chemin dans l\u2019imaginaire, une ouverture vers des \u00e9motions et des interrogations. Nous montrons sans vraiment montrer, pour permettre de jouer avec les sensations et les inspirations de chacun\u00a0, ajoutent-ils.<\/p>\n<p>Les habitu\u00e9s du travail d\u2019ABy retrouveront les portraits d\u2019humains dans lesquels transpara\u00eet son double animal ou v\u00e9g\u00e9tal. Dju. P continue \u00e0 d\u00e9caler ses prises de vues pour permettre d\u2019observer le quotidien d\u2019une autre mani\u00e8re. Parfois, les dessins d\u2019ABy s\u2019invitent aussi dans les photos de Dju. P. Les fronti\u00e8res entre les arts deviennent poreuses. \u00a0L\u2019id\u00e9e est de proposer de r\u00eaver, de se divertir, de philosopher. C\u2019est une exposition vivante avec toutes les facettes qui composent la vie. Nous portons tous des envies d\u2019ailleurs, d\u2019\u00e9vasion\u00a0, conclut le couple de quarantenaire. Les \u0153uvres \u00e9tant en vente, chacun pourra continuer l\u2019histoire \u00e0 sa fa\u00e7on.<\/p>\n<p>Jusqu\u2019au samedi 13\u00a0d\u00e9cembre, aux heures d\u2019ouverture du Pavillon Courrouze. \u00c0 noter la pr\u00e9sence des artistes les jeudis et samedis, de 16\u00a0h\u00a030 \u00e0 19\u00a0h\u00a030. Le vernissage aura lieu jeudi 11\u00a0d\u00e9cembre, \u00e0 17\u00a0h\u00a030. En savoir plus\u00a0: assotriozart@gmail.com\u00a0; triozart.wordpress.com<\/p>\n<p>\u00a0<\/p>\n","protected":false},"excerpt":{"rendered":"En novembre\u00a02023, le duo d\u2019artistes ABy et Dju. P, connus dans la vie quotidienne sous le nom d\u2019Audrey&hellip;\n","protected":false},"author":2,"featured_media":542618,"comment_status":"","ping_status":"","sticky":false,"template":"","format":"standard","meta":{"footnotes":""},"categories":[2821],"tags":[1111,11,2937,829,20837,1777,674,1011,27,31082,12,41088,15864,584,25,18461],"class_list":{"0":"post-542617","1":"post","2":"type-post","3":"status-publish","4":"format-standard","5":"has-post-thumbnail","7":"category-rennes","8":"tag-actu","9":"tag-actualites","10":"tag-artistes","11":"tag-bretagne","12":"tag-chemin","13":"tag-eu","14":"tag-europe","15":"tag-fr","16":"tag-france","17":"tag-imaginaire","18":"tag-news","19":"tag-offrent","20":"tag-petit","21":"tag-rennes","22":"tag-republique-francaise","23":"tag-saint-jacques-de-la-lande"},"share_on_mastodon":{"url":"https:\/\/pubeurope.com\/@fr\/115571125533796678","error":""},"_links":{"self":[{"href":"https:\/\/www.europesays.com\/fr\/wp-json\/wp\/v2\/posts\/542617","targetHints":{"allow":["GET"]}}],"collection":[{"href":"https:\/\/www.europesays.com\/fr\/wp-json\/wp\/v2\/posts"}],"about":[{"href":"https:\/\/www.europesays.com\/fr\/wp-json\/wp\/v2\/types\/post"}],"author":[{"embeddable":true,"href":"https:\/\/www.europesays.com\/fr\/wp-json\/wp\/v2\/users\/2"}],"replies":[{"embeddable":true,"href":"https:\/\/www.europesays.com\/fr\/wp-json\/wp\/v2\/comments?post=542617"}],"version-history":[{"count":0,"href":"https:\/\/www.europesays.com\/fr\/wp-json\/wp\/v2\/posts\/542617\/revisions"}],"wp:featuredmedia":[{"embeddable":true,"href":"https:\/\/www.europesays.com\/fr\/wp-json\/wp\/v2\/media\/542618"}],"wp:attachment":[{"href":"https:\/\/www.europesays.com\/fr\/wp-json\/wp\/v2\/media?parent=542617"}],"wp:term":[{"taxonomy":"category","embeddable":true,"href":"https:\/\/www.europesays.com\/fr\/wp-json\/wp\/v2\/categories?post=542617"},{"taxonomy":"post_tag","embeddable":true,"href":"https:\/\/www.europesays.com\/fr\/wp-json\/wp\/v2\/tags?post=542617"}],"curies":[{"name":"wp","href":"https:\/\/api.w.org\/{rel}","templated":true}]}}