{"id":542621,"date":"2025-11-18T14:17:13","date_gmt":"2025-11-18T14:17:13","guid":{"rendered":"https:\/\/www.europesays.com\/fr\/542621\/"},"modified":"2025-11-18T14:17:13","modified_gmt":"2025-11-18T14:17:13","slug":"strasbourg-une-exposition-lunaire-dines-kubler-au-petit-cabinet-du-pont-de-pierre","status":"publish","type":"post","link":"https:\/\/www.europesays.com\/fr\/542621\/","title":{"rendered":"Strasbourg. Une exposition lunaire d&rsquo;In\u00e8s Kubler au Petit cabinet du pont de Pierre"},"content":{"rendered":"<p>\u00ab\u00a0J\u2019ai pos\u00e9 de la cire sur mon visage, et \u00e7a m\u2019a fait penser au visage de la Lune\u00a0\u00bb, d\u00e9clare In\u00e8s Kubler, artiste exposante, en racontant la gen\u00e8se de son \u0153uvre intitul\u00e9e Ne m\u2019oubliez pas , en r\u00e9f\u00e9rence au premier rouge \u00e0 l\u00e8vres de Guerlin. \u00ab\u00a0Une mani\u00e8re de laisser une trace\u00a0\u00bb, esp\u00e8re-t-elle.<\/p>\n<p>Son \u0153uvre est compos\u00e9e de 29 pi\u00e8ces. Vingt-neuf, comme le nombre de phases du cycle lunaire, dont l\u2019artiste s\u2019est fortement inspir\u00e9e dans son processus de cr\u00e9ation.<\/p>\n<p>  Une \u0153uvre exp\u00e9rimentale<\/p>\n<p><a href=\"https:\/\/www.dna.fr\/culture-loisirs\/2023\/02\/01\/une-vingtaine-d-artistes-mettent-le-blanc-a-l-honneur-a-la-galerie-bamberger\" target=\"_blank\" rel=\"nofollow noopener\">Cr\u00e9\u00e9e entre\u00a02020 et\u00a02021, Ne m\u2019oubliez pas vient du d\u00e9sir de l\u2019artiste de s\u2019essayer \u00e0 de nouvelles techniques<\/a> et de sortir de sa zone de confort. N\u2019utilisant que des objets du quotidien dans ses projets, elle aime travestir le r\u00e9el et offrir un autre destin \u00e0 des tasses, des porte-monnaie ou encore des gants de toilette.<\/p>\n<p>En s\u2019attaquant \u00e0 la cire, In\u00e8s Kubler recherche un aspect \u00e9pidermique, traduisant les asp\u00e9rit\u00e9s de la peau, son \u00e9lasticit\u00e9, sa finesse. Int\u00e9ress\u00e9e initialement par les masques, elle a finalement orient\u00e9 son travail vers le visage\u00a0: \u00ab\u00a0Le masque cache, alors que le visage, lui, montre la r\u00e9alit\u00e9. Le visage est ce que nous voyons en premier chez quelqu\u2019un\u00a0\u00bb, estime l\u2019artiste, qui a utilis\u00e9 les traits de son propre visage pour cr\u00e9er son ensemble de 29 pi\u00e8ces de cire et de pl\u00e2tre. De diff\u00e9rentes couleurs, formes, \u00e9paisseurs et aspects, chacun de ces visages porte en lui une singularit\u00e9 et des traits de l\u2019artiste elle-m\u00eame, qui voit en cette installation \u00ab\u00a0l\u2019un des travaux les plus incarn\u00e9s [qu\u2019elle a] r\u00e9alis\u00e9s\u00a0\u00bb.<\/p>\n<p>  Ambiance argent\u00e9e<\/p>\n<p>Install\u00e9e dans <a href=\"https:\/\/www.dna.fr\/edition-de-strasbourg\/2017\/12\/03\/d-insolites-batisseurs\" target=\"_blank\" rel=\"nofollow noopener\">le Petit cabinet du pont de Pierre<\/a>, l\u2019\u0153uvre est visible \u00e0 toute heure du jour et de la nuit et nous appara\u00eet diff\u00e9remment selon la lumi\u00e8re qu\u2019elle re\u00e7oit. Entour\u00e9es de miroirs gondol\u00e9s dont les reflets rappellent ceux de l\u2019Ill lorsque le soleil est \u00e0 son z\u00e9nith, les 29 pi\u00e8ces s\u2019offrent aux passants du quai Finkmatt dans une ambiance argent\u00e9e, presque encapsul\u00e9e.<\/p>\n<p>\u00c0 la tomb\u00e9e du jour, et apr\u00e8s l\u2019extinction de l\u2019\u00e9clairage, l\u2019\u0153uvre prend des airs mystiques, estime In\u00e8s Kubler, en observant les ombres et reliefs que les r\u00e9verb\u00e8res pr\u00eatent \u00e0 son installation le temps de la nuit.<\/p>\n<p>Tout semble alors de passage dans cette exposition\u00a0: son public, l\u2019eau au-dessus de laquelle elle tr\u00f4ne, les lumi\u00e8res dans lesquelles elle baigne. Seule sa position semble se maintenir, \u00e0 l\u2019instar de la Lune.<\/p>\n","protected":false},"excerpt":{"rendered":"\u00ab\u00a0J\u2019ai pos\u00e9 de la cire sur mon visage, et \u00e7a m\u2019a fait penser au visage de la Lune\u00a0\u00bb,&hellip;\n","protected":false},"author":2,"featured_media":542622,"comment_status":"","ping_status":"","sticky":false,"template":"","format":"standard","meta":{"footnotes":""},"categories":[2820],"tags":[1111,11,1687,2880,1777,674,2271,107,1011,27,775,12,25,640,2879],"class_list":{"0":"post-542621","1":"post","2":"type-post","3":"status-publish","4":"format-standard","5":"has-post-thumbnail","7":"category-strasbourg","8":"tag-actu","9":"tag-actualites","10":"tag-culture-loisirs","11":"tag-edition-strasbourg","12":"tag-eu","13":"tag-europe","14":"tag-exposition-arts-plastiques","15":"tag-fil-info","16":"tag-fr","17":"tag-france","18":"tag-grand-est","19":"tag-news","20":"tag-republique-francaise","21":"tag-strasbourg","22":"tag-strasbourg-ville"},"share_on_mastodon":{"url":"https:\/\/pubeurope.com\/@fr\/115571133352685188","error":""},"_links":{"self":[{"href":"https:\/\/www.europesays.com\/fr\/wp-json\/wp\/v2\/posts\/542621","targetHints":{"allow":["GET"]}}],"collection":[{"href":"https:\/\/www.europesays.com\/fr\/wp-json\/wp\/v2\/posts"}],"about":[{"href":"https:\/\/www.europesays.com\/fr\/wp-json\/wp\/v2\/types\/post"}],"author":[{"embeddable":true,"href":"https:\/\/www.europesays.com\/fr\/wp-json\/wp\/v2\/users\/2"}],"replies":[{"embeddable":true,"href":"https:\/\/www.europesays.com\/fr\/wp-json\/wp\/v2\/comments?post=542621"}],"version-history":[{"count":0,"href":"https:\/\/www.europesays.com\/fr\/wp-json\/wp\/v2\/posts\/542621\/revisions"}],"wp:featuredmedia":[{"embeddable":true,"href":"https:\/\/www.europesays.com\/fr\/wp-json\/wp\/v2\/media\/542622"}],"wp:attachment":[{"href":"https:\/\/www.europesays.com\/fr\/wp-json\/wp\/v2\/media?parent=542621"}],"wp:term":[{"taxonomy":"category","embeddable":true,"href":"https:\/\/www.europesays.com\/fr\/wp-json\/wp\/v2\/categories?post=542621"},{"taxonomy":"post_tag","embeddable":true,"href":"https:\/\/www.europesays.com\/fr\/wp-json\/wp\/v2\/tags?post=542621"}],"curies":[{"name":"wp","href":"https:\/\/api.w.org\/{rel}","templated":true}]}}