{"id":542629,"date":"2025-11-18T14:21:24","date_gmt":"2025-11-18T14:21:24","guid":{"rendered":"https:\/\/www.europesays.com\/fr\/542629\/"},"modified":"2025-11-18T14:21:24","modified_gmt":"2025-11-18T14:21:24","slug":"lenny-kravitz-orelsan-damso-vanessa-paradis-le-festival-la-nuit-de-lerdre-2026-leve-le-2","status":"publish","type":"post","link":"https:\/\/www.europesays.com\/fr\/542629\/","title":{"rendered":"Lenny Kravitz, Orelsan, Damso, Vanessa Paradis\u00a0: le festival La Nuit de l\u2019Erdre 2026 l\u00e8ve le"},"content":{"rendered":"<tr wp_automatic_readability=\"8.855614973262\">\n<td valign=\"middle\" align=\"center\" class=\"col-logo\" wp_automatic_readability=\"5\">\n    <img decoding=\"async\" src=\"https:\/\/maville.com\/design\/images\/logo-of-monetise.svg?version=20130627\" alt=\"logo Ouest-France\" height=\"66\"\/><\/p>\n<p>Contenu r\u00e9serv\u00e9 aux abonn\u00e9s<\/p>\n<\/td>\n<td class=\"col-titre\">\n\t\t\tMardi 18 novembre 2025 10:16<br \/>\n\t\t\t<a class=\"icon-bulle sizeL count\" href=\"#ancreAvis\"><br \/>\n\t&#8230;<br \/>\n<\/a><\/td>\n<\/tr>\n<p>\t\t<a class=\"mavillebox2 elmt-photo\" href=\"https:\/\/maville.com\/photosmvi\/2025\/11\/18\/P35587423D7068963G.jpg\" title=\" Orelsan sera en 2026 au festival La Nuit de l\u2019Erdre, dimanche 5\u00a0juillet 2026. L\u2019artiste, ici, en 2023, au festival des Papillons de nuit \u00e0 Saint-Laurent-de-Cuves (Manche).  \u00a9  Archives Martin ROCHE \/ Ouest-France  \" rel=\"galerie_actu noopener\" target=\"_blank\"><br \/>\n\t<img decoding=\"async\" src=\"https:\/\/www.europesays.com\/fr\/wp-content\/uploads\/2025\/11\/P35587423D7068963G_crop_640-330_.jpg\" alt=\"photo  orelsan sera en 2026 au festival la nuit de l\u2019erdre, dimanche 5\u00a0juillet 2026. l\u2019artiste, ici, en 2023, au festival des papillons de nuit \u00e0 saint-laurent-de-cuves (manche).  \u00a9  archives martin roche \/ ouest-france \"\/><br \/>\n\t2<br \/>\n<\/a><\/p>\n<p class=\"elmt-legende\"> Orelsan sera en 2026 au festival La Nuit de l\u2019Erdre, dimanche 5\u00a0juillet 2026. L\u2019artiste, ici, en 2023, au festival des Papillons de nuit \u00e0 Saint-Laurent-de-Cuves (Manche).  \u00a9  Archives Martin ROCHE \/ Ouest-France  <\/p>\n<p><a class=\"mavillebox2\" href=\"https:\/\/maville.com\/photosmvi\/2025\/11\/18\/P35587424D7068963G.jpg\" title=\"Le rappeur belge Damso. Ici, aux Vieilles Charrues en 2025.\u00a0 \u00a9  K\u00e9vin Guyot \/ Ouest-France \" rel=\"galerie_actu noopener\" target=\"_blank\"><\/p>\n<p>\t\tPointures fran\u00e7aises ou internationales, le festival La Nuit de l\u2019Erdre joue plus que jamais la carte de l\u2019\u00e9clectisme avec des propositions allant du rap \u00e0 la pop, en passant par l\u2019\u00e9lectro et le rock. L\u2019\u00e9v\u00e9nement, qui a lieu au nord de Nantes, \u00e0 Nort-sur-Erdre, du 2 au 5\u00a0juillet 2026, a d\u00e9j\u00e0 ouvert sa billetterie.<\/p>\n<p><b>Cet article est r\u00e9serv\u00e9 aux abonn\u00e9s<\/b><\/p>\n<p>Pour un acc\u00e8s imm\u00e9diat, abonnez-vous<\/p>\n<p><b>1\u00e8re semaine offerte<\/b><\/p>\n<p>\t\t Victoria GEFFARD. \u00a0\u00a0<br \/>\n\t\tOuest-France<\/p>\n<p>Retrouvez d&rsquo;autres actus sur les communes de :<\/p>\n<p>\t\t&#13;<\/p>\n","protected":false},"excerpt":{"rendered":"Contenu r\u00e9serv\u00e9 aux abonn\u00e9s Mardi 18 novembre 2025 10:16 &#8230; 2 Orelsan sera en 2026 au festival La&hellip;\n","protected":false},"author":2,"featured_media":542514,"comment_status":"","ping_status":"","sticky":false,"template":"","format":"standard","meta":{"footnotes":""},"categories":[2818],"tags":[5734,1111,11,23412,8925,1777,674,849,1011,27,66087,66086,9324,766,12,293,21953,3106,2636,3551,25,26205,10887],"class_list":{"0":"post-542629","1":"post","2":"type-post","3":"status-publish","4":"format-standard","5":"has-post-thumbnail","7":"category-nantes","8":"tag-5734","9":"tag-actu","10":"tag-actualites","11":"tag-damso","12":"tag-erdre","13":"tag-eu","14":"tag-europe","15":"tag-festival","16":"tag-fr","17":"tag-france","18":"tag-kravitz","19":"tag-lenny","20":"tag-leve","21":"tag-nantes","22":"tag-news","23":"tag-nuit","24":"tag-orelsan","25":"tag-paradis","26":"tag-pays-de-la-loire","27":"tag-programmation","28":"tag-republique-francaise","29":"tag-vanessa","30":"tag-voile"},"share_on_mastodon":{"url":"https:\/\/pubeurope.com\/@fr\/115571150495994791","error":""},"_links":{"self":[{"href":"https:\/\/www.europesays.com\/fr\/wp-json\/wp\/v2\/posts\/542629","targetHints":{"allow":["GET"]}}],"collection":[{"href":"https:\/\/www.europesays.com\/fr\/wp-json\/wp\/v2\/posts"}],"about":[{"href":"https:\/\/www.europesays.com\/fr\/wp-json\/wp\/v2\/types\/post"}],"author":[{"embeddable":true,"href":"https:\/\/www.europesays.com\/fr\/wp-json\/wp\/v2\/users\/2"}],"replies":[{"embeddable":true,"href":"https:\/\/www.europesays.com\/fr\/wp-json\/wp\/v2\/comments?post=542629"}],"version-history":[{"count":0,"href":"https:\/\/www.europesays.com\/fr\/wp-json\/wp\/v2\/posts\/542629\/revisions"}],"wp:featuredmedia":[{"embeddable":true,"href":"https:\/\/www.europesays.com\/fr\/wp-json\/wp\/v2\/media\/542514"}],"wp:attachment":[{"href":"https:\/\/www.europesays.com\/fr\/wp-json\/wp\/v2\/media?parent=542629"}],"wp:term":[{"taxonomy":"category","embeddable":true,"href":"https:\/\/www.europesays.com\/fr\/wp-json\/wp\/v2\/categories?post=542629"},{"taxonomy":"post_tag","embeddable":true,"href":"https:\/\/www.europesays.com\/fr\/wp-json\/wp\/v2\/tags?post=542629"}],"curies":[{"name":"wp","href":"https:\/\/api.w.org\/{rel}","templated":true}]}}