{"id":542634,"date":"2025-11-18T14:25:14","date_gmt":"2025-11-18T14:25:14","guid":{"rendered":"https:\/\/www.europesays.com\/fr\/542634\/"},"modified":"2025-11-18T14:25:14","modified_gmt":"2025-11-18T14:25:14","slug":"le-nombre-impressionnant-de-supporters-des-girondins-de-bordeaux-attendus-au-moustoir-pour-affronter-la-reserve-du-fc-lorient-en-n2-2","status":"publish","type":"post","link":"https:\/\/www.europesays.com\/fr\/542634\/","title":{"rendered":"Le nombre impressionnant de supporters des Girondins de Bordeaux attendus au\u00a0Moustoir pour affronter la r\u00e9serve du FC Lorient en N2"},"content":{"rendered":"<p>En National 2, <a href=\"https:\/\/www.letelegramme.fr\/sports\/football\/fc-lorient\/pourquoi-les-girondins-de-bordeaux-viendront-jouer-au-moustoir-a-lorient-en-novembre-6913613.php\" target=\"_blank\" rel=\"noopener\">Bordeaux<\/a> est un club \u00e0 part. \u00c0 domicile, d\u00e9j\u00e0, avec pr\u00e8s de 10 000 spectateurs de moyenne. De loin la meilleure affluence de N2, qui serait largement sur le podium des meilleures affluences de National.<\/p>\n<p>Mais \u00e0 l\u2019ext\u00e9rieur aussi, les Bordelais sont nombreux. Face au FC Lorient (B), samedi (17 h) <a href=\"https:\/\/www.letelegramme.fr\/sports\/football\/fc-lorient\/pourquoi-les-girondins-de-bordeaux-viendront-jouer-au-moustoir-a-lorient-en-novembre-6913613.php\" target=\"_blank\" rel=\"noopener\">au Moustoir<\/a>, environ 500 supporters des Girondins sont attendus. Un d\u00e9placement en nombre, \u00e0 pr\u00e8s de sept heures de car.<\/p>\n<p>Le match sera diffus\u00e9<\/p>\n<p>\u00c0 titre de comparaison, ils \u00e9taient 300 \u00e0 Saint-Malo d\u00e9but septembre, 330 \u00e0 Ch\u00e2teaubriant, mais 650 \u00e0 Poitiers ou encore plus de 1 000 pour affronter Chauray \u00e0 Niort.<\/p>\n<p>Le match sera diffus\u00e9 sur TV7, cha\u00eene de t\u00e9l\u00e9vision de la r\u00e9gion bordelaise.<\/p>\n<p>Une seule tribune ouverte<\/p>\n<p>Samedi, seule la Tribune Honneur sera ouverte au public et le placement sera libre. Les abonn\u00e9s au Moustoir sont invit\u00e9s pour la rencontre. La billetterie grand public a \u00e9t\u00e9 lanc\u00e9e par le FC Lorient.<\/p>\n","protected":false},"excerpt":{"rendered":"En National 2, Bordeaux est un club \u00e0 part. \u00c0 domicile, d\u00e9j\u00e0, avec pr\u00e8s de 10 000 spectateurs&hellip;\n","protected":false},"author":2,"featured_media":542400,"comment_status":"","ping_status":"","sticky":false,"template":"","format":"standard","meta":{"footnotes":""},"categories":[2817],"tags":[328,1111,11,1997,1777,674,60484,1011,27,50796,12,2219,25],"class_list":{"0":"post-542634","1":"post","2":"type-post","3":"status-publish","4":"format-standard","5":"has-post-thumbnail","7":"category-bordeaux","8":"tag-a-la-une","9":"tag-actu","10":"tag-actualites","11":"tag-bordeaux","12":"tag-eu","13":"tag-europe","14":"tag-fc-lorient-bretagne-sud","15":"tag-fr","16":"tag-france","17":"tag-national-2","18":"tag-news","19":"tag-nouvelle-aquitaine","20":"tag-republique-francaise"},"share_on_mastodon":{"url":"https:\/\/pubeurope.com\/@fr\/115571164752870457","error":""},"_links":{"self":[{"href":"https:\/\/www.europesays.com\/fr\/wp-json\/wp\/v2\/posts\/542634","targetHints":{"allow":["GET"]}}],"collection":[{"href":"https:\/\/www.europesays.com\/fr\/wp-json\/wp\/v2\/posts"}],"about":[{"href":"https:\/\/www.europesays.com\/fr\/wp-json\/wp\/v2\/types\/post"}],"author":[{"embeddable":true,"href":"https:\/\/www.europesays.com\/fr\/wp-json\/wp\/v2\/users\/2"}],"replies":[{"embeddable":true,"href":"https:\/\/www.europesays.com\/fr\/wp-json\/wp\/v2\/comments?post=542634"}],"version-history":[{"count":0,"href":"https:\/\/www.europesays.com\/fr\/wp-json\/wp\/v2\/posts\/542634\/revisions"}],"wp:featuredmedia":[{"embeddable":true,"href":"https:\/\/www.europesays.com\/fr\/wp-json\/wp\/v2\/media\/542400"}],"wp:attachment":[{"href":"https:\/\/www.europesays.com\/fr\/wp-json\/wp\/v2\/media?parent=542634"}],"wp:term":[{"taxonomy":"category","embeddable":true,"href":"https:\/\/www.europesays.com\/fr\/wp-json\/wp\/v2\/categories?post=542634"},{"taxonomy":"post_tag","embeddable":true,"href":"https:\/\/www.europesays.com\/fr\/wp-json\/wp\/v2\/tags?post=542634"}],"curies":[{"name":"wp","href":"https:\/\/api.w.org\/{rel}","templated":true}]}}