{"id":542635,"date":"2025-11-18T14:26:21","date_gmt":"2025-11-18T14:26:21","guid":{"rendered":"https:\/\/www.europesays.com\/fr\/542635\/"},"modified":"2025-11-18T14:26:21","modified_gmt":"2025-11-18T14:26:21","slug":"le-toulouse-sake-club-fete-ses-5-ans-haute-garonne-toulouse","status":"publish","type":"post","link":"https:\/\/www.europesays.com\/fr\/542635\/","title":{"rendered":"Le Toulouse Sake Club f\u00eate ses 5 ans &#8211; Haute Garonne &#8211; Toulouse"},"content":{"rendered":"<p>                    <img width=\"2048\" height=\"1924\" src=\"https:\/\/www.europesays.com\/fr\/wp-content\/uploads\/2025\/11\/WhatsApp-Image-2025-11-18-at-13.54.08.jpeg\" class=\"img-fluid landscape wp-post-image\" alt=\"Bertil Lauth, fondateur du Toulouse Sake Club\" itemprop=\"image\" decoding=\"async\" fetchpriority=\"high\"  \/>                    <\/p>\n<p itemprop=\"name\">\n                                                Bertil Lauth, fondateur du Toulouse Sake Club<br \/>\n                         Cr\u00e9dits :<br \/>\n                            MS31\n                                                <\/p>\n<p><strong>Bertil Lauth, fondateur du Sake Club, c\u00e9l\u00e8bre les cinq ans de son entreprise d\u00e9di\u00e9e \u00e0 la promotion des alcools, de la culture et de la gastronomie japonaise. <\/strong>&#13;<br \/>\n&#13;<br \/>\nSp\u00e9cialiste du Japon depuis 20 ans, \u00e0 travers son site internet, Bertil Lauth propose plus de 160 r\u00e9f\u00e9rences d&rsquo;alcools et de produits d&rsquo;\u00e9picerie japonaise. Il fait \u00e9galement d\u00e9couvrir ses vins, Gin ou liqueurs japonais, \u00e0 travers des clubs de d\u00e9gustation. Des partenariats ont \u00e9galement \u00e9t\u00e9 nou\u00e9 avec des restaurants et des bars en tant que consultant, et cr\u00e9e des \u00e9v\u00e9nements pour l&rsquo;agence du commerce ext\u00e9rieur japonais. R\u00e9cemment, il a collabor\u00e9 avec le bam bam, o\u00f9 il a fait d\u00e9couvrir un Gin japonais appr\u00e9ci\u00e9 par l&rsquo;\u00e9tablissement. \u00ab Le but est de faire de la convivialit\u00e9, r\u00e9unir les gens \u00e0 table et proposer que de la qualit\u00e9 \u00bb, explique-t-il.&#13;<br \/>\n&#13;<br \/>\nBertil Lauth sillonne la France pour partager sa passion. Pour les cinq prochaines ann\u00e9es, le fondateur souhaite poursuivre cette approche conviviale et continuer \u00e0 faire voyager les gens en leur parlant du Japon et de ses coutumes. Son ambition ? Organiser les 10 ans dans des locaux encore plus ambitieux, \u00ab pourquoi pas un immeuble, en toute simplicit\u00e9 \u00bb.<\/p>\n<p>                Cet article est r\u00e9serv\u00e9 aux abonn\u00e9s.<\/p>\n<p class=\"signature\" itemscope=\"\" itemprop=\"Author\" itemtype=\"http:\/\/schema.org\/Person\">\n                MS31\n            <\/p>\n","protected":false},"excerpt":{"rendered":"Bertil Lauth, fondateur du Toulouse Sake Club Cr\u00e9dits : MS31 Bertil Lauth, fondateur du Sake Club, c\u00e9l\u00e8bre les&hellip;\n","protected":false},"author":2,"featured_media":542636,"comment_status":"","ping_status":"","sticky":false,"template":"","format":"standard","meta":{"footnotes":""},"categories":[2816],"tags":[1111,11,1777,674,1011,27,12,2680,301,25,2312],"class_list":{"0":"post-542635","1":"post","2":"type-post","3":"status-publish","4":"format-standard","5":"has-post-thumbnail","7":"category-toulouse","8":"tag-actu","9":"tag-actualites","10":"tag-eu","11":"tag-europe","12":"tag-fr","13":"tag-france","14":"tag-news","15":"tag-occitanie","16":"tag-premium","17":"tag-republique-francaise","18":"tag-toulouse"},"share_on_mastodon":{"url":"https:\/\/pubeurope.com\/@fr\/115571169890668841","error":""},"_links":{"self":[{"href":"https:\/\/www.europesays.com\/fr\/wp-json\/wp\/v2\/posts\/542635","targetHints":{"allow":["GET"]}}],"collection":[{"href":"https:\/\/www.europesays.com\/fr\/wp-json\/wp\/v2\/posts"}],"about":[{"href":"https:\/\/www.europesays.com\/fr\/wp-json\/wp\/v2\/types\/post"}],"author":[{"embeddable":true,"href":"https:\/\/www.europesays.com\/fr\/wp-json\/wp\/v2\/users\/2"}],"replies":[{"embeddable":true,"href":"https:\/\/www.europesays.com\/fr\/wp-json\/wp\/v2\/comments?post=542635"}],"version-history":[{"count":0,"href":"https:\/\/www.europesays.com\/fr\/wp-json\/wp\/v2\/posts\/542635\/revisions"}],"wp:featuredmedia":[{"embeddable":true,"href":"https:\/\/www.europesays.com\/fr\/wp-json\/wp\/v2\/media\/542636"}],"wp:attachment":[{"href":"https:\/\/www.europesays.com\/fr\/wp-json\/wp\/v2\/media?parent=542635"}],"wp:term":[{"taxonomy":"category","embeddable":true,"href":"https:\/\/www.europesays.com\/fr\/wp-json\/wp\/v2\/categories?post=542635"},{"taxonomy":"post_tag","embeddable":true,"href":"https:\/\/www.europesays.com\/fr\/wp-json\/wp\/v2\/tags?post=542635"}],"curies":[{"name":"wp","href":"https:\/\/api.w.org\/{rel}","templated":true}]}}