{"id":542647,"date":"2025-11-18T14:36:23","date_gmt":"2025-11-18T14:36:23","guid":{"rendered":"https:\/\/www.europesays.com\/fr\/542647\/"},"modified":"2025-11-18T14:36:23","modified_gmt":"2025-11-18T14:36:23","slug":"de-la-neige-attendue-a-paris-et-en-ile-de-france-ce-jeudi","status":"publish","type":"post","link":"https:\/\/www.europesays.com\/fr\/542647\/","title":{"rendered":"de la neige attendue \u00e0 Paris et en \u00cele-de-France ce jeudi"},"content":{"rendered":"<p>\n    Apr\u00e8s l\u2019arriv\u00e9e de la neige en basse altitude ce mercredi, des giboul\u00e9es et des flocons sont attendus sur les plaines, les collines normandes et les plateaux des Hauts-de-France.<\/p>\n<p class=\"fig-paragraph\">Attention au risque de\u00a0<a href=\"http:\/\/www.lefigaro.fr\/meteo\/meteo-doit-on-s-attendre-a-de-la-neige-en-plaine-la-semaine-prochaine-20251115\" target=\"_blank\" data-fig-type=\"NewsFlash\" rel=\"noopener nofollow\" data-gtm-custom-categorie=\"navigation\" data-gtm-custom-action=\"crossclick\" data-gtm-custom-label=\"Contextuel\" data-gtm-event=\"customEventSPE\" data-fig-domain=\"LEFIGARO\">neige<\/a>. Alors que le froid s\u2019abat sur le pays, la capitale fran\u00e7aise et plus g\u00e9n\u00e9ralement l\u2019\u00cele-de-France devraient \u00eatre concern\u00e9es par l\u2019arriv\u00e9e des flocons ce jeudi, rapporte\u00a0<a href=\"https:\/\/meteofrance.com\/actualites-et-dossiers\/actualites\/une-semaine-hivernale\" target=\"_blank\" rel=\"sponsored noopener nofollow\" data-gtm-custom-categorie=\"navigation\" data-gtm-custom-action=\"crossclick\" data-gtm-custom-label=\"Contextuel\" data-gtm-event=\"customEventSPE\">M\u00e9t\u00e9o France<\/a>. \u00abPluie et neige m\u00eal\u00e9es sont possibles sur le Centre et l\u2019\u00cele-de-France\u00bb peut-on lire sur le site du service de m\u00e9t\u00e9orologie.<\/p>\n<p class=\"fig-paragraph\">Un ph\u00e9nom\u00e8ne qui s\u2019explique par des temp\u00e9ratures nettement en dessous des normales de saison, avec une fra\u00eecheur qui s\u2019accentuera dans la nuit de mercredi \u00e0 jeudi. Une variation de quelques degr\u00e9s pourrait toutefois transformer les flocons en pluie.<\/p>\n<p>                                    <a class=\"fig-a11y-skip a11y-hidden\" href=\"#fig-a11y-skip-main-inarticle\"><br \/>\n        Passer la publicit\u00e9<br \/>\n    <\/a><\/p>\n<p class=\"fig-paragraph\">La\u00a0<a href=\"https:\/\/actualite.lachainemeteo.com\/actualite-meteo\/2025-11-17\/neige-ou-va-t-elle-tomber-cette-semaine-83222\" target=\"_blank\" rel=\"sponsored noopener nofollow\" data-gtm-custom-categorie=\"navigation\" data-gtm-custom-action=\"crossclick\" data-gtm-custom-label=\"Contextuel\" data-gtm-event=\"customEventSPE\">Cha\u00eene M\u00e9t\u00e9o<\/a> * annonce par ailleurs que cette \u00abneige pluie\u00bb descendra d\u00e8s jeudi vers le nord-est. Des giboul\u00e9es et des flocons sont attendus sur les plaines de 200 \u00e0 300 m\u00e8tres d\u2019altitude. Des \u00abaverses de neige\u00bb pourront aussi \u00eatre pr\u00e9sentes sur les collines normandes et sur les plateaux des Hauts-de-France.<\/p>\n<p>La neige arrive mercredi<\/p>\n<p class=\"fig-paragraph\">Mercredi, de premi\u00e8res\u00a0<a href=\"http:\/\/www.lefigaro.fr\/meteo\/temperatures-en-chute-libre-neige-en-plaine-a-quel-temps-s-attendre-en-france-cette-semaine-20251117\" target=\"_blank\" data-fig-type=\"NewsFlash\" rel=\"noopener nofollow\" data-gtm-custom-categorie=\"navigation\" data-gtm-custom-action=\"crossclick\" data-gtm-custom-label=\"Contextuel\" data-gtm-event=\"customEventSPE\" data-fig-domain=\"LEFIGARO\">chutes de neige<\/a>\u00a0sont attendues sur le Jura, les Vosges, le Massif central \u00e0 partir de 400 voire 500 m\u00e8tres, mais aussi sur les Alpes du Nord d\u00e8s 600 m\u00e8tres ainsi que sur les Pyr\u00e9n\u00e9es au-dessus de 1200 m\u00e8tres.<\/p>\n<p class=\"fig-paragraph\">La neige fera \u00e9galement son retour samedi et dimanche sur un axe allant des Hauts-de-France au Massif central, en passant par la r\u00e9gion parisienne, avant un redoux dimanche.<\/p>\n<p class=\"fig-paragraph\">*La Cha\u00eene M\u00e9t\u00e9o appartient au groupe Figaro.<\/p>\n","protected":false},"excerpt":{"rendered":"Apr\u00e8s l\u2019arriv\u00e9e de la neige en basse altitude ce mercredi, des giboul\u00e9es et des flocons sont attendus sur&hellip;\n","protected":false},"author":2,"featured_media":542648,"comment_status":"","ping_status":"","sticky":false,"template":"","format":"standard","meta":{"footnotes":""},"categories":[1592],"tags":[1111,11,1777,674,1011,27,662,2487,10584,12,626,25],"class_list":{"0":"post-542647","1":"post","2":"type-post","3":"status-publish","4":"format-standard","5":"has-post-thumbnail","7":"category-ile-de-france","8":"tag-actu","9":"tag-actualites","10":"tag-eu","11":"tag-europe","12":"tag-fr","13":"tag-france","14":"tag-ile-de-france","15":"tag-meteo","16":"tag-neige","17":"tag-news","18":"tag-paris","19":"tag-republique-francaise"},"share_on_mastodon":{"url":"","error":""},"_links":{"self":[{"href":"https:\/\/www.europesays.com\/fr\/wp-json\/wp\/v2\/posts\/542647","targetHints":{"allow":["GET"]}}],"collection":[{"href":"https:\/\/www.europesays.com\/fr\/wp-json\/wp\/v2\/posts"}],"about":[{"href":"https:\/\/www.europesays.com\/fr\/wp-json\/wp\/v2\/types\/post"}],"author":[{"embeddable":true,"href":"https:\/\/www.europesays.com\/fr\/wp-json\/wp\/v2\/users\/2"}],"replies":[{"embeddable":true,"href":"https:\/\/www.europesays.com\/fr\/wp-json\/wp\/v2\/comments?post=542647"}],"version-history":[{"count":0,"href":"https:\/\/www.europesays.com\/fr\/wp-json\/wp\/v2\/posts\/542647\/revisions"}],"wp:featuredmedia":[{"embeddable":true,"href":"https:\/\/www.europesays.com\/fr\/wp-json\/wp\/v2\/media\/542648"}],"wp:attachment":[{"href":"https:\/\/www.europesays.com\/fr\/wp-json\/wp\/v2\/media?parent=542647"}],"wp:term":[{"taxonomy":"category","embeddable":true,"href":"https:\/\/www.europesays.com\/fr\/wp-json\/wp\/v2\/categories?post=542647"},{"taxonomy":"post_tag","embeddable":true,"href":"https:\/\/www.europesays.com\/fr\/wp-json\/wp\/v2\/tags?post=542647"}],"curies":[{"name":"wp","href":"https:\/\/api.w.org\/{rel}","templated":true}]}}