{"id":542656,"date":"2025-11-18T14:42:13","date_gmt":"2025-11-18T14:42:13","guid":{"rendered":"https:\/\/www.europesays.com\/fr\/542656\/"},"modified":"2025-11-18T14:42:13","modified_gmt":"2025-11-18T14:42:13","slug":"deux-ukrainiens-au-service-de-la-russie-suspectes-davoir-sabote-une-voie-ferree-strategique-lexpress","status":"publish","type":"post","link":"https:\/\/www.europesays.com\/fr\/542656\/","title":{"rendered":"deux Ukrainiens au service de la Russie suspect\u00e9s d&rsquo;avoir sabot\u00e9 une voie ferr\u00e9e strat\u00e9gique \u2013 L&rsquo;Express"},"content":{"rendered":"<p class=\"paragraph article-body-paragraph article__item   article-body-paragraph--first \">\u00ab\u00a0Une limite a \u00e9t\u00e9 franchie.\u00a0\u00bb Ce mardi 18 novembre, <a href=\"https:\/\/www.lexpress.fr\/monde\/europe\/elections-en-pologne-comment-le-pays-est-devenu-un-acteur-incontournable-en-europe-6PZ4DCLZ55EEPDJ5ZKX326MEHQ\/\" target=\"_self\" rel=\"nofollow noopener\" title=\"https:\/\/www.lexpress.fr\/monde\/europe\/elections-en-pologne-comment-le-pays-est-devenu-un-acteur-incontournable-en-europe-6PZ4DCLZ55EEPDJ5ZKX326MEHQ\/\">Donald Tusk<\/a>, le Premier ministre polonais, s&rsquo;adresse aux parlementaires du pays sur un ton grave. Lundi, une portion de la voie ferr\u00e9e reliant sa capitale, Varsovie, et Lublin, ville proche de la fronti\u00e8re avec l&rsquo;Ukraine, a \u00e9t\u00e9 retrouv\u00e9e d\u00e9truite par des explosifs, la rendant un temps impraticable. Plus loin sur la ligne, d&rsquo;autres d\u00e9g\u00e2ts ont \u00e9t\u00e9 constat\u00e9s sur une cat\u00e9naire, for\u00e7ant un train transportant plusieurs centaines de passagers \u00e0 s&rsquo;immobiliser. Dans ce second cas, un \u00ab\u00a0collier\u00a0\u00bb en acier a \u00e9t\u00e9 retrouv\u00e9 pos\u00e9 sur un rail et \u00e9tait \u00ab\u00a0destin\u00e9 probablement \u00e0 faire d\u00e9railler un train\u00a0\u00bb, assure Donald Tusk. Des faits que les autorit\u00e9s polonaises ont rapidement qualifi\u00e9s <a href=\"https:\/\/www.lexpress.fr\/monde\/europe\/sabotages-russes-en-europe-les-inquietudes-des-services-de-renseignement-YW6A4XHLDFCETFVAWZM2MNXNQQ\/\" target=\"_self\" rel=\"nofollow noopener\" title=\"https:\/\/www.lexpress.fr\/monde\/europe\/sabotages-russes-en-europe-les-inquietudes-des-services-de-renseignement-YW6A4XHLDFCETFVAWZM2MNXNQQ\/\">de sabotage<\/a>, possiblement commis \u00ab\u00a0pour le compte d\u2019un service de renseignement \u00e9tranger\u00a0\u00bb. <\/p>\n<p>Une voie cruciale \u00e0 l&rsquo;acheminement de l&rsquo;aide en Ukraine<\/p>\n<p class=\"paragraph article-body-paragraph article__item   \">Cette voie ferr\u00e9e est une composante essentielle \u00e0 l&rsquo;acheminement de <a href=\"https:\/\/www.lexpress.fr\/monde\/europe\/guerre-en-ukraine-volodymyr-zelensky-a-paris-en-vue-dun-accord-majeur-de-defense-BSJU5XLMOBH3RN7FE5FIRI53NA\/\" target=\"_self\" rel=\"nofollow noopener\" title=\"https:\/\/www.lexpress.fr\/monde\/europe\/guerre-en-ukraine-volodymyr-zelensky-a-paris-en-vue-dun-accord-majeur-de-defense-BSJU5XLMOBH3RN7FE5FIRI53NA\/\">l&rsquo;aide humanitaire et militaire<\/a> \u00e0 l&rsquo;Ukraine. Chaque jour, 115 trains y circulent. D\u00e8s mardi matin, Varsovie n&rsquo;a pas h\u00e9sit\u00e9 \u00e0 faire comprendre que <a href=\"https:\/\/www.lexpress.fr\/societe\/la-russie-derriere-le-brouillage-gps-de-lavion-dursula-von-der-leyen-le-changement-de-tactique-est-54U56KYDUZDRPAUCK4DANLW4QE\/\" target=\"_self\" rel=\"nofollow noopener\" title=\"https:\/\/www.lexpress.fr\/societe\/la-russie-derriere-le-brouillage-gps-de-lavion-dursula-von-der-leyen-le-changement-de-tactique-est-54U56KYDUZDRPAUCK4DANLW4QE\/\">l&rsquo;ombre de Moscou<\/a> planait au-dessus de ces incidents. Le porte-parole du ministre polonais des services de s\u00e9curit\u00e9, Jacek Dobrzy\u0144ski, avait ainsi d\u00e9clar\u00e9 que \u00ab\u00a0tout indique\u00a0\u00bb que le renseignement russe serait impliqu\u00e9 dans cette affaire. Devant la Di\u00e8te, la chambre basse du Parlement polonais, Donald Tusk s&rsquo;est fait ce mardi midi encore plus pr\u00e9cis. Le responsable a annonc\u00e9 l&rsquo;identification de deux suspects, des \u00ab\u00a0citoyens ukrainiens qui collaborent depuis longtemps avec les services de renseignement russes\u00a0\u00bb, a-t-il d\u00e9clar\u00e9.<\/p>\n<p><strong class=\"article-body-link-list__item text-gray-800 article-body-link-list__item--one-item\">LIRE AUSSI : <a class=\"article-body-link-list__item-link\" href=\"https:\/\/www.lexpress.fr\/idees-et-debats\/le-succes-de-la-pologne-une-gifle-pour-orban-une-lecon-pour-leurope-lanalyse-implacable-de-dalibor-GB63WISS5FAJHJ4GDBBJV7SN6A\/\" rel=\"nofollow noopener\" target=\"_blank\">\u00ab\u00a0Le succ\u00e8s de la Pologne ? Une gifle pour Orban, une le\u00e7on pour l\u2019Europe\u00a0\u00bb : l\u2019analyse implacable de Dalibor Rohac<\/a><\/strong><\/p>\n<p class=\"paragraph article-body-paragraph article__item   \">Selon Donald Tusk, l&rsquo;un de ces deux hommes a d\u00e9j\u00e0 \u00e9t\u00e9 condamn\u00e9 \u00e0 Lviv, en Ukraine, pour de pr\u00e9c\u00e9dents faits de sabotage. L&rsquo;autre serait originaire <a href=\"https:\/\/www.lexpress.fr\/monde\/europe\/guerre-en-ukraine-la-capture-de-pokrovsk-une-victoire-qui-couterait-cher-a-la-russie-L35FUCIDLVDCJLUQD2AQZDXZEE\/\" target=\"_self\" rel=\"nofollow noopener\" title=\"https:\/\/www.lexpress.fr\/monde\/europe\/guerre-en-ukraine-la-capture-de-pokrovsk-une-victoire-qui-couterait-cher-a-la-russie-L35FUCIDLVDCJLUQD2AQZDXZEE\/\">de la r\u00e9gion du Donbass<\/a>, en partie occup\u00e9e par les forces russes. Tous deux auraient franchi la fronti\u00e8re polonaise depuis <a href=\"https:\/\/www.lexpress.fr\/monde\/europe\/svetlana-tikhanovskaya-la-bielorussie-ne-doit-pas-servir-de-lot-de-consolation-pour-poutine-K242AZKEDZGGLPRLQHZ5Z73Q4U\/\" target=\"_self\" rel=\"nofollow noopener\" title=\"https:\/\/www.lexpress.fr\/monde\/europe\/svetlana-tikhanovskaya-la-bielorussie-ne-doit-pas-servir-de-lot-de-consolation-pour-poutine-K242AZKEDZGGLPRLQHZ5Z73Q4U\/\">la Bi\u00e9lorussie<\/a>. \u00ab\u00a0Nous sommes confront\u00e9s \u00e0 un \u00e9v\u00e9nement sans pr\u00e9c\u00e9dent\u00a0\u00bb, a soulign\u00e9 le Premier ministre. \u00ab\u00a0Ne soyez pas surpris par les r\u00e9actions \u00e9motionnelles qu&rsquo;il suscite. Il s&rsquo;agit peut-\u00eatre de la situation la plus grave de ce type, du point de vue de la s\u00e9curit\u00e9 nationale, depuis le d\u00e9but de <a href=\"https:\/\/www.lexpress.fr\/monde\/europe\/yehor-cherniev-depute-ukrainien-il-est-juste-dutiliser-largent-russe-contre-moscou-CHBLAFVBS5HI3A3LDKBIX4BAYA\/\" target=\"_self\" rel=\"nofollow noopener\" title=\"https:\/\/www.lexpress.fr\/monde\/europe\/yehor-cherniev-depute-ukrainien-il-est-juste-dutiliser-largent-russe-contre-moscou-CHBLAFVBS5HI3A3LDKBIX4BAYA\/\">la guerre en Ukraine<\/a>.\u00a0\u00bb Aucun d\u00e9tail suppl\u00e9mentaire sur l&rsquo;identit\u00e9 pr\u00e9cise des suspects n&rsquo;a \u00e9t\u00e9 fournie par Donald Tusk, expliquant que des op\u00e9rations \u00e9taient toujours en cours dans le cadre de cette enqu\u00eate.<\/p>\n<p>La Pologne en premi\u00e8re ligne face \u00e0 la Russie<\/p>\n<p class=\"paragraph article-body-paragraph article__item   \">Frontali\u00e8re de l&rsquo;Ukraine, de la Bi\u00e9lorussie \u2013 alli\u00e9e \u00e0 Moscou \u2013 et de la Russie via <a href=\"https:\/\/www.lexpress.fr\/monde\/lavion-de-la-ministre-de-la-defense-espagnole-victime-dun-brouillage-gps-pres-de-kaliningrad-2IT7KLBMYZFR3K3ZI6LQXQR3AM\/\" target=\"_self\" rel=\"nofollow noopener\" title=\"https:\/\/www.lexpress.fr\/monde\/lavion-de-la-ministre-de-la-defense-espagnole-victime-dun-brouillage-gps-pres-de-kaliningrad-2IT7KLBMYZFR3K3ZI6LQXQR3AM\/\">son enclave de Kaliningrad<\/a>, la Pologne se situe en premi\u00e8re ligne face \u00e0 la menace provoqu\u00e9e par le Kremlin \u00e0 l&rsquo;est de l&rsquo;Europe. En septembre, le pays avait d\u00e9j\u00e0 connu une situation d&rsquo;urgence, avec l&rsquo;incursion d&rsquo;une vingtaine de drones russes au-dessus de son territoire. L&rsquo;\u00e9pisode avait contraint l&rsquo;Otan <a href=\"https:\/\/www.lexpress.fr\/monde\/europe\/guerre-en-ukraine-kiev-a-lance-une-attaque-de-drones-massive-contre-la-russie-N5JGMCZEQNDA7HLHICOKHB6KKY\/\" target=\"_self\" rel=\"nofollow noopener\" title=\"https:\/\/www.lexpress.fr\/monde\/europe\/guerre-en-ukraine-kiev-a-lance-une-attaque-de-drones-massive-contre-la-russie-N5JGMCZEQNDA7HLHICOKHB6KKY\/\">\u00e0 remodeler son dispositif de d\u00e9fense<\/a> dans la r\u00e9gion. Mais ce sabotage risque de marquer un nouvel \u00e9chelon de la gradation des tensions entre Varsovie et Moscou \u2013 et plus g\u00e9n\u00e9ralement entre les puissances du Vieux continent et la Russie. \u00c0 Bruxelles, la situation a d&rsquo;ailleurs fait r\u00e9agir Ursula von der Leyen, la pr\u00e9sidente de la Commission europ\u00e9enne. \u00ab\u00a0L&rsquo;Europe doit d&rsquo;urgence renforcer sa capacit\u00e9 \u00e0 prot\u00e9ger nos cieux et nos infrastructures\u00a0\u00bb, a-t-elle exhort\u00e9 lundi, sur son compte X.<\/p>\n<\/p>\n<p class=\"paragraph article-body-paragraph article__item   \">Moscou a-t-il souhait\u00e9 tester une nouvelle fois les limites des Europ\u00e9ens avec un tel sabotage ? \u00ab\u00a0Je doute que quiconque se donne autant de mal juste pour endommager les voies, et non pour faire d\u00e9railler un train et tuer des passagers\u00a0\u00bb, alerte Micha\u0142 Piekarski, chercheur \u00e0 l\u2019Institut d\u2019\u00e9tudes internationales et de s\u00e9curit\u00e9 \u00e0 l\u2019universit\u00e9 de Wroclaw, aupr\u00e8s de la <a href=\"https:\/\/wyborcza.pl\/7,75398,32404516,atak-na-polska-kolej-ogromne-szczescie-zwlaszcza-tych-ponad.html#s=S.TD-K.C-B.5-L.2.duzy\" target=\"_self\" rel=\"nofollow noopener\" title=\"https:\/\/wyborcza.pl\/7,75398,32404516,atak-na-polska-kolej-ogromne-szczescie-zwlaszcza-tych-ponad.html#s=S.TD-K.C-B.5-L.2.duzy\">Gazeta Wyborcza<\/a>, un des principaux quotidiens polonais. \u00ab\u00a0La question est de savoir si les auteurs visaient un train en particulier, ou s&rsquo;ils essayaient simplement de faire d\u00e9railler n&rsquo;importe quel train qui pourrait arriver.\u00a0\u00bb Dans un article consacr\u00e9 \u00e0 l&rsquo;incident, la <a href=\"https:\/\/www.gazetaprawna.pl\/wiadomosci\/kraj\/artykuly\/10586662,wysadzenie-torow-kolejowych-pod-warszawa-autorami-sa-rosyjskie-sluz.html\" target=\"_self\" rel=\"nofollow noopener\" title=\"https:\/\/www.gazetaprawna.pl\/wiadomosci\/kraj\/artykuly\/10586662,wysadzenie-torow-kolejowych-pod-warszawa-autorami-sa-rosyjskie-sluz.html\">Gazeta Prawna<\/a>, un autre m\u00e9dia polonais, rapporte que des cam\u00e9ras ont \u00e9t\u00e9 retrouv\u00e9es aux abords des rails. De quoi faire sugg\u00e9rer aux enqu\u00eateurs qu&rsquo;<a href=\"https:\/\/www.lexpress.fr\/economie\/high-tech\/propagande-russe-poutine-considere-la-france-comme-une-cible-prioritaire-4WTUEX3I2JE4PPS6RUDLKS2RB4\/\" target=\"_self\" rel=\"nofollow noopener\" title=\"https:\/\/www.lexpress.fr\/economie\/high-tech\/propagande-russe-poutine-considere-la-france-comme-une-cible-prioritaire-4WTUEX3I2JE4PPS6RUDLKS2RB4\/\">une vid\u00e9o de propagande<\/a> aurait pu \u00eatre film\u00e9e sur les lieux du crime pour le compte de Moscou. <\/p>\n<p class=\"paragraph article-body-paragraph article__item    article__text__endpicto\">Silencieux sur les accusations de Varsovie \u00e0 son encontre jusqu&rsquo;ici, le Kremlin a d\u00e9nonc\u00e9 mardi apr\u00e8s-midi une campagne de \u00ab\u00a0russophobie\u00a0\u00bb de la part de la Pologne. Mais il n&rsquo;a pas non plus d\u00e9menti formellement ces mises en cause. \u00ab\u00a0La Russie est accus\u00e9e de toutes les formes de guerre hybride ou directe qui se produisent et en Pologne, ils font du z\u00e8le \u00e0 ce sujet. La russophobie y fleurit dans toute sa splendeur\u00a0\u00bb, a ainsi lanc\u00e9 le porte-parole de la pr\u00e9sidence russe, Dmitri Peskov, interrog\u00e9 par un journaliste russe.<\/p>\n","protected":false},"excerpt":{"rendered":"\u00ab\u00a0Une limite a \u00e9t\u00e9 franchie.\u00a0\u00bb Ce mardi 18 novembre, Donald Tusk, le Premier ministre polonais, s&rsquo;adresse aux parlementaires&hellip;\n","protected":false},"author":2,"featured_media":542657,"comment_status":"","ping_status":"","sticky":false,"template":"","format":"standard","meta":{"footnotes":""},"categories":[1591],"tags":[11,674,1887,74,12,1885,1886,132],"class_list":{"0":"post-542656","1":"post","2":"type-post","3":"status-publish","4":"format-standard","5":"has-post-thumbnail","7":"category-russie","8":"tag-actualites","9":"tag-europe","10":"tag-federation-de-russie","11":"tag-monde","12":"tag-news","13":"tag-russia","14":"tag-russian-federation","15":"tag-russie"},"share_on_mastodon":{"url":"https:\/\/pubeurope.com\/@fr\/115571231614524931","error":""},"_links":{"self":[{"href":"https:\/\/www.europesays.com\/fr\/wp-json\/wp\/v2\/posts\/542656","targetHints":{"allow":["GET"]}}],"collection":[{"href":"https:\/\/www.europesays.com\/fr\/wp-json\/wp\/v2\/posts"}],"about":[{"href":"https:\/\/www.europesays.com\/fr\/wp-json\/wp\/v2\/types\/post"}],"author":[{"embeddable":true,"href":"https:\/\/www.europesays.com\/fr\/wp-json\/wp\/v2\/users\/2"}],"replies":[{"embeddable":true,"href":"https:\/\/www.europesays.com\/fr\/wp-json\/wp\/v2\/comments?post=542656"}],"version-history":[{"count":0,"href":"https:\/\/www.europesays.com\/fr\/wp-json\/wp\/v2\/posts\/542656\/revisions"}],"wp:featuredmedia":[{"embeddable":true,"href":"https:\/\/www.europesays.com\/fr\/wp-json\/wp\/v2\/media\/542657"}],"wp:attachment":[{"href":"https:\/\/www.europesays.com\/fr\/wp-json\/wp\/v2\/media?parent=542656"}],"wp:term":[{"taxonomy":"category","embeddable":true,"href":"https:\/\/www.europesays.com\/fr\/wp-json\/wp\/v2\/categories?post=542656"},{"taxonomy":"post_tag","embeddable":true,"href":"https:\/\/www.europesays.com\/fr\/wp-json\/wp\/v2\/tags?post=542656"}],"curies":[{"name":"wp","href":"https:\/\/api.w.org\/{rel}","templated":true}]}}