{"id":542658,"date":"2025-11-18T14:43:13","date_gmt":"2025-11-18T14:43:13","guid":{"rendered":"https:\/\/www.europesays.com\/fr\/542658\/"},"modified":"2025-11-18T14:43:13","modified_gmt":"2025-11-18T14:43:13","slug":"comment-le-japon-mobilise-lexpertise-mondiale-pour-deminer-lukraine","status":"publish","type":"post","link":"https:\/\/www.europesays.com\/fr\/542658\/","title":{"rendered":"Comment le Japon mobilise l&rsquo;expertise mondiale pour d\u00e9miner l&rsquo;Ukraine"},"content":{"rendered":"<p>\n         Publi\u00e9 le<br \/>\n            18\/11\/2025 &#8211; 15:00 UTC+1\n            <\/p>\n<p>Apr\u00e8s pr\u00e8s de quatre ans de conflit, l&rsquo;Ukraine est le pays le plus fortement contamin\u00e9 par les mines au monde, avec des armes non explos\u00e9es diss\u00e9min\u00e9es sur pr\u00e8s d&rsquo;un quart de son territoire. \u00c0 Tokyo, le gouvernement japonais a organis\u00e9 l\u2019Ukraine Mine Action Conference, coordonnant l&rsquo;aide technique, financi\u00e8re et humanitaire internationale. <\/p>\n<p>Le ministre des Affaires \u00e9trang\u00e8res Motegi Toshimitsu a lanc\u00e9 l&rsquo;Initiative de soutien au d\u00e9minage de l\u2019Ukraine, qualifiant le d\u00e9minage d\u2019\u00ab essentiel pour le redressement et la reconstruction \u00bb. <\/p>\n<p>La soci\u00e9t\u00e9 japonaise Nikken Corporation a fourni des machines de d\u00e9minage, tandis que la JICA forme des officiers ukrainiens au Cambodge en collaboration avec le Centre cambodgien de d\u00e9minage. La soci\u00e9t\u00e9 Obara Kogyo, bas\u00e9e \u00e0 Tokyo, d\u00e9veloppe des proth\u00e8ses pour les victimes, et le fabricant de drones Prodrone teste des d\u00e9tecteurs \u00e9quip\u00e9s d&rsquo;IA. <\/p>\n","protected":false},"excerpt":{"rendered":"Publi\u00e9 le 18\/11\/2025 &#8211; 15:00 UTC+1 Apr\u00e8s pr\u00e8s de quatre ans de conflit, l&rsquo;Ukraine est le pays le&hellip;\n","protected":false},"author":2,"featured_media":542659,"comment_status":"","ping_status":"","sticky":false,"template":"","format":"standard","meta":{"footnotes":""},"categories":[1590],"tags":[11,6376,1777,674,131,2070,12,220],"class_list":{"0":"post-542658","1":"post","2":"type-post","3":"status-publish","4":"format-standard","5":"has-post-thumbnail","7":"category-ukraine","8":"tag-actualites","9":"tag-armes","10":"tag-eu","11":"tag-europe","12":"tag-guerre-en-ukraine","13":"tag-japon","14":"tag-news","15":"tag-ukraine"},"share_on_mastodon":{"url":"https:\/\/pubeurope.com\/@fr\/115571238154264745","error":""},"_links":{"self":[{"href":"https:\/\/www.europesays.com\/fr\/wp-json\/wp\/v2\/posts\/542658","targetHints":{"allow":["GET"]}}],"collection":[{"href":"https:\/\/www.europesays.com\/fr\/wp-json\/wp\/v2\/posts"}],"about":[{"href":"https:\/\/www.europesays.com\/fr\/wp-json\/wp\/v2\/types\/post"}],"author":[{"embeddable":true,"href":"https:\/\/www.europesays.com\/fr\/wp-json\/wp\/v2\/users\/2"}],"replies":[{"embeddable":true,"href":"https:\/\/www.europesays.com\/fr\/wp-json\/wp\/v2\/comments?post=542658"}],"version-history":[{"count":0,"href":"https:\/\/www.europesays.com\/fr\/wp-json\/wp\/v2\/posts\/542658\/revisions"}],"wp:featuredmedia":[{"embeddable":true,"href":"https:\/\/www.europesays.com\/fr\/wp-json\/wp\/v2\/media\/542659"}],"wp:attachment":[{"href":"https:\/\/www.europesays.com\/fr\/wp-json\/wp\/v2\/media?parent=542658"}],"wp:term":[{"taxonomy":"category","embeddable":true,"href":"https:\/\/www.europesays.com\/fr\/wp-json\/wp\/v2\/categories?post=542658"},{"taxonomy":"post_tag","embeddable":true,"href":"https:\/\/www.europesays.com\/fr\/wp-json\/wp\/v2\/tags?post=542658"}],"curies":[{"name":"wp","href":"https:\/\/api.w.org\/{rel}","templated":true}]}}