{"id":542661,"date":"2025-11-18T14:45:20","date_gmt":"2025-11-18T14:45:20","guid":{"rendered":"https:\/\/www.europesays.com\/fr\/542661\/"},"modified":"2025-11-18T14:45:20","modified_gmt":"2025-11-18T14:45:20","slug":"le-royaume-uni-envisage-des-sanctions-liees-a-la-guerre-au-soudan-annonce-la-ministre-des-affaires-etrangeres","status":"publish","type":"post","link":"https:\/\/www.europesays.com\/fr\/542661\/","title":{"rendered":"Le Royaume-Uni envisage des sanctions li\u00e9es \u00e0 la guerre au Soudan, annonce la ministre des Affaires \u00e9trang\u00e8res"},"content":{"rendered":"<p>La ministre britannique des Affaires \u00e9trang\u00e8res, Yvette Cooper, souhaite mettre en place d&rsquo;\u00e9ventuelles sanctions en lien avec les violations et abus des droits humains au Soudan, a-t-elle d\u00e9clar\u00e9 mardi.<\/p>\n<p>\n\u00ab J&rsquo;ai donn\u00e9 instruction \u00e0 mes collaborateurs de proposer des sanctions potentielles concernant les violations et abus des droits humains au Soudan \u00bb, a indiqu\u00e9 Mme Cooper devant les parlementaires, alors que la communaut\u00e9 internationale redouble d&rsquo;efforts pour mettre fin au conflit soudanais.<\/p>\n","protected":false},"excerpt":{"rendered":"La ministre britannique des Affaires \u00e9trang\u00e8res, Yvette Cooper, souhaite mettre en place d&rsquo;\u00e9ventuelles sanctions en lien avec les&hellip;\n","protected":false},"author":2,"featured_media":542662,"comment_status":"","ping_status":"","sticky":false,"template":"","format":"standard","meta":{"footnotes":""},"categories":[1588],"tags":[11,340,1777,674,12,473,1853,1851,1850,1852],"class_list":{"0":"post-542661","1":"post","2":"type-post","3":"status-publish","4":"format-standard","5":"has-post-thumbnail","7":"category-royaume-uni","8":"tag-actualites","9":"tag-bourse","10":"tag-eu","11":"tag-europe","12":"tag-news","13":"tag-royaume-uni","14":"tag-royaume-uni-de-grande-bretagne-et-dirlande-du-nord","15":"tag-uk","16":"tag-united-kingdom","17":"tag-united-kingdom-of-great-britain-and-northern-ireland"},"share_on_mastodon":{"url":"","error":""},"_links":{"self":[{"href":"https:\/\/www.europesays.com\/fr\/wp-json\/wp\/v2\/posts\/542661","targetHints":{"allow":["GET"]}}],"collection":[{"href":"https:\/\/www.europesays.com\/fr\/wp-json\/wp\/v2\/posts"}],"about":[{"href":"https:\/\/www.europesays.com\/fr\/wp-json\/wp\/v2\/types\/post"}],"author":[{"embeddable":true,"href":"https:\/\/www.europesays.com\/fr\/wp-json\/wp\/v2\/users\/2"}],"replies":[{"embeddable":true,"href":"https:\/\/www.europesays.com\/fr\/wp-json\/wp\/v2\/comments?post=542661"}],"version-history":[{"count":0,"href":"https:\/\/www.europesays.com\/fr\/wp-json\/wp\/v2\/posts\/542661\/revisions"}],"wp:featuredmedia":[{"embeddable":true,"href":"https:\/\/www.europesays.com\/fr\/wp-json\/wp\/v2\/media\/542662"}],"wp:attachment":[{"href":"https:\/\/www.europesays.com\/fr\/wp-json\/wp\/v2\/media?parent=542661"}],"wp:term":[{"taxonomy":"category","embeddable":true,"href":"https:\/\/www.europesays.com\/fr\/wp-json\/wp\/v2\/categories?post=542661"},{"taxonomy":"post_tag","embeddable":true,"href":"https:\/\/www.europesays.com\/fr\/wp-json\/wp\/v2\/tags?post=542661"}],"curies":[{"name":"wp","href":"https:\/\/api.w.org\/{rel}","templated":true}]}}