{"id":542663,"date":"2025-11-18T14:46:10","date_gmt":"2025-11-18T14:46:10","guid":{"rendered":"https:\/\/www.europesays.com\/fr\/542663\/"},"modified":"2025-11-18T14:46:10","modified_gmt":"2025-11-18T14:46:10","slug":"une-croissance-de-3-par-an-un-deficit-public-plus-bas-quen-allemagne-mais-lespagne-narrive-pas-a-voter-de-budget","status":"publish","type":"post","link":"https:\/\/www.europesays.com\/fr\/542663\/","title":{"rendered":"Une croissance de 3% par an, un d\u00e9ficit public plus bas qu&rsquo;en Allemagne mais l&rsquo;Espagne n&rsquo;arrive pas \u00e0 voter de budget"},"content":{"rendered":"<p>L&rsquo;\u00e9quipe du Premier ministre socialiste Pedro S\u00e1nchez, qui s&rsquo;appuie sur une alliance fragile au Parlement pour faire adopter des lois, fonctionne encore aujourd&rsquo;hui avec le budget de 2023, car il n&rsquo;a pas r\u00e9ussi \u00e0 obtenir l&rsquo;approbation d&rsquo;un nouveau cadre fiscal depuis.<\/p>\n<p>Le gouvernement espagnol a pr\u00e9sent\u00e9 mardi son cadre budg\u00e9taire pour 2026, faisant un tout petit premier pas vers l&rsquo;adoption d&rsquo;un budget, qui reste toutefois tr\u00e8s hypoth\u00e9tique en raison de son absence de majorit\u00e9 au Parlement, tr\u00e8s divis\u00e9.<\/p>\n<p>L&rsquo;\u00e9quipe du Premier ministre socialiste Pedro S\u00e1nchez, qui s&rsquo;appuie sur une alliance fragile au Parlement pour faire adopter des lois, fonctionne encore aujourd&rsquo;hui avec le budget de 2023, car il n&rsquo;a pas r\u00e9ussi \u00e0 obtenir l&rsquo;approbation d&rsquo;un nouveau cadre fiscal depuis.<\/p>\n<p>La Constitution espagnole permet de reconduire automatiquement les budgets d&rsquo;ann\u00e9e en ann\u00e9e sous certaines conditions en l&rsquo;absence d&rsquo;accord parlementaire.<\/p>\n<p>Malgr\u00e9 cette situation complexe, l&rsquo;ex\u00e9cutif a dit mardi pr\u00e9voir une baisse du d\u00e9ficit public \u00e0 2,1% du PIB en 2026 et une <a href=\"https:\/\/www.bfmtv.com\/economie\/economie-social\/union-europeenne\/elle-fait-l-admiration-de-tous-ses-voisins-europeens-l-espagne-revoit-encore-sa-croissance-a-la-hausse-qui-sera-desormais-2-9-cette-annee_AD-202511170647.html\" title=\"Elle fait l&#039;admiration de tous ses voisins europ\u00e9ens: l&#039;Espagne revoit encore sa croissance \u00e0 la hausse qui sera d\u00e9sormais de 2,9% cette ann\u00e9e\" class=\"internal_link\" rel=\"nofollow noopener\" target=\"_blank\">croissance<\/a> de 2,2%. L&rsquo;ann\u00e9e prochaine, l&rsquo;Espagne devrait avoir <a href=\"https:\/\/www.bfmtv.com\/economie\/international\/impensable-il-y-a-quelques-annees-le-deficit-public-de-l-espagne-va-etre-plus-faible-que-celui-de-l-allemagne-une-premiere-en-20-ans_AV-202511170474.html\" title=\"Impensable il y a quelques ann\u00e9es: le d\u00e9ficit public de l&#039;Espagne va \u00eatre plus faible que celui de l&#039;Allemagne (une premi\u00e8re en 20 ans)\" class=\"internal_link\" rel=\"nofollow noopener\" target=\"_blank\">un d\u00e9ficit public inf\u00e9rieur \u00e0 celui de l&rsquo;Allemagne<\/a>, du jamais vu en 20 ans.<\/p>\n<p>Les d\u00e9penses de l&rsquo;Etat espagnol pourraient, elles, s&rsquo;\u00e9lever en 2026 \u00ab\u00a0\u00e0 212,026 milliards d&rsquo;euros\u00a0\u00bb, soit \u00ab\u00a0une hausse de 8,5%\u00a0\u00bb par rapport \u00e0 celles inscrites dans le budget en vigueur, a annonc\u00e9 la ministre des Finances, Mar\u00eda Jes\u00fas Montero, \u00e0 l&rsquo;issue du conseil des ministres.<\/p>\n<p>Instabilit\u00e9<\/p>\n<p>Elle a fix\u00e9 \u00ab\u00a0l&rsquo;horizon\u00a0\u00bb du \u00ab\u00a0d\u00e9but, milieu du premier trimestre prochain\u00a0\u00bb pour pr\u00e9senter un projet de loi budg\u00e9taire, apr\u00e8s \u00ab\u00a0un dialogue approfondi\u00a0\u00bb avec les autres groupes parlementaires, dans l&rsquo;espoir de r\u00e9unir une majorit\u00e9 pour un vote \u00e9ventuel \u00ab\u00a0en avril ou en mai\u00a0\u00bb&#8230; en pleine ann\u00e9e 2026 d\u00e9j\u00e0 bien entam\u00e9e.<\/p>\n<p>Mi-octobre, Pedro S\u00e1nchez avait affirm\u00e9 vouloir \u00ab\u00a0tout faire pour faire approuver\u00a0\u00bb un nouveau budget, tout en assurant que la l\u00e9gislature \u00ab\u00a0se poursuivra(it) jusqu&rsquo;en 2027\u00a0\u00bb en cas d&rsquo;\u00e9chec.<\/p>\n<p>Depuis ses propos, la configuration parlementaire s&rsquo;est encore compliqu\u00e9e pour l&rsquo;ex\u00e9cutif car les ind\u00e9pendantistes catalans de Junts, conduits par leur leader en exil Carles Puigdemont, ont annonc\u00e9 fin octobre passer dans l&rsquo;opposition, mena\u00e7ant le gouvernement de gauche d&rsquo;une instabilit\u00e9 accrue.<\/p>\n<p>Dans les faits, l&rsquo;absence de nouveau budget depuis 2023 laisse peu de marge de manoeuvre au pouvoir central \u00e0 Madrid pour lancer de nouvelles initiatives et des programmes sociaux dans la quatri\u00e8me \u00e9conomie de la zone euro.<\/p>\n<p>Malgr\u00e9 cela, l&rsquo;activit\u00e9 \u00e9conomique espagnole a cr\u00fb de 3,5% en 2024 et le gouvernement a revu \u00e0 la hausse sa pr\u00e9vision de croissance du PIB \u00e0 2,9% <a href=\"https:\/\/www.bfmtv.com\/economie\/economie-social\/union-europeenne\/elle-fait-l-admiration-de-tous-ses-voisins-europeens-l-espagne-revoit-encore-sa-croissance-a-la-hausse-qui-sera-desormais-2-9-cette-annee_AD-202511170647.html\" title=\"Elle fait l&#039;admiration de tous ses voisins europ\u00e9ens: l&#039;Espagne revoit encore sa croissance \u00e0 la hausse qui sera d\u00e9sormais de 2,9% cette ann\u00e9e\" class=\"internal_link\" rel=\"nofollow noopener\" target=\"_blank\">pour 2025<\/a>, l&rsquo;activit\u00e9 restant port\u00e9e par des exportations dynamiques, la consommation et le tourisme, en faisant l&rsquo;une des \u00e9conomies occidentales \u00e0 la croissance la plus rapide au monde.<\/p>\n","protected":false},"excerpt":{"rendered":"L&rsquo;\u00e9quipe du Premier ministre socialiste Pedro S\u00e1nchez, qui s&rsquo;appuie sur une alliance fragile au Parlement pour faire adopter&hellip;\n","protected":false},"author":2,"featured_media":542664,"comment_status":"","ping_status":"","sticky":false,"template":"","format":"standard","meta":{"footnotes":""},"categories":[1587],"tags":[11,672,1804,1805,1803,1777,674,1801,12,1802],"class_list":{"0":"post-542663","1":"post","2":"type-post","3":"status-publish","4":"format-standard","5":"has-post-thumbnail","7":"category-allemagne","8":"tag-actualites","9":"tag-allemagne","10":"tag-bundesrepublik-deutschland","11":"tag-de","12":"tag-deutschland","13":"tag-eu","14":"tag-europe","15":"tag-germany","16":"tag-news","17":"tag-republique-federale-dallemagne"},"share_on_mastodon":{"url":"https:\/\/pubeurope.com\/@fr\/115571247351986042","error":""},"_links":{"self":[{"href":"https:\/\/www.europesays.com\/fr\/wp-json\/wp\/v2\/posts\/542663","targetHints":{"allow":["GET"]}}],"collection":[{"href":"https:\/\/www.europesays.com\/fr\/wp-json\/wp\/v2\/posts"}],"about":[{"href":"https:\/\/www.europesays.com\/fr\/wp-json\/wp\/v2\/types\/post"}],"author":[{"embeddable":true,"href":"https:\/\/www.europesays.com\/fr\/wp-json\/wp\/v2\/users\/2"}],"replies":[{"embeddable":true,"href":"https:\/\/www.europesays.com\/fr\/wp-json\/wp\/v2\/comments?post=542663"}],"version-history":[{"count":0,"href":"https:\/\/www.europesays.com\/fr\/wp-json\/wp\/v2\/posts\/542663\/revisions"}],"wp:featuredmedia":[{"embeddable":true,"href":"https:\/\/www.europesays.com\/fr\/wp-json\/wp\/v2\/media\/542664"}],"wp:attachment":[{"href":"https:\/\/www.europesays.com\/fr\/wp-json\/wp\/v2\/media?parent=542663"}],"wp:term":[{"taxonomy":"category","embeddable":true,"href":"https:\/\/www.europesays.com\/fr\/wp-json\/wp\/v2\/categories?post=542663"},{"taxonomy":"post_tag","embeddable":true,"href":"https:\/\/www.europesays.com\/fr\/wp-json\/wp\/v2\/tags?post=542663"}],"curies":[{"name":"wp","href":"https:\/\/api.w.org\/{rel}","templated":true}]}}