{"id":542667,"date":"2025-11-18T14:48:12","date_gmt":"2025-11-18T14:48:12","guid":{"rendered":"https:\/\/www.europesays.com\/fr\/542667\/"},"modified":"2025-11-18T14:48:12","modified_gmt":"2025-11-18T14:48:12","slug":"le-commissaire-europeen-denonce-les-tentatives-de-relance-de-la-super-league-de-football","status":"publish","type":"post","link":"https:\/\/www.europesays.com\/fr\/542667\/","title":{"rendered":"Le commissaire europ\u00e9en d\u00e9nonce les tentatives de relance de la Super League de football"},"content":{"rendered":"<p>Une fois de plus, Bruxelles a exprim\u00e9 sa vive opposition aux tentatives de relance d&rsquo;une Super League europ\u00e9enne. <\/p>\n<p>\u00ab La Super League \u00e9tait, est et restera une erreur. C\u2019est une mauvaise id\u00e9e \u00bb, a d\u00e9clar\u00e9 Glenn Micallef, commissaire europ\u00e9en charg\u00e9 de la culture et du sport, lors d&rsquo;un entretien exclusif accord\u00e9 \u00e0 Euronews. <\/p>\n<p>La Super League a \u00e9t\u00e9 imagin\u00e9e par plusieurs grands clubs d&rsquo;Angleterre, d&rsquo;Espagne et d&rsquo;Italie, qui souhaitaient cr\u00e9er leur propre comp\u00e9tition et s&rsquo;affranchir de l&rsquo;UEFA, l&rsquo;instance dirigeante du football professionnel en Europe. <\/p>\n<p>L&rsquo;id\u00e9e \u00e9tait de cr\u00e9er une comp\u00e9tition r\u00e9serv\u00e9e aux clubs les plus riches, permettant ainsi aux clubs participants de gagner plus d&rsquo;argent, comme aux \u00c9tats-Unis. <\/p>\n<p>\u00ab L&rsquo;Europe croit \u00e0 la comp\u00e9tition ouverte \u00bb, a d\u00e9clar\u00e9 Glenn Micallef. \u00ab Cela permet de soutenir les championnats nationaux d&rsquo;Europe afin qu&rsquo;ils restent durables. \u00bb <\/p>\n<p>L&rsquo;annonce initiale de la Super League europ\u00e9enne en 2021 avait suscit\u00e9 une vive opposition de la part des supporters, des joueurs, des dirigeants et des clubs de football. <\/p>\n<p>Elle s&rsquo;est \u00e9galement heurt\u00e9e \u00e0 l&rsquo;opposition de l&rsquo;UEFA, de la FIFA &#8211; l&rsquo;instance dirigeante du football mondial &#8211; et de certains gouvernements nationaux. Les d\u00e9tracteurs de cette ligue ont exprim\u00e9 des inqui\u00e9tudes quant \u00e0 l&rsquo;exclusivit\u00e9 potentielle et \u00e0 la r\u00e9duction de la comp\u00e9titivit\u00e9. <\/p>\n<p>Mais une s\u00e9rie de d\u00e9cisions de justice, dont la derni\u00e8re date d&rsquo;octobre, a interdit \u00e0 l&rsquo;UEFA &#8211; ou \u00e0 quiconque &#8211; d&rsquo;\u00e9touffer la ligue. Une telle interdiction pourrait enfreindre certaines r\u00e8gles de concurrence de l&rsquo;UE. <\/p>\n<p>Ces d\u00e9cisions ont redonn\u00e9 de l&rsquo;espoir aux partisans de la ligue, qui continuent d&rsquo;essayer d&rsquo;organiser une comp\u00e9tition s\u00e9par\u00e9e. <\/p>\n<p>Pourtant, le commissaire au sport ne se laisse pas abattre. \u00ab Ce n&rsquo;est pas un secret, le football europ\u00e9en (&#8230;) est confront\u00e9 \u00e0 des d\u00e9fis en mati\u00e8re de durabilit\u00e9. Diff\u00e9rents facteurs y contribuent, notamment des calendriers de matchs charg\u00e9s et des pressions au niveau financier. \u00bb <\/p>\n<p>Selon Glenn Micallef, il faudrait que toutes les parties prenantes s&rsquo;assoient ensemble pour trouver des solutions. <\/p>\n<p>\u00ab Ces derniers jours, j&rsquo;ai \u00e9t\u00e9 choqu\u00e9 de voir des discussions sur le bien-\u00eatre des athl\u00e8tes se tenir sans les syndicats qui repr\u00e9sentent les athl\u00e8tes autour de la table. Ce sont des discussions que nous devons avoir dans un environnement inclusif en pr\u00e9sence de toutes les parties prenantes. \u00bb <\/p>\n<p>Les probl\u00e8mes croissants de sant\u00e9 mentale et physique<\/p>\n<p>Glenn Micallef a \u00e9galement abord\u00e9 la situation \u00ab alarmante \u00bb de la sant\u00e9 mentale dans l&rsquo;Union europ\u00e9enne. <\/p>\n<p>Selon l&rsquo;Organisation mondiale de la sant\u00e9 (OMS), environ un jeune sur cinq (20 %) dans l&rsquo;UE souffre d&rsquo;anxi\u00e9t\u00e9, de d\u00e9pression ou d&rsquo;une autre forme de trouble. <\/p>\n<p>Le commissaire a attribu\u00e9 ces probl\u00e8mes mentaux \u00e0 une mauvaise qualit\u00e9 de vie, et selon lui, un meilleur acc\u00e8s \u00e0 la culture pourrait y rem\u00e9dier. <\/p>\n<p>Il consid\u00e8re l&rsquo;am\u00e9lioration de l&rsquo;offre culturelle pour les jeunes comme une alternative saine au temps excessif pass\u00e9 devant les \u00e9crans, \u00ab qui, \u00e0 mon avis, est en lien direct avec les probl\u00e8mes de sant\u00e9 mentale que nous observons, sans parler des effets psychologiques, physiques et \u00e9motionnels n\u00e9gatifs qu\u2019il exerce sur les jeunes g\u00e9n\u00e9rations \u00bb, a d\u00e9clar\u00e9 Glenn Micallef. <\/p>\n<p>En outre, Glenn Micallef a mis en garde contre le probl\u00e8me croissant de l&rsquo;ob\u00e9sit\u00e9, qui est pour lui une \u00ab \u00e9pid\u00e9mie \u00bb. <\/p>\n<p>\u00ab Dans nos populations, presque la moiti\u00e9 de nos citoyens ne pratique aucune activit\u00e9 physique, ne serait-ce qu&rsquo;une heure par semaine \u00bb, a-t-il d\u00e9clar\u00e9. <\/p>\n<p>\u00ab C&rsquo;est en lien avec le probl\u00e8me tr\u00e8s s\u00e9rieux des maladies non transmissibles : probl\u00e8mes cardiovasculaires, diab\u00e8te, et d\u00e9penses de sant\u00e9 en hausse. \u00bb <\/p>\n<p>Il a ajout\u00e9 qu&rsquo;en ce sens, le sport pouvait \u00eatre une \u00ab m\u00e9decine gratuite \u00bb. <\/p>\n<p>Le tout premier cadre strat\u00e9gique de l&rsquo;UE sur la culture<\/p>\n<p>En outre, Glenn Micallef, dont le portefeuille comprend \u00e9galement la culture, a parl\u00e9 de la Boussole culturelle europ\u00e9enne, un nouveau cadre gr\u00e2ce auquel l&rsquo;UE adoptera pour la premi\u00e8re fois une approche int\u00e9gr\u00e9e de la culture. <\/p>\n<p>D\u00e9velopp\u00e9 par Glenn Micallef et adopt\u00e9 par la Commission mercredi, il s&rsquo;agit d&rsquo;un m\u00e9canisme juridiquement non contraignant qui fournit une \u00ab vision \u00e0 long terme de ce que nous voulons r\u00e9aliser dans le secteur culturel \u00bb, a d\u00e9clar\u00e9 Glenn Micallef. <\/p>\n<p>L&rsquo;un des engagements pris pour la Boussole est la publication p\u00e9riodique d&rsquo;un \u00ab Rapport sur la situation de la culture dans l&rsquo;UE \u00bb afin de renforcer la libert\u00e9 artistique. <\/p>\n<p>Elle pr\u00e9sente \u00e9galement des propositions visant \u00e0 am\u00e9liorer les conditions de travail des quelque 8 millions de personnes employ\u00e9es par des entreprises culturelles et cr\u00e9atives dans l&rsquo;UE, soit environ 4 % de la population active de l&rsquo;UE. <\/p>\n<p>\u00ab La moiti\u00e9 des personnes qui travaillent dans ce secteur d\u00e9clarent que leurs conditions de travail sont mauvaises. Si nous n\u2019agissons pas, il sera tr\u00e8s difficile pour le secteur culturel d&rsquo;attirer et de retenir les talents \u00bb, explique le commissaire europ\u00e9en. <\/p>\n<p>La Boussole culturelle devrait \u00eatre approuv\u00e9e par les trois institutions de l&rsquo;UE en 2026. <\/p>\n","protected":false},"excerpt":{"rendered":"Une fois de plus, Bruxelles a exprim\u00e9 sa vive opposition aux tentatives de relance d&rsquo;une Super League europ\u00e9enne.&hellip;\n","protected":false},"author":2,"featured_media":542668,"comment_status":"","ping_status":"","sticky":false,"template":"","format":"standard","meta":{"footnotes":""},"categories":[1586],"tags":[11,2196,251,1777,674,1779,63,1011,27,12,17749,25,517,1778,364],"class_list":{"0":"post-542667","1":"post","2":"type-post","3":"status-publish","4":"format-standard","5":"has-post-thumbnail","7":"category-europe","8":"tag-actualites","9":"tag-commission-europeenne","10":"tag-culture","11":"tag-eu","12":"tag-europe","13":"tag-european-union","14":"tag-football","15":"tag-fr","16":"tag-france","17":"tag-news","18":"tag-politique-europeenne","19":"tag-republique-francaise","20":"tag-sport","21":"tag-ue","22":"tag-union-europeenne"},"share_on_mastodon":{"url":"https:\/\/pubeurope.com\/@fr\/115571255213461262","error":""},"_links":{"self":[{"href":"https:\/\/www.europesays.com\/fr\/wp-json\/wp\/v2\/posts\/542667","targetHints":{"allow":["GET"]}}],"collection":[{"href":"https:\/\/www.europesays.com\/fr\/wp-json\/wp\/v2\/posts"}],"about":[{"href":"https:\/\/www.europesays.com\/fr\/wp-json\/wp\/v2\/types\/post"}],"author":[{"embeddable":true,"href":"https:\/\/www.europesays.com\/fr\/wp-json\/wp\/v2\/users\/2"}],"replies":[{"embeddable":true,"href":"https:\/\/www.europesays.com\/fr\/wp-json\/wp\/v2\/comments?post=542667"}],"version-history":[{"count":0,"href":"https:\/\/www.europesays.com\/fr\/wp-json\/wp\/v2\/posts\/542667\/revisions"}],"wp:featuredmedia":[{"embeddable":true,"href":"https:\/\/www.europesays.com\/fr\/wp-json\/wp\/v2\/media\/542668"}],"wp:attachment":[{"href":"https:\/\/www.europesays.com\/fr\/wp-json\/wp\/v2\/media?parent=542667"}],"wp:term":[{"taxonomy":"category","embeddable":true,"href":"https:\/\/www.europesays.com\/fr\/wp-json\/wp\/v2\/categories?post=542667"},{"taxonomy":"post_tag","embeddable":true,"href":"https:\/\/www.europesays.com\/fr\/wp-json\/wp\/v2\/tags?post=542667"}],"curies":[{"name":"wp","href":"https:\/\/api.w.org\/{rel}","templated":true}]}}