{"id":542671,"date":"2025-11-18T14:50:17","date_gmt":"2025-11-18T14:50:17","guid":{"rendered":"https:\/\/www.europesays.com\/fr\/542671\/"},"modified":"2025-11-18T14:50:17","modified_gmt":"2025-11-18T14:50:17","slug":"le-raccourci-de-jordan-bardella","status":"publish","type":"post","link":"https:\/\/www.europesays.com\/fr\/542671\/","title":{"rendered":"Le raccourci de Jordan Bardella"},"content":{"rendered":"<p>L\u2019accusation n\u2019est pas nouvelle. Jordan Bardella, le pr\u00e9sident du <a href=\"https:\/\/www.20minutes.fr\/justice\/4184939-20251111-marine-pen-conseil-etat-valide-demission-office-poste-conseillere-departementale\" class=\"c-link c-link--is-underlined\" rel=\"nofollow noopener\" target=\"_blank\">Rassemblement national (RN)<\/a>, l\u2019a remise en lumi\u00e8re dimanche 16\u00a0novembre sur le plateau de l\u2019\u00e9mission Dimanche en politique. Alors que le journaliste Francis Letellier lui rappelait des propos d\u2019Elisabeth Borne, qui avait il y a deux ans <a href=\"https:\/\/www.20minutes.fr\/politique\/4039129-20230531-petain-recadrage-critiques-retour-polemique-autour-rn\" class=\"c-link c-link--is-underlined\" rel=\"nofollow noopener\" target=\"_blank\">qualifi\u00e9 le RN \u00ab\u00a0d\u2019h\u00e9ritier de P\u00e9tain\u00a0\u00bb<\/a>, Jordan Bardella a r\u00e9pliqu\u00e9 en visant le parti socialiste, dont Elisabeth Borne \u00e9tait proche avant de rejoindre Emmanuel Macron.<\/p>\n<p>\u00ab\u00a0Le parti socialiste est la chambre parlementaire qui a vot\u00e9 les pleins pouvoirs au mar\u00e9chal P\u00e9tain en\u00a01940\u00a0\u00bb, a-t-il lanc\u00e9, alors qu\u2019une pol\u00e9mique est n\u00e9e ce week-end apr\u00e8s la tenue d\u2019une messe en hommage \u00e0 Philippe P\u00e9tain samedi \u00e0 Verdun. Interrog\u00e9 \u00e0 ce sujet, <a href=\"https:\/\/www.20minutes.fr\/politique\/4184553-20251109-jordan-barella-creux-connait-rien-vie-xavier-bertrand-decoupe-president-rn\" class=\"c-link c-link--is-underlined\" rel=\"nofollow noopener\" target=\"_blank\">Jordan Bardella<\/a> a condamn\u00e9 les propos \u00ab\u00a0naus\u00e9abonds\u00a0\u00bb <a href=\"https:\/\/www.20minutes.fr\/justice\/4186040-20251117-messe-petain-verdun-enquete-ouverte-contestation-crime-contre-humanite\" class=\"c-link c-link--is-underlined\" rel=\"nofollow noopener\" target=\"_blank\">tenus \u00e0 la sortie de la c\u00e9r\u00e9monie religieuse<\/a> par le pr\u00e9sident de l\u2019association pour d\u00e9fendre la m\u00e9moire du mar\u00e9chal P\u00e9tain.<\/p>\n<\/p>\n<p>En\u00a01940, le Front populaire n\u2019existe plus<\/p>\n<p>Effectuons un retour en arri\u00e8re avec l\u2019historien Laurent Jolly, sp\u00e9cialiste de la p\u00e9riode et qui a dirig\u00e9 le livre Vichy. Histoire d\u2019une dictature, 1940-1944, paru en octobre aux \u00e9ditions Tallandier. Apr\u00e8s la d\u00e9route de l\u2019arm\u00e9e fran\u00e7aise, d\u00e9put\u00e9s et s\u00e9nateurs se retrouvent les 9 et 10\u00a0juillet 1940 \u00e0 Vichy. L\u2019assembl\u00e9e est compos\u00e9e en majorit\u00e9 d\u2019\u00e9lus de gauche, un h\u00e9ritage de\u00a01936.<\/p>\n<p>Toutefois, la Chambre, qui r\u00e9unit d\u00e9put\u00e9s et s\u00e9nateurs, n\u2019est plus celle du Front populaire. Celui-ci, qui se composait de la SFIO &#8211; l\u2019anc\u00eatre du parti socialiste actuel \u2013, des radicaux et des communistes, a vol\u00e9 en \u00e9clat. \u00ab\u00a0Le Front populaire n\u2019existe plus depuis\u00a01938, rappelle Laurent Jolly. Avec l\u2019av\u00e8nement du radical-socialiste \u00c9douard Daladier, la France se dote d\u2019un gouvernement centriste et tr\u00e8s vite de centre-droit.\u00a0\u00bb Quant aux \u00e9lus communistes, \u00ab\u00a0la tr\u00e8s grande majorit\u00e9 en avaient \u00e9t\u00e9 exclus apr\u00e8s le pacte germano-sovi\u00e9tique [du 23\u00a0ao\u00fbt 1939]\u00a0\u00bb, souligne l\u2019historien.<\/p>\n<p>Pr\u00e8s de 30\u00a0% des socialistes et des radicaux-socialistes s\u2019y opposent<\/p>\n<p>Si l\u2019on <a href=\"https:\/\/mjp.univ-perp.fr\/france\/scrutin1940.htm\" target=\"_blank\" class=\"c-link c-link--is-underlined\" rel=\"nofollow noopener\">se penche sur le vote des \u00e9lus<\/a>, Laurent Jolly note que ce sont \u00ab\u00a0les parlementaires socialistes et dans une moindre mesure les radicaux-socialistes qui ont le mieux r\u00e9sist\u00e9 au projet consistant \u00e0 remettre les pleins pouvoirs constituants au mar\u00e9chal P\u00e9tain\u00a0\u00bb. Pr\u00e8s de 30\u00a0% d\u2019entre eux refusent de voter ces pleins pouvoirs.<\/p>\n<p>Pourquoi ce choix dans une France exsangue\u00a0? \u00ab\u00a0Que dans l\u2019effondrement g\u00e9n\u00e9ral, la gauche ait un peu mieux r\u00e9sist\u00e9 n\u2019est pas un titre de gloire, d\u00e9veloppe Laurent Jolly. C\u2019est m\u00eame assez logique. La plupart ont flanch\u00e9. Mais pr\u00e8s de 30\u00a0% des parlementaires socialistes pr\u00e9sents, souvent proches de L\u00e9on Blum, ont vot\u00e9 contre le projet tout simplement parce qu\u2019ils \u00e9taient attach\u00e9s \u00e0 la d\u00e9mocratie et \u00e0 la R\u00e9publique et qu\u2019ils ont eu le courage de l\u2019affirmer malgr\u00e9 le climat incroyablement tendu et mena\u00e7ant des votes des 9 et 10\u00a0juillet 1940. Ils craignaient aussi &#8211; le mot \u00e9tait formul\u00e9 tel quel &#8211; l\u2019av\u00e8nement de la dictature.\u00a0\u00bb<\/p>\n<p>A droite, un seul vote contre<\/p>\n<p>En revanche, parmi les deux principaux groupes de la droite parlementaire, qui \u00e9taient la F\u00e9d\u00e9ration r\u00e9publicaine et les r\u00e9publicains ind\u00e9pendants, un seul d\u00e9put\u00e9 a vot\u00e9 contre. Celui-ci \u00e9tait le grand-p\u00e8re de l\u2019actuel d\u00e9put\u00e9 Charles de\u00a0Courson. Il<a href=\"https:\/\/www.facebook.com\/watch\/?v=10154042157456336\" target=\"_blank\" class=\"c-link c-link--is-underlined\" rel=\"nofollow noopener\"> mourut en d\u00e9portation<\/a>.<\/p>\n<p>\u00ab\u00a0La droite a en effet vot\u00e9 quasiment comme un seul homme pour le mar\u00e9chal P\u00e9tain parce que ce dernier \u00e9tait proche des milieux conservateurs et que le projet de nouveau r\u00e9gime qui se dessinait se situait \u00e0 droite et \u00e0 l\u2019extr\u00eame droite, analyse Laurent Jolly. Pour la droite, c\u2019\u00e9tait l\u2019heure de la grande revanche sur 1936, le Front populaire et L\u00e9on Blum.\u00a0\u00bb Une division qui agite encore la classe politique fran\u00e7aise.<\/p>\n","protected":false},"excerpt":{"rendered":"L\u2019accusation n\u2019est pas nouvelle. Jordan Bardella, le pr\u00e9sident du Rassemblement national (RN), l\u2019a remise en lumi\u00e8re dimanche 16\u00a0novembre&hellip;\n","protected":false},"author":2,"featured_media":542672,"comment_status":"","ping_status":"","sticky":false,"template":"","format":"standard","meta":{"footnotes":""},"categories":[2],"tags":[47,11,841,840,1011,27,1077,12,4484,316,2556,25,935],"class_list":{"0":"post-542671","1":"post","2":"type-post","3":"status-publish","4":"format-standard","5":"has-post-thumbnail","7":"category-actualites","8":"tag-actualite","9":"tag-actualites","10":"tag-fact-checking-fake-off","11":"tag-fake-off","12":"tag-fr","13":"tag-france","14":"tag-jordan-bardella","15":"tag-news","16":"tag-parti-socialiste-ps","17":"tag-politique","18":"tag-rassemblement-national-rn","19":"tag-republique-francaise","20":"tag-seconde-guerre-mondiale"},"share_on_mastodon":{"url":"https:\/\/pubeurope.com\/@fr\/115571263114764586","error":""},"_links":{"self":[{"href":"https:\/\/www.europesays.com\/fr\/wp-json\/wp\/v2\/posts\/542671","targetHints":{"allow":["GET"]}}],"collection":[{"href":"https:\/\/www.europesays.com\/fr\/wp-json\/wp\/v2\/posts"}],"about":[{"href":"https:\/\/www.europesays.com\/fr\/wp-json\/wp\/v2\/types\/post"}],"author":[{"embeddable":true,"href":"https:\/\/www.europesays.com\/fr\/wp-json\/wp\/v2\/users\/2"}],"replies":[{"embeddable":true,"href":"https:\/\/www.europesays.com\/fr\/wp-json\/wp\/v2\/comments?post=542671"}],"version-history":[{"count":0,"href":"https:\/\/www.europesays.com\/fr\/wp-json\/wp\/v2\/posts\/542671\/revisions"}],"wp:featuredmedia":[{"embeddable":true,"href":"https:\/\/www.europesays.com\/fr\/wp-json\/wp\/v2\/media\/542672"}],"wp:attachment":[{"href":"https:\/\/www.europesays.com\/fr\/wp-json\/wp\/v2\/media?parent=542671"}],"wp:term":[{"taxonomy":"category","embeddable":true,"href":"https:\/\/www.europesays.com\/fr\/wp-json\/wp\/v2\/categories?post=542671"},{"taxonomy":"post_tag","embeddable":true,"href":"https:\/\/www.europesays.com\/fr\/wp-json\/wp\/v2\/tags?post=542671"}],"curies":[{"name":"wp","href":"https:\/\/api.w.org\/{rel}","templated":true}]}}