{"id":542673,"date":"2025-11-18T14:51:18","date_gmt":"2025-11-18T14:51:18","guid":{"rendered":"https:\/\/www.europesays.com\/fr\/542673\/"},"modified":"2025-11-18T14:51:18","modified_gmt":"2025-11-18T14:51:18","slug":"lecrivain-boualem-sansal-de-retour-en-france-aussitot-recu-par-macron-actualites","status":"publish","type":"post","link":"https:\/\/www.europesays.com\/fr\/542673\/","title":{"rendered":"L&rsquo;\u00e9crivain Boualem Sansal de retour en France, aussit\u00f4t re\u00e7u par Macron : Actualit\u00e9s"},"content":{"rendered":"<p class=\"lead \">Boualem Sansal de retour en France : l&rsquo;\u00e9crivain franco-alg\u00e9rien, qui se trouvait en Allemagne depuis sa lib\u00e9ration de prison en Alg\u00e9rie mercredi, a atterri sur le sol fran\u00e7ais mardi et a aussit\u00f4t \u00e9t\u00e9 re\u00e7u par Emmanuel Macron. <\/p>\n<p class=\"lead \">Le pr\u00e9sident fran\u00e7ais se \u00ab\u00a0r\u00e9jouit profond\u00e9ment de la lib\u00e9ration\u00a0\u00bb de ce \u00ab\u00a0grand \u00e9crivain dont la dignit\u00e9, la force morale et le courage ont \u00e9t\u00e9 exemplaires\u00a0\u00bb, indique un communiqu\u00e9 de l&rsquo;\u00c9lys\u00e9e, o\u00f9 l&rsquo;\u00e9crivain et son \u00e9pouse ont \u00e9t\u00e9 re\u00e7us.<\/p>\n<p class=\"lead \">Sa lib\u00e9ration, \u00ab\u00a0un moment d&rsquo;\u00e9motion et de joie\u00a0\u00bb, a \u00e9t\u00e9 \u00ab\u00a0rendue possible par une m\u00e9thode faite de respect, de calme et d&rsquo;exigence\u00a0\u00bb, souligne la pr\u00e9sidence.<\/p>\n<p class=\"lead \">Le Comit\u00e9 de soutien international \u00e0 Boualem Sansal avait annonc\u00e9 \u00e0 la mi-journ\u00e9e le retour en France de son \u00ab\u00a0ami et compatriote\u00a0\u00bb.<\/p>\n<p class=\"lead \">Incarc\u00e9r\u00e9 en Alg\u00e9rie pendant un an pour certaines prises de position sur son pays natal, Boualem Sansal, 81 ans, avait retrouv\u00e9 la libert\u00e9 mercredi apr\u00e8s avoir \u00e9t\u00e9 graci\u00e9 par le pr\u00e9sident alg\u00e9rien Abdelmadjid Tebboune, qui avait r\u00e9pondu favorablement \u00e0 une demande des autorit\u00e9s allemandes. <\/p>\n<p class=\"lead \">L&rsquo;\u00e9crivain, qui se trouvait au c\u0153ur d&rsquo;une crise diplomatique entre Alger et Paris, avait alors \u00e9t\u00e9 transf\u00e9r\u00e9 \u00e0 Berlin pour des soins m\u00e9dicaux et r\u00e9sidait \u00e0 la r\u00e9sidence de l&rsquo;ambassadeur fran\u00e7ais en Allemagne. <\/p>\n<p class=\"lead \">Son retour \u00e9tait, depuis, guett\u00e9 en France o\u00f9 un comit\u00e9 de soutien r\u00e9clamait depuis plusieurs mois sa lib\u00e9ration. <\/p>\n<p class=\"lead \">En Alg\u00e9rie, Boualem Sansal purgeait une peine de cinq ans de prison notamment pour \u00ab\u00a0atteinte \u00e0 l&rsquo;unit\u00e9 nationale\u00a0\u00bb.  <\/p>\n<p class=\"lead \">\u00c9crivain dissident admirateur de Camus et Orwell, pol\u00e9miste r\u00e9v\u00e9r\u00e9 par les droites fran\u00e7aises, le romancier avait \u00e9t\u00e9 condamn\u00e9 pour avoir notamment d\u00e9clar\u00e9 en octobre 2024 au m\u00e9dia fran\u00e7ais d&rsquo;extr\u00eame droite Fronti\u00e8res que l&rsquo;Alg\u00e9rie avait h\u00e9rit\u00e9 sous la colonisation fran\u00e7aise de r\u00e9gions appartenant pr\u00e9c\u00e9demment, selon lui, au Maroc.<\/p>\n<p class=\"lead \">&#8211; \u00ab\u00a0Salut fraternel\u00a0\u00bb &#8211;<\/p>\n<p class=\"lead \">Cet ancien haut fonctionnaire en Alg\u00e9rie avait \u00e9t\u00e9 arr\u00eat\u00e9 le 16 novembre 2024 \u00e0 son arriv\u00e9e \u00e0 l&rsquo;a\u00e9roport d&rsquo;Alger avant d&rsquo;\u00eatre emprisonn\u00e9, aggravant le froid diplomatique entre la France et son ancienne colonie. <\/p>\n<p class=\"lead \">\u00ab\u00a0Nous envoyons un salut fraternel \u00e0 Boualem Sansal, ainsi qu&rsquo;\u00e0 sa famille qui a travers\u00e9 avec dignit\u00e9 et courage cette \u00e9preuve longue, injuste et douloureuse\u00a0\u00bb, indique son comit\u00e9 de soutien dans son communiqu\u00e9. <\/p>\n<p class=\"lead \">En France, chacun va d\u00e9sormais guetter les d\u00e9clarations de cet \u00e9crivain franc-tireur, ath\u00e9e revendiqu\u00e9, adversaire acharn\u00e9 des jihadistes et critique f\u00e9roce du pouvoir \u00e0 Alger o\u00f9 son \u0153uvre est m\u00e9connue. <\/p>\n<p class=\"lead \">Un de ses romans, \u00ab\u00a0Le Village de l&rsquo;Allemand\u00a0\u00bb, avait \u00e9t\u00e9 censur\u00e9 en Alg\u00e9rie car il dressait un parall\u00e8le entre islamisme et nazisme.<\/p>\n<p class=\"lead \">&#8211; Soutien \u00e0 Christophe Gleizes &#8211;<\/p>\n<p class=\"lead \">Peu apr\u00e8s sa lib\u00e9ration, Boualem Sansal avait indiqu\u00e9 \u00e0 son compatriote Kamel Daoud, prix Goncourt 2024, qu&rsquo;il esp\u00e9rait que les relations entre la France et l&rsquo;Alg\u00e9rie allaient \u00ab\u00a0\u00e9voluer\u00a0\u00bb.<\/p>\n<p class=\"lead \">\u00ab\u00a0Il appartiendra d\u00e9sormais \u00e0 l&rsquo;\u00e9crivain de choisir le moment et les formats dans lesquels il souhaitera s&rsquo;exprimer\u00a0\u00bb, estime son comit\u00e9 de soutien mardi, appelant de nouveau \u00e0 la \u00ab\u00a0lib\u00e9ration imm\u00e9diate\u00a0\u00bb du journaliste sportif fran\u00e7ais Christophe Gleizes, d\u00e9tenu en Alg\u00e9rie o\u00f9 il doit \u00eatre jug\u00e9 en appel d\u00e9but d\u00e9cembre notamment pour \u00ab\u00a0apologie du terrorisme\u00a0\u00bb.<\/p>\n<p class=\"lead \">\u00ab\u00a0Nous pensons aussi \u00e0 notre compatriote Christophe Gleizes, dont nous souhaitons ardemment la lib\u00e9ration. Nous y travaillons\u00a0\u00bb, a indiqu\u00e9 l&rsquo;\u00c9lys\u00e9e dans son communiqu\u00e9.<\/p>\n<p class=\"lead \">Dans une tribune publi\u00e9e lundi, la famille de Christophe Gleizes a form\u00e9 l&rsquo;espoir que la gr\u00e2ce accord\u00e9e \u00e0 Boualem Sansal scelle un \u00ab\u00a0apaisement des relations entre la France et l&rsquo;Alg\u00e9rie\u00a0\u00bb qui pourrait conduire \u00ab\u00a0\u00e0 une issue favorable\u00a0\u00bb pour le journaliste.<\/p>\n<p class=\"small font-weight-bold text-gray3 \"> publi\u00e9 le 18 novembre \u00e0 15h32, AFP<\/p>\n<p>                             Partager<\/p>\n","protected":false},"excerpt":{"rendered":"Boualem Sansal de retour en France : l&rsquo;\u00e9crivain franco-alg\u00e9rien, qui se trouvait en Allemagne depuis sa lib\u00e9ration de&hellip;\n","protected":false},"author":2,"featured_media":542674,"comment_status":"","ping_status":"","sticky":false,"template":"","format":"standard","meta":{"footnotes":""},"categories":[4],"tags":[11,9143,672,312,1011,27,418,310,9555,12,316,25],"class_list":{"0":"post-542673","1":"post","2":"type-post","3":"status-publish","4":"format-standard","5":"has-post-thumbnail","7":"category-france","8":"tag-actualites","9":"tag-algrie","10":"tag-allemagne","11":"tag-diplomatie","12":"tag-fr","13":"tag-france","14":"tag-gouvernement","15":"tag-internet","16":"tag-mdias","17":"tag-news","18":"tag-politique","19":"tag-republique-francaise"},"share_on_mastodon":{"url":"https:\/\/pubeurope.com\/@fr\/115571266883490935","error":""},"_links":{"self":[{"href":"https:\/\/www.europesays.com\/fr\/wp-json\/wp\/v2\/posts\/542673","targetHints":{"allow":["GET"]}}],"collection":[{"href":"https:\/\/www.europesays.com\/fr\/wp-json\/wp\/v2\/posts"}],"about":[{"href":"https:\/\/www.europesays.com\/fr\/wp-json\/wp\/v2\/types\/post"}],"author":[{"embeddable":true,"href":"https:\/\/www.europesays.com\/fr\/wp-json\/wp\/v2\/users\/2"}],"replies":[{"embeddable":true,"href":"https:\/\/www.europesays.com\/fr\/wp-json\/wp\/v2\/comments?post=542673"}],"version-history":[{"count":0,"href":"https:\/\/www.europesays.com\/fr\/wp-json\/wp\/v2\/posts\/542673\/revisions"}],"wp:featuredmedia":[{"embeddable":true,"href":"https:\/\/www.europesays.com\/fr\/wp-json\/wp\/v2\/media\/542674"}],"wp:attachment":[{"href":"https:\/\/www.europesays.com\/fr\/wp-json\/wp\/v2\/media?parent=542673"}],"wp:term":[{"taxonomy":"category","embeddable":true,"href":"https:\/\/www.europesays.com\/fr\/wp-json\/wp\/v2\/categories?post=542673"},{"taxonomy":"post_tag","embeddable":true,"href":"https:\/\/www.europesays.com\/fr\/wp-json\/wp\/v2\/tags?post=542673"}],"curies":[{"name":"wp","href":"https:\/\/api.w.org\/{rel}","templated":true}]}}