{"id":542675,"date":"2025-11-18T14:54:12","date_gmt":"2025-11-18T14:54:12","guid":{"rendered":"https:\/\/www.europesays.com\/fr\/542675\/"},"modified":"2025-11-18T14:54:12","modified_gmt":"2025-11-18T14:54:12","slug":"tournee-dautomne-2025-sommes-nous-traites-equitablement-je-ne-le-crois-pas-un-entraineur-de-lafrique-du-sud-se-plaint-de-larbitrage","status":"publish","type":"post","link":"https:\/\/www.europesays.com\/fr\/542675\/","title":{"rendered":"Tourn\u00e9e d\u2019automne 2025 \u2013 \u00ab\u00a0Sommes-nous trait\u00e9s \u00e9quitablement\u00a0? Je ne le crois pas\u00a0\u00bb\u00a0: un entra\u00eeneur de l\u2019Afrique du Sud se plaint de l\u2019arbitrage"},"content":{"rendered":"<p>\n                Avant la rencontre face \u00e0 l\u2019Irlande ce samedi, Mzwandile Stick, membre du staff sud-africain, a critiqu\u00e9 les derni\u00e8res d\u00e9cisions arbitrales contre son \u00e9quipe. En ligne de mire, l\u2019exclusion de Lood de Jager contre les Bleus et celle de Franco Mostert en Italie.\n            <\/p>\n<p>Les Springboks haussent le ton avant de d\u00e9fier l\u2019Irlande ce samedi \u00e0 Dublin. Face \u00e0 la presse, Mzwandile Stick, entra\u00eeneur des Springboks, n\u2019a pas h\u00e9sit\u00e9 \u00e0 se plaindre du sort r\u00e9serv\u00e9 aux siens par les arbitres depuis le d\u00e9but de cette tourn\u00e9e d\u2019automne. Lors de leur derni\u00e8re sortie\u00a0en Italie, les doubles champions du monde ont \u00e9t\u00e9 contraints d\u2019\u00e9voluer une grande partie de la rencontre \u00e0 quatorze contre quinze. Franco Mostert a \u00e9t\u00e9 exclu.<\/p>\n<p>\u00ab\u00a0S\u2019il m\u00e9rite un carton rouge, on aurait ou voir cinq cartons rouges de plus le week-end dernier\u00a0\u00bb pense Stick avant de poursuivre\u00a0: \u00ab\u00a0Nous sommes d\u00e9\u00e7us de la fa\u00e7on dont les choses sont g\u00e9r\u00e9es. Sommes-nous trait\u00e9s \u00e9quitablement\u00a0? Je ne le crois pas.\u00a0\u00bb<\/p>\n<p>Il reste du beau monde pour l\u2019Irlande<\/p>\n<p>Face aux Irlandais, Rassie Erasmus va donc devoir composer sans deux de ses deuxi\u00e8me ligne, suspendus. N\u00e9anmoins, il reste de nombreuses solutions comme l\u2019explique Eben Etzebeth\u00a0: \u00ab\u00a0Heureusement, Rassie (Erasmus) a convoqu\u00e9 six deuxi\u00e8me ligne dans le groupe. Il reste Jean (Kleyn), Ruan (Nortje), RG (Snyman) et moi-m\u00eame. Pieter-Steph du Toit et Ben-Jason (Dixon) peuvent \u00e9galement \u00e9voluer au poste. Je ne pense pas que les absences de Franco et Lood vont \u00e9norm\u00e9ment nous affecter pour ce match.\u00a0\u00bb<\/p>\n<p>Pour l\u2019instant, la tourn\u00e9e d\u2019automne des Boks est parfaite avec trois victoires en trois matchs face au Japon (61-7), \u00e0 la France (32-17) et en Italie (32-14).<\/p>\n","protected":false},"excerpt":{"rendered":"Avant la rencontre face \u00e0 l\u2019Irlande ce samedi, Mzwandile Stick, membre du staff sud-africain, a critiqu\u00e9 les derni\u00e8res&hellip;\n","protected":false},"author":2,"featured_media":542676,"comment_status":"","ping_status":"","sticky":false,"template":"","format":"standard","meta":{"footnotes":""},"categories":[1416],"tags":[1011,27,479,1468,60],"class_list":{"0":"post-542675","1":"post","2":"type-post","3":"status-publish","4":"format-standard","5":"has-post-thumbnail","7":"category-rugby","8":"tag-fr","9":"tag-france","10":"tag-rugby","11":"tag-rugby-football","12":"tag-sports"},"share_on_mastodon":{"url":"https:\/\/pubeurope.com\/@fr\/115571278811905294","error":""},"_links":{"self":[{"href":"https:\/\/www.europesays.com\/fr\/wp-json\/wp\/v2\/posts\/542675","targetHints":{"allow":["GET"]}}],"collection":[{"href":"https:\/\/www.europesays.com\/fr\/wp-json\/wp\/v2\/posts"}],"about":[{"href":"https:\/\/www.europesays.com\/fr\/wp-json\/wp\/v2\/types\/post"}],"author":[{"embeddable":true,"href":"https:\/\/www.europesays.com\/fr\/wp-json\/wp\/v2\/users\/2"}],"replies":[{"embeddable":true,"href":"https:\/\/www.europesays.com\/fr\/wp-json\/wp\/v2\/comments?post=542675"}],"version-history":[{"count":0,"href":"https:\/\/www.europesays.com\/fr\/wp-json\/wp\/v2\/posts\/542675\/revisions"}],"wp:featuredmedia":[{"embeddable":true,"href":"https:\/\/www.europesays.com\/fr\/wp-json\/wp\/v2\/media\/542676"}],"wp:attachment":[{"href":"https:\/\/www.europesays.com\/fr\/wp-json\/wp\/v2\/media?parent=542675"}],"wp:term":[{"taxonomy":"category","embeddable":true,"href":"https:\/\/www.europesays.com\/fr\/wp-json\/wp\/v2\/categories?post=542675"},{"taxonomy":"post_tag","embeddable":true,"href":"https:\/\/www.europesays.com\/fr\/wp-json\/wp\/v2\/tags?post=542675"}],"curies":[{"name":"wp","href":"https:\/\/api.w.org\/{rel}","templated":true}]}}