{"id":542677,"date":"2025-11-18T14:55:10","date_gmt":"2025-11-18T14:55:10","guid":{"rendered":"https:\/\/www.europesays.com\/fr\/542677\/"},"modified":"2025-11-18T14:55:10","modified_gmt":"2025-11-18T14:55:10","slug":"corentin-moutet-et-arthur-rinderknech-debutent-en-simple-contre-la-belgique-benjamin-bonzi-epaulera-pierre-hughes-herbert-en-double-lequipe","status":"publish","type":"post","link":"https:\/\/www.europesays.com\/fr\/542677\/","title":{"rendered":"Corentin Moutet et Arthur Rinderknech d\u00e9butent en simple contre la Belgique, Benjamin Bonzi \u00e9paulera Pierre-Hughes Herbert en double &#8211; L&#039;\u00c9quipe"},"content":{"rendered":"<ol>\n<li><a href=\"https:\/\/news.google.com\/rss\/articles\/CBMijAJBVV95cUxNQmhTTndXa012OFFEWk5lcXZFYlpCbS1jM3F5NnVhTHhWNzdENzloa08yNVNpXy1neXI0YWg2U0dKQlpFRThJM3JDV0k5NzNEMHdFTXU0UE41MkxwYi1jX091QndwR1BXRmhHd3JHRTNxbWtBYzBWdW9sbEY0c2ZqSm5GRXRsb09TU2ZJX3V2bnh6MmtRU2lRX2M1Y0c3TjdYZFY0aE4tQkhKRGhKZE9lWVVZaUMtNlFlcy04bnhrR3AwMm9QOFpsaXhwb3pGSDBmVUxJTV95WTN2WmVENEtzRmJ4VkY3Mm5Wdk9ZQ3FHdHJ6Q3Q5aDFyMkYtakRJZll2SU1WMnBrdDVsUzRz?oc=5\" target=\"_blank\" rel=\"nofollow noopener\">Corentin Moutet et Arthur Rinderknech d\u00e9butent en simple contre la Belgique, Benjamin Bonzi \u00e9paulera Pierre-Hughes Herbert en double<\/a>&nbsp;&nbsp;L&rsquo;\u00c9quipe<\/li>\n<li><a href=\"https:\/\/news.google.com\/rss\/articles\/CBMi4AFBVV95cUxOLVVZYkdkRlNMUGN3a1M3c1BMVWZWSjE2Q1dRanIxdzBVTkxCVFNKNTJScnZrclk4V040Z29aN0FWUFFNWjBJQWM4WlgwTmZoU0NWMXBpNjllX1NnS0JkRVpJTklQa2pkdExtUTJnams1QkEzRU9KS1dBSmpVSDd6ZEduMFdzREdzb2h2dk9MZUVTLUpDbG11d3lDYlctdW55cEV5V3JCX1lTcjJiLWJ1S1lqMUVEV0lhbS0wRldUTnNnR3VmbkptTUcwaXFqeGJOSzJhSE1XQWY5WEFWczdodg?oc=5\" target=\"_blank\" rel=\"nofollow noopener\">EN DIRECT &#8211; Coupe Davis : la France d\u00e9fie la Belgique en quart de finale, Moutet ouvre le bal<\/a>&nbsp;&nbsp;Le Figaro<\/li>\n<li><a href=\"https:\/\/news.google.com\/rss\/articles\/CBMi1gFBVV95cUxONUVNc3BubzhUc2drZWJLOFNfVkpXa0E1WU5VXzV2NC1ubzJiYVZxbEhaMXVIdEh0OFdWa0dJaVBZTFRwTE5WQ1FkaEZHbEEwd0ZKSWFhYnFOTmhoandkVEZQRzVCREoybHN4UmVhRWNiX2xzcl8wQjFWY0ZGdGJuZW9ueklfWlJCNEJiMUJwM0s1VFNpZjNBVnhoeG5pdjBjNlVtWU16WUQtZHZRaVNaM1Bxd2F3UHdTUnRhQmp3Q01vbklZWWJkUTBFYnVEeWdGZW5xcl9B0gHUAUFVX3lxTE5Vc3lpd2hQMXBobUUteUFlZllvcTF2NWMtWVVRcGV1YTJKZUQwMFRvNUJkdlNNc2NsNlM3aFlMR2JGWEdRZU1wTGJQS2FDVzdubi04TUh1OWZkdHhEbVMyY0ZMa2dndU1sODBlSVNXOV9hZkp3QWJEV1lvWk9kN3dxY053dnVlUklCSFhiVXhTN3dVdUU0aUlPT2txZ3dOWE9DVzBDeGZaT1VuS3I0ZldqQ080cExpQm4wdkNXTU1kT3RHV2U2TS0xek9MaUkzakdUbEk5?oc=5\" target=\"_blank\" rel=\"nofollow noopener\">Coupe Davis : Les Belges en ont \u00ab marre de se faire chambrer \u00bb par les Fran\u00e7ais : Sports &#8211; Orange<\/a>&nbsp;&nbsp;Sports &#8211; Orange<\/li>\n<li><a href=\"https:\/\/news.google.com\/rss\/articles\/CBMinAJBVV95cUxNZ0ZGZEFkNVJoNmNnU1h4RzlLdmo3QTE5YWRQaDJWRU9fQW5pNXFpVEEtUkdCMTE2MXlNVklXY0pMa2ZkSzNKZmRMaHF4ZXZfN2hDUHlZOU1heVRHT0QtVU1WaHFPS19UR2hJUU9HSm9DNGgtMDFjUWVLTWZIZUtzbmx6VWQ2eVRLWDlmZ3J0QTdUSkllbUkyZURhc0VQY0p5UkdJOTZwSFVBSTgzbllRdUxtNmltcDduYm5wLWhDOEZqQW5tMnB5c0V6RThzVmNScnlNeHZ1YVpJNVBzbGJ5ODcwdTBpSExsZGh3blA3dWliV01SVlRqcUpxNm9HYVB6MVNzVEJ5emhKWWlXWktMUENCanRRbG9NREROag?oc=5\" target=\"_blank\" rel=\"nofollow noopener\">France &#8211; Belgique. Corentin Moutet face \u00e0 Rapha\u00ebl Collignon pour ouvrir le quart de finale de Coupe Davis<\/a>&nbsp;&nbsp;Ouest-France<\/li>\n<li><a href=\"https:\/\/news.google.com\/rss\/articles\/CBMiogJBVV95cUxPWG9qc2NjMjcySFJoc0JDaXhQTlhRME1LSWFMTUh0QV8yeVMwZ0VYUzFRajdFVXdubDhPYy1KVU1VbG51SWwxWHZjdjhqWVJTOXRBbndjWndUa0NPRU9qVXg1RnZzcHBUZDhEd2hjMmNKVTA2cUxKWHd5dERRYU9GSXBnbzNaSjFqM0Z4SGJSSHc2YkdFLUp4b0czQkRkQkpRTHlta29tSnZqei1IbW1fa05hTUhXS2o0dkNMMUYzX3RJM3RQSWVNemE2YmZlZ1dzT1FUaDFfNXVXRWkxbHRqS3hOWFhkWnE2RWxhTUtLemxQQ1NrQ2k0S1lGdnF0bEd3d1RYVkRTVGFiUVZsREFOVjZZWWY0eEdMQXBCRlRPT0VXdw?oc=5\" target=\"_blank\" rel=\"nofollow noopener\">Mathieu : \u00ab\u00a0Contre la Belgique, on s&rsquo;attend vraiment \u00e0 une rencontre difficile\u00a0\u00bb<\/a>&nbsp;&nbsp;Eurosport<\/li>\n<\/ol>\n","protected":false},"excerpt":{"rendered":"Corentin Moutet et Arthur Rinderknech d\u00e9butent en simple contre la Belgique, Benjamin Bonzi \u00e9paulera Pierre-Hughes Herbert en double&nbsp;&nbsp;L&rsquo;\u00c9quipe&hellip;\n","protected":false},"author":2,"featured_media":542678,"comment_status":"","ping_status":"","sticky":false,"template":"","format":"standard","meta":{"footnotes":""},"categories":[1415],"tags":[1011,27,60,1467],"class_list":{"0":"post-542677","1":"post","2":"type-post","3":"status-publish","4":"format-standard","5":"has-post-thumbnail","7":"category-tennis","8":"tag-fr","9":"tag-france","10":"tag-sports","11":"tag-tennis"},"share_on_mastodon":{"url":"https:\/\/pubeurope.com\/@fr\/115571282619736926","error":""},"_links":{"self":[{"href":"https:\/\/www.europesays.com\/fr\/wp-json\/wp\/v2\/posts\/542677","targetHints":{"allow":["GET"]}}],"collection":[{"href":"https:\/\/www.europesays.com\/fr\/wp-json\/wp\/v2\/posts"}],"about":[{"href":"https:\/\/www.europesays.com\/fr\/wp-json\/wp\/v2\/types\/post"}],"author":[{"embeddable":true,"href":"https:\/\/www.europesays.com\/fr\/wp-json\/wp\/v2\/users\/2"}],"replies":[{"embeddable":true,"href":"https:\/\/www.europesays.com\/fr\/wp-json\/wp\/v2\/comments?post=542677"}],"version-history":[{"count":0,"href":"https:\/\/www.europesays.com\/fr\/wp-json\/wp\/v2\/posts\/542677\/revisions"}],"wp:featuredmedia":[{"embeddable":true,"href":"https:\/\/www.europesays.com\/fr\/wp-json\/wp\/v2\/media\/542678"}],"wp:attachment":[{"href":"https:\/\/www.europesays.com\/fr\/wp-json\/wp\/v2\/media?parent=542677"}],"wp:term":[{"taxonomy":"category","embeddable":true,"href":"https:\/\/www.europesays.com\/fr\/wp-json\/wp\/v2\/categories?post=542677"},{"taxonomy":"post_tag","embeddable":true,"href":"https:\/\/www.europesays.com\/fr\/wp-json\/wp\/v2\/tags?post=542677"}],"curies":[{"name":"wp","href":"https:\/\/api.w.org\/{rel}","templated":true}]}}