{"id":542679,"date":"2025-11-18T14:59:15","date_gmt":"2025-11-18T14:59:15","guid":{"rendered":"https:\/\/www.europesays.com\/fr\/542679\/"},"modified":"2025-11-18T14:59:15","modified_gmt":"2025-11-18T14:59:15","slug":"le-tour-de-france-bientot-payant-pour-le-public-lorganisateur-aso-tranche-dans-le-vif","status":"publish","type":"post","link":"https:\/\/www.europesays.com\/fr\/542679\/","title":{"rendered":"Le Tour de France bient\u00f4t payant pour le public ? L&rsquo;organisateur ASO tranche dans le vif"},"content":{"rendered":"<ul class=\"jsx-862013697 ArticleChapo__List\">\n<li class=\"jsx-862013697 ArticleChapo__List_Item flex\">Une id\u00e9e, port\u00e9e par l&rsquo;ancien coureur J\u00e9r\u00f4me Pineau, propose de rendre certains acc\u00e8s du Tour de France payants aux spectateurs pour r\u00e9tribuer les \u00e9quipes.<\/li>\n<li class=\"jsx-862013697 ArticleChapo__List_Item flex\">Pierre-Yves Thouault, num\u00e9ro 2 chez l&rsquo;organisateur ASO derri\u00e8re Christian Prudhomme, a ferm\u00e9 la porte \u00e0 la fin de la gratuit\u00e9 sur la Grande Boucle.<\/li>\n<\/ul>\n<p data-module=\"article-paragraph\" class=\"jsx-3046738180 Paragraph\">Va-t-on devoir payer pour voir passer le <a href=\"https:\/\/www.tf1info.fr\/actualite\/tour-de-france-11430\/\" target=\"_blank\" rel=\"noopener\">Tour de France (nouvelle fen\u00eatre)<\/a> ? L&rsquo;id\u00e9e saugrenue de s&rsquo;attaquer \u00e0 la gratuit\u00e9 du v\u00e9lo fait pourtant son bout de chemin. Elle trouve m\u00eame des relais au sein du peloton, alors que la fin de saison s&rsquo;est apparent\u00e9e \u00e0 un jeu de quilles pour <a href=\"https:\/\/www.tf1info.fr\/sport\/tour-de-france-premiere-victoire-d-etape-francaise-aurelien-paret-peintre-s-impose-au-sommet-du-mont-ventoux-2384373.html\" target=\"_blank\" rel=\"noopener\">le cyclisme tricolore (nouvelle fen\u00eatre)<\/a> avec la disparition d&rsquo;Ark\u00e9a-B&amp;B Hotels, la rel\u00e9gation de Cofidis et la perte du sponsor-titre de l&rsquo;\u00e9quipe TotalEnergies.\u00a0<\/p>\n<p data-module=\"article-paragraph\" class=\"jsx-3046738180 Paragraph Paragraph__End\">\u00ab\u00a0Tr\u00e8s inquiet\u00a0\u00bb pour l&rsquo;avenir de son sport, pour lequel le foss\u00e9 ne cesse de se creuser entre <a href=\"https:\/\/www.tf1info.fr\/sport\/tour-espagne-2025-course-arretee-manifestations-menaces-de-mort-l-equipe-israel-premier-tech-cristallise-les-tensions-sur-la-vuelta-2392651.html\" target=\"_blank\" rel=\"noopener\">les formations soutenues par des \u00c9tats (nouvelle fen\u00eatre)<\/a> et\/ou multinationales et les \u00e9quipes plus modestes, dont la survie ne d\u00e9pend que du maintien des sponsors, J\u00e9r\u00f4me Pineau a jet\u00e9 un pav\u00e9 dans la mare. L&rsquo;ancien coureur cycliste, ex-manager de feue B&amp;B Hotels, a sugg\u00e9r\u00e9 de faire payer l&rsquo;acc\u00e8s aux derniers kilom\u00e8tres des ascensions mythiques de la Grande Boucle, comme l&rsquo;Alpe d&rsquo;Huez.<\/p>\n<blockquote class=\"jsx-2786790838 Quote__Text\"><p>Privatisons les 5 derniers kilom\u00e8tres de l&rsquo;Alpe d&rsquo;Huez, faisons payer l&rsquo;entr\u00e9e<\/p><\/blockquote>\n<p>J\u00e9r\u00f4me Pineau, ancien coureur cycliste et manager<\/p>\n<p data-module=\"article-paragraph\" class=\"jsx-3046738180 Paragraph\">\u00ab\u00a0Aujourd&rsquo;hui, on est dans un syst\u00e8me d&rsquo;ultrariches, mais il n&rsquo;y a pas d&rsquo;oseille. Le v\u00e9lo est en train de se tuer \u00e0 cause de \u00e7a, (&#8230;) les \u00e9quipes meurent\u00a0\u00bb, a regrett\u00e9 le consultant RMC dans le podcast <a href=\"https:\/\/rmc.bfmtv.com\/podcasts\/grand-plateau\/le-modele-du-cyclisme-francais-est-il-voue-a-disparaitre_EN-202511030631.html\" target=\"_blank\" rel=\"nofollow noopener\">\u00ab\u00a0Grand Plateau\u00a0\u00bb (nouvelle fen\u00eatre)<\/a>. \u00ab\u00a0Je vais choquer du monde mais aujourd&rsquo;hui on a cr\u00e9\u00e9 une \u00e9tape qui va faire <a href=\"https:\/\/www.tf1info.fr\/sport\/en-direct-tour-de-france-2026-decouvrez-les-26-etapes-du-parcours-de-l-edition-qui-se-lance-en-catalogne-2402153.html\" target=\"_blank\" rel=\"noopener\">deux fois l&rsquo;Alpe d&rsquo;Huez<\/a>, privatisons les 5 derniers kilom\u00e8tres, faisons payer l&rsquo;entr\u00e9e, faisons des VIP, cr\u00e9ons quelque chose pour faire gagner de l&rsquo;argent ! (&#8230;) Dans l&rsquo;histoire du v\u00e9lo, c&rsquo;est populaire, c&rsquo;est un sport gratuit. Mais un sport gratuit o\u00f9 il n&rsquo;y a plus de coureurs sur la route parce qu&rsquo;il n&rsquo;y a plus que deux \u00e9quipes Bahre\u00efn et UAE, c&rsquo;est moins fun quand m\u00eame.\u00a0\u00bb<\/p>\n<p data-module=\"article-paragraph\" class=\"jsx-3046738180 Paragraph Paragraph__End\">\u00ab\u00a0C&rsquo;est la seule solution pour assurer notre avenir\u00a0\u00bb, abondait aupr\u00e8s de <a href=\"https:\/\/cyclingpro.net\/spaziociclismo\/esclusive\/esclusiva-filippo-pozzato-far-pagare-il-biglietto-al-pubblico-e-lunica-soluzione-per-far-sopravvivere-il-ciclismo\/\" target=\"_blank\" rel=\"nofollow noopener\">Cyclingpro (nouvelle fen\u00eatre)<\/a> l&rsquo;ex-coureur italien Filippo Pozzato, d\u00e9sormais organisateur de courses en Italie, favorable \u00e0 un syst\u00e8me de billetterie, dont les recettes seraient revers\u00e9es aux \u00e9quipes les plus fragiles \u00e9conomiquement. \u00ab\u00a0Nous sommes le seul sport sans billetterie. Le cyclisme ne peut plus se permettre d&rsquo;attendre pour survivre.\u00a0\u00bb<\/p>\n<p>C&rsquo;est gratuit&#8230; et \u00e7a va le rester<\/p>\n<p data-module=\"article-paragraph\" class=\"jsx-3046738180 Paragraph Paragraph__End\">\u00ab\u00a0L&rsquo;id\u00e9e n&rsquo;est pas de faire payer la personne dont le seul kiff de l&rsquo;ann\u00e9e est d&rsquo;aller voir le Tour de France avec ses enfants et ses petits-enfants\u00a0\u00bb, a nuanc\u00e9 sur <a href=\"https:\/\/rmcsport.bfmtv.com\/cyclisme\/les-institutions-prennent-l-oseille-et-les-equipes-crevent-le-nouvel-appel-de-pineau-pour-faire-payer-certains-acces-sur-le-tour-de-france_AV-202511120681.html\" target=\"_blank\" rel=\"nofollow noopener\">RMC (nouvelle fen\u00eatre)<\/a> J\u00e9r\u00f4me Pineau, ciblant non pas le grand public mais plut\u00f4t les hospitalit\u00e9s. Selon lui, les \u00e9quipes tireraient des revenus substantiels de ce droit d&rsquo;entr\u00e9e dans des portions sp\u00e9cifiques. \u00ab\u00a0Quand on fait payer les gens car on leur sert une coupe de champagne et qu&rsquo;on leur donne des \u00e9chantillons de petits g\u00e2teaux, ils payent une \u00e9norme facture ! (&#8230;) Pourquoi ce ne sont pas les \u00e9quipes qui sont pay\u00e9es dans les endroits qui sont traditionnellement exploit\u00e9s par les organisateurs ?\u00a0\u00bb<\/p>\n<blockquote class=\"jsx-2786790838 Quote__Text\"><p>Instaurer une billetterie n&rsquo;est absolument pas d&rsquo;actualit\u00e9<\/p><\/blockquote>\n<p>Pierre-Yves Thouault, directeur adjoint du cyclisme chez ASO<\/p>\n<p data-module=\"article-paragraph\" class=\"jsx-3046738180 Paragraph Paragraph__End\">\u00ab\u00a0La billetterie, c&rsquo;est un peu compliqu\u00e9 dans le Tour de France parce qu&rsquo;historiquement, l\u00e0, on va toucher \u00e0 un d\u00e9bat national\u00a0\u00bb, jugeait David Lappartient, le pr\u00e9sident de l&rsquo;Union cycliste internationale (UCI), dans un entretien \u00e0 <a href=\"https:\/\/www.ouest-france.fr\/sport\/cyclisme\/entretien-david-lappartient-si-vous-voulez-faire-payer-sur-le-tour-de-france-vous-netes-pas-rendu-858d9ce4-bec4-11f0-a083-858f2b6e92c2\" target=\"_blank\" rel=\"nofollow noopener\">Ouest-France (nouvelle fen\u00eatre)<\/a>. Un d\u00e9bat finalement tu\u00e9 dans l&rsquo;\u0153uf par l&rsquo;organisateur ASO. \u00ab\u00a0Par essence, le sport cycliste est gratuit et instaurer une billetterie n&rsquo;est absolument pas d&rsquo;actualit\u00e9\u00a0\u00bb, a r\u00e9torqu\u00e9 Pierre-Yves Thouault, le directeur adjoint du d\u00e9partement cyclisme bras droit de Christian Prudhomme, dans les colonnes du journal belge <a href=\"https:\/\/www.dhnet.be\/sports\/cyclisme\/2025\/11\/16\/faut-il-rendre-payant-lacces-aux-cols-du-tour-de-france-voici-la-reponse-daso-55DITUFG3VHIFEWNH47C6CRA2Q\/\" target=\"_blank\" rel=\"nofollow noopener\">La Derni\u00e8re Heure (nouvelle fen\u00eatre)<\/a>.\u00a0<\/p>\n<p><a href=\"https:\/\/www.tf1info.fr\/sport\/en-direct-tour-de-france-2026-decouvrez-les-26-etapes-du-parcours-de-l-edition-qui-se-lance-en-catalogne-2402153.html\" rel=\"noopener\" class=\"jsx-3308031228 Link flex\" target=\"_blank\"><img decoding=\"async\" src=\"https:\/\/www.europesays.com\/fr\/wp-content\/uploads\/2025\/11\/parcours-tour-de-france-2026-665d09-0@1x.jpeg\" alt=\"Anne-Christine POUJOULAT \/ AFP\" loading=\"lazy\" importance=\"low\" fetchpriority=\"low\" class=\"\" aria-hidden=\"true\"\/><\/p>\n<p class=\"jsx-3657663356 ReadMoreArticle__Title\">Lire aussi<\/p>\n<p class=\"jsx-3657663356\">8 \u00e9tapes de montagne, 2 passages \u00e0 l&rsquo;Alpe d&rsquo;Huez, retour \u00e0 Montmartre&#8230; le parcours du Tour de France 2026<\/p>\n<p><\/a><\/p>\n<p data-module=\"article-paragraph\" class=\"jsx-3046738180 Paragraph Paragraph__End\">Un avis partag\u00e9 par Marc Madiot, l&rsquo;iconique manager de la formation Groupama-FDJ. \u00ab\u00a0Le cyclisme est un sport gratuit et cela participe \u00e0 son succ\u00e8s. Gardons-le ainsi.\u00a0\u00bb\u00a0<\/p>\n<p>Yohan ROBLIN<\/p>\n","protected":false},"excerpt":{"rendered":"Une id\u00e9e, port\u00e9e par l&rsquo;ancien coureur J\u00e9r\u00f4me Pineau, propose de rendre certains acc\u00e8s du Tour de France payants&hellip;\n","protected":false},"author":2,"featured_media":542680,"comment_status":"","ping_status":"","sticky":false,"template":"","format":"standard","meta":{"footnotes":""},"categories":[1411],"tags":[1111,11,1921,1154,207,1011,27,1922,60,210,133,4712],"class_list":{"0":"post-542679","1":"post","2":"type-post","3":"status-publish","4":"format-standard","5":"has-post-thumbnail","7":"category-cyclisme","8":"tag-actu","9":"tag-actualites","10":"tag-article-video","11":"tag-cycling","12":"tag-cyclisme","13":"tag-fr","14":"tag-france","15":"tag-info","16":"tag-sports","17":"tag-tour-de-france","18":"tag-video","19":"tag-video-sports"},"share_on_mastodon":{"url":"https:\/\/pubeurope.com\/@fr\/115571299165904914","error":""},"_links":{"self":[{"href":"https:\/\/www.europesays.com\/fr\/wp-json\/wp\/v2\/posts\/542679","targetHints":{"allow":["GET"]}}],"collection":[{"href":"https:\/\/www.europesays.com\/fr\/wp-json\/wp\/v2\/posts"}],"about":[{"href":"https:\/\/www.europesays.com\/fr\/wp-json\/wp\/v2\/types\/post"}],"author":[{"embeddable":true,"href":"https:\/\/www.europesays.com\/fr\/wp-json\/wp\/v2\/users\/2"}],"replies":[{"embeddable":true,"href":"https:\/\/www.europesays.com\/fr\/wp-json\/wp\/v2\/comments?post=542679"}],"version-history":[{"count":0,"href":"https:\/\/www.europesays.com\/fr\/wp-json\/wp\/v2\/posts\/542679\/revisions"}],"wp:featuredmedia":[{"embeddable":true,"href":"https:\/\/www.europesays.com\/fr\/wp-json\/wp\/v2\/media\/542680"}],"wp:attachment":[{"href":"https:\/\/www.europesays.com\/fr\/wp-json\/wp\/v2\/media?parent=542679"}],"wp:term":[{"taxonomy":"category","embeddable":true,"href":"https:\/\/www.europesays.com\/fr\/wp-json\/wp\/v2\/categories?post=542679"},{"taxonomy":"post_tag","embeddable":true,"href":"https:\/\/www.europesays.com\/fr\/wp-json\/wp\/v2\/tags?post=542679"}],"curies":[{"name":"wp","href":"https:\/\/api.w.org\/{rel}","templated":true}]}}