{"id":542686,"date":"2025-11-18T15:04:10","date_gmt":"2025-11-18T15:04:10","guid":{"rendered":"https:\/\/www.europesays.com\/fr\/542686\/"},"modified":"2025-11-18T15:04:10","modified_gmt":"2025-11-18T15:04:10","slug":"incident-dans-morandini-live-lelue-de-renaissance-rachida-kaaout-quitte-le-plateau-apres-avoir-refuse-de-repondre-a-plusieurs-reprises-aux-questions-de-jean-marc-morandini-sur-le-sondage-a","status":"publish","type":"post","link":"https:\/\/www.europesays.com\/fr\/542686\/","title":{"rendered":"Incident dans \u00ab\u00a0Morandini Live\u00a0\u00bb: L\u2019\u00e9lue de Renaissance Rachida Kaaout quitte le plateau apr\u00e8s avoir refus\u00e9 de r\u00e9pondre \u00e0 plusieurs reprises aux questions de Jean-Marc Morandini sur le sondage aupr\u00e8s des musulmans &#8211; VIDEO"},"content":{"rendered":"<p>Ce matin, Jean-Marc Morandini pr\u00e9sentait en direct un nouveau num\u00e9ro de \u00ab\u00a0Morandini Live\u00a0\u00bb sur CNews. Au cours de l&rsquo;\u00e9mission, le sondage IFOP sur les jeunes musulmans qui se disent de plus en plus radicalis\u00e9s a \u00e9t\u00e9 \u00e9voqu\u00e9 sur le plateau.<\/p>\n<p>\u00ab\u00a0Sur un \u00e9chantillon de 1.000 personnes, pour moi, il n\u2019est pas repr\u00e9sentatif de la r\u00e9alit\u00e9. Un \u00e9chantillon de 1.000 personnes ne fait pas le poids\u00a0\u00bb, a r\u00e9agi Rachida Kaaout, conseill\u00e8re municipale Renaissance d\u2019Ivry-sur-Seine.<\/p>\n<p>\u00ab\u00a0Quand le thermom\u00e8tre dit de mauvaises choses, on casse le thermom\u00e8tre. Rachida, soyons s\u00e9rieux. Vous ne pouvez pas dire &lsquo;le sondage vaut rien, parce qu&rsquo;il ne vous plait pas&rsquo;. Tous les sondages politiques sur lesquels vous faites tous des heures toute la journ\u00e9e, ils sont sur 800-900 personnes\u00a0\u00bb, lui a rappel\u00e9 le journaliste. Et de lui demander : \u00ab\u00a0Un sondage politique, \u00e7a se fait sur combien de personnes ?\u00a0\u00bb.<\/p>\n<p>Rachida Kaaout n&rsquo;a pas r\u00e9pondu \u00e0 la question pos\u00e9e \u00e0 de nombreuses reprises. \u00ab\u00a0Les sondages, on les fait sur ce que l&rsquo;on veut, sur des \u00e9chantillons de personnes. Sur un sujet important, on ne peut pas&#8230;\u00a0\u00bb, a d\u00e9clar\u00e9 son invit\u00e9e.<\/p>\n<p>\u00ab\u00a0Arr\u00eatez ! Vous r\u00e9p\u00e9tez la m\u00eame chose. Vous \u00eates une machine \u00e0 r\u00e9p\u00e9ter la m\u00eame chose\u00a0\u00bb, s&rsquo;est indign\u00e9 Jean-Marc Morandini. R\u00e9ponse de la conseill\u00e8re municipale : \u00ab\u00a0Je vous r\u00e9p\u00e9terai toujours la m\u00eame chose !\u00a0\u00bb. \u00ab\u00a0Essayez de r\u00e9pondre \u00e0 ma question, autrement vous arr\u00eatez de parler ! \u00c7a n&rsquo;a aucun int\u00e9r\u00eat ce que vous dites, vous l&rsquo;avez r\u00e9p\u00e9t\u00e9 25 fois. Ce n&rsquo;est pas parce que vous r\u00e9p\u00e9tez 25 fois la m\u00eame chose que c&rsquo;est une v\u00e9rit\u00e9. Stop, \u00e7a suffit ! Vous arr\u00eatez de parler\u00a0\u00bb, a continu\u00e9 le journaliste.<\/p>\n<p>Quelques minutes plus tard, le ton est \u00e0 nouveau mont\u00e9, sur le plateau, entre Jean-Marc Morandini et Rachida Kaaout, alors que cette derni\u00e8re prenait la parole sur le sondage sur les jeunes musulmans. \u00ab\u00a0Je ne vous donne pas la parole sur ce sujet. Ce sondage ne vous int\u00e9resse pas. Je ne vous donne pas la parole ! Est-ce que vous m&rsquo;entendez ?\u00a0\u00bb, lui a demand\u00e9 le journaliste.<\/p>\n<p>\u00ab\u00a0Il faut quand m\u00eame apporter une solution, on n&rsquo;est pas l\u00e0 pour constater\u00a0\u00bb, a r\u00e9pondu l&rsquo;\u00e9lue Renaissance. \u00ab\u00a0Vous ne constatez rien ! Vous faites de l&rsquo;intox ! Je ne vous donne pas la parole. Vous ne donnez rien. Vous faites du vent, du bruit avec votre bouche. Ce que vous dites ne sert \u00e0 rien. C&rsquo;est du vent\u00a0\u00bb, a poursuivi Jean-Marc Morandini.<\/p>\n<p>Et d&rsquo;ajouter : \u00ab\u00a0Je vous que vous r\u00e9pondiez aux questions ou alors vous ne parlez pas ! Vous ne r\u00e9pondez jamais aux questions. Vous n&rsquo;avez pas la parole\u00a0\u00bb. \u00ab\u00a0Et bien je m&rsquo;en vais\u00a0\u00bb, a r\u00e9pondu Rachida Kaaout qui a pris ses affaires avant de quitter le plateau de \u00ab\u00a0Morandini Live\u00a0\u00bb.<\/p>\n<p>\u00ab\u00a0Merci d&rsquo;\u00eatre venue. Vous ferez votre commentaire toute seule, parce que vous parlez toute seule de toute fa\u00e7on. Je veux des gens qui r\u00e9pondent aux questions. Et pas des gens qui font du bruit avec leur bouche juste histoire d&rsquo;occuper le terrain. Merci, au revoir !\u00a0\u00bb, a conclu Jean-Marc Morandini.<\/p>\n<p>\u00a0<\/p>\n","protected":false},"excerpt":{"rendered":"Ce matin, Jean-Marc Morandini pr\u00e9sentait en direct un nouveau num\u00e9ro de \u00ab\u00a0Morandini Live\u00a0\u00bb sur CNews. Au cours de&hellip;\n","protected":false},"author":2,"featured_media":542687,"comment_status":"","ping_status":"","sticky":false,"template":"","format":"standard","meta":{"footnotes":""},"categories":[1356],"tags":[9722,58,59,1011,27,35535,51560,252,1364],"class_list":{"0":"post-542686","1":"post","2":"type-post","3":"status-publish","4":"format-standard","5":"has-post-thumbnail","7":"category-television","8":"tag-cnews","9":"tag-divertissement","10":"tag-entertainment","11":"tag-fr","12":"tag-france","13":"tag-incident","14":"tag-morandini-live","15":"tag-television","16":"tag-tv"},"share_on_mastodon":{"url":"https:\/\/pubeurope.com\/@fr\/115571318247249208","error":""},"_links":{"self":[{"href":"https:\/\/www.europesays.com\/fr\/wp-json\/wp\/v2\/posts\/542686","targetHints":{"allow":["GET"]}}],"collection":[{"href":"https:\/\/www.europesays.com\/fr\/wp-json\/wp\/v2\/posts"}],"about":[{"href":"https:\/\/www.europesays.com\/fr\/wp-json\/wp\/v2\/types\/post"}],"author":[{"embeddable":true,"href":"https:\/\/www.europesays.com\/fr\/wp-json\/wp\/v2\/users\/2"}],"replies":[{"embeddable":true,"href":"https:\/\/www.europesays.com\/fr\/wp-json\/wp\/v2\/comments?post=542686"}],"version-history":[{"count":0,"href":"https:\/\/www.europesays.com\/fr\/wp-json\/wp\/v2\/posts\/542686\/revisions"}],"wp:featuredmedia":[{"embeddable":true,"href":"https:\/\/www.europesays.com\/fr\/wp-json\/wp\/v2\/media\/542687"}],"wp:attachment":[{"href":"https:\/\/www.europesays.com\/fr\/wp-json\/wp\/v2\/media?parent=542686"}],"wp:term":[{"taxonomy":"category","embeddable":true,"href":"https:\/\/www.europesays.com\/fr\/wp-json\/wp\/v2\/categories?post=542686"},{"taxonomy":"post_tag","embeddable":true,"href":"https:\/\/www.europesays.com\/fr\/wp-json\/wp\/v2\/tags?post=542686"}],"curies":[{"name":"wp","href":"https:\/\/api.w.org\/{rel}","templated":true}]}}