{"id":54269,"date":"2025-04-26T11:32:09","date_gmt":"2025-04-26T11:32:09","guid":{"rendered":"https:\/\/www.europesays.com\/fr\/54269\/"},"modified":"2025-04-26T11:32:09","modified_gmt":"2025-04-26T11:32:09","slug":"payet-livre-les-details-de-ses-pratiques-extraconjugales-sadomasochistes-avec-lavocate-qui-laccuse-de-violences","status":"publish","type":"post","link":"https:\/\/www.europesays.com\/fr\/54269\/","title":{"rendered":"Payet livre les d\u00e9tails de ses pratiques extraconjugales \u00ab sadomasochistes \u00bb avec l\u2019avocate qui l\u2019accuse de violences"},"content":{"rendered":"<p><strong>BRESIL &#8211; Accus\u00e9 par une avocate de \u00ab violences physiques, psychologiques et sexuelles \u00bb, l\u2019ancien Marseillais Dimitri Payet a \u00e9t\u00e9 entendu par la police br\u00e9silienne, \u00e0 qui il a donn\u00e9 des d\u00e9tails de ses pratiques sexuelles \u00ab consenties \u00bb avec la plaignante<\/strong><\/p>\n<p>Comment dit-on en Anglais, d\u00e9j\u00e0 ? Ah oui, \u00ab TMI \u00bb, \u00ab too much information \u00bb. C\u2019est la conclusion \u00e0 laquelle on en vient \u00e0 la lecture des d\u00e9clarations faites par<a href=\"https:\/\/www.20minutes.fr\/sport\/football\/4148115-20250411-bresil-dimitri-payet-accuse-femme-violence-physique-psychologique-sexuelle?at_medium=RSS+feed&amp;at_campaign=ynews&amp;utm_source=yahoo&amp;utm_medium=rss&amp;utm_campaign=news_feed&amp;utm_content=in_article_link\" rel=\"nofollow noopener\" target=\"_blank\" data-ylk=\"slk:Dimitri Payet;elm:context_link;itc:0;sec:content-canvas\" class=\"link \"> Dimitri Payet<\/a> lors de son audition devant la DEAM de Jacarepagua, la Police sp\u00e9cialis\u00e9e dans la protection des femmes, le 16 avril dernier, et r\u00e9v\u00e9l\u00e9es aujourd\u2019hui par le m\u00e9dia br\u00e9silien <a href=\"https:\/\/g1.globo.com\/rj\/rio-de-janeiro\/noticia\/2025\/04\/25\/payet-nega-em-depoimento-acusacoes-de-agressoes-contra-advogada.ghtml?at_medium=RSS+feed&amp;at_campaign=ynews&amp;utm_source=yahoo&amp;utm_medium=rss&amp;utm_campaign=news_feed&amp;utm_content=in_article_link\" rel=\"nofollow noopener\" target=\"_blank\" data-ylk=\"slk:Globo;elm:context_link;itc:0;sec:content-canvas\" class=\"link \">Globo<\/a>. Accus\u00e9 de \u00ab violences physiques, psychologiques et sexuelles \u00bb par une avocate de 28 ans, l\u2019ancien Marseillais a confirm\u00e9 l\u2019existence d\u2019une relation extraconjugale avec Larissa Ferrari mais a ni\u00e9 les violences dont il est aujourd\u2019hui accus\u00e9.<\/p>\n<p>Pour se d\u00e9fendre, l\u2019ex-international tricolore a donn\u00e9 moult d\u00e9tails qui, on vous pr\u00e9vient par avance, peuvent choquer les \u00e2mes sensibles. Il d\u00e9taille ainsi des pratiques sadomasochistes avec cette femme qu\u2019il aurait rencontr\u00e9e sur les r\u00e9seaux sociaux. Celle-ci aurait \u00ab commenc\u00e9 \u00e0 envoyer des vid\u00e9os intimes et \u00e0 parler de sujets li\u00e9s au sexe \u00bb, avant que les choses aillent plus loin.<\/p>\n<p>Dimitri Payet assure que Larissa Ferrari lui aurait demand\u00e9 \u00ab d\u2019uriner \u00bb sur lui \u00ab \u00e0 plusieurs reprises \u00bb. En janvier 2025, l\u2019avocate lui aurait envoy\u00e9 \u00ab une vid\u00e9o dans laquelle elle buvait spontan\u00e9ment sa propre urine et mettait sa t\u00eate dans les toilettes \u00bb. Le joueur de Vasco de Gama poursuit en pr\u00e9cisant que cette pratique \u00e9tait \u00ab courante au sein du couple \u00bb adult\u00e9rin.<\/p>\n<p>\u00ab Ma vie n\u2019est plus la m\u00eame \u00bb<\/p>\n<p>Quant aux marques retrouv\u00e9es sur le corps de la plaignante, le joueur form\u00e9 au FC Nantes assure que cela vie(&#8230;)<\/p>\n<p><a href=\"https:\/\/www.20minutes.fr\/sport\/football\/4150518-20250426-payet-livre-details-pratiques-extraconjugales-sadomasochistes-avocate-accuse-violences?at_medium=RSS+feed&amp;at_campaign=ynews&amp;utm_source=yahoo&amp;utm_medium=rss&amp;utm_campaign=news_feed&amp;utm_content=read_more_link\" rel=\"nofollow noopener\" target=\"_blank\" data-ylk=\"slk:Lire la suite sur 20minutes;elm:context_link;itc:0;sec:content-canvas\" class=\"link \">Lire la suite sur 20minutes<\/a><\/p>\n<p>\u00c0 lire aussi :<br \/><a href=\"https:\/\/www.20minutes.fr\/sport\/football\/4148115-20250411-bresil-dimitri-payet-accuse-femme-violence-physique-psychologique-sexuelle?at_medium=RSS+feed&amp;at_campaign=ynews&amp;utm_source=yahoo&amp;utm_medium=rss&amp;utm_campaign=news_feed&amp;utm_content=related_content_link\" rel=\"nofollow noopener\" target=\"_blank\" data-ylk=\"slk:Br\u00e9sil : Dimitri Payet accus\u00e9 par une femme de \u00ab violence physique, psychologique et sexuelle \u00bb;elm:context_link;itc:0;sec:content-canvas\" class=\"link \">Br\u00e9sil : Dimitri Payet accus\u00e9 par une femme de \u00ab violence physique, psychologique et sexuelle \u00bb<\/a><br \/><a href=\"https:\/\/www.20minutes.fr\/sport\/football\/4116353-20241018-om-mal-comporte-quand-thauvin-raconte-pourquoi-embrouille-payet?at_medium=RSS+feed&amp;at_campaign=ynews&amp;utm_source=yahoo&amp;utm_medium=rss&amp;utm_campaign=news_feed&amp;utm_content=related_content_link\" rel=\"nofollow noopener\" target=\"_blank\" data-ylk=\"slk:OM : \u00ab Il s\u2019est mal comport\u00e9 avec moi \u00bb\u2026 Quand Thauvin raconte pourquoi il s\u2019est embrouill\u00e9 avec Payet;elm:context_link;itc:0;sec:content-canvas\" class=\"link \">OM : \u00ab Il s\u2019est mal comport\u00e9 avec moi \u00bb\u2026 Quand Thauvin raconte pourquoi il s\u2019est embrouill\u00e9 avec Payet<\/a><\/p>\n","protected":false},"excerpt":{"rendered":"BRESIL &#8211; Accus\u00e9 par une avocate de \u00ab violences physiques, psychologiques et sexuelles \u00bb, l\u2019ancien Marseillais Dimitri Payet&hellip;\n","protected":false},"author":2,"featured_media":54270,"comment_status":"","ping_status":"","sticky":false,"template":"","format":"standard","meta":{"footnotes":""},"categories":[1357],"tags":[1379,14862,58,59,1011,27,14865,14864,1380,14866,14867,14863],"class_list":{"0":"post-54269","1":"post","2":"type-post","3":"status-publish","4":"format-standard","5":"has-post-thumbnail","7":"category-livres","8":"tag-books","9":"tag-dimitri-payet","10":"tag-divertissement","11":"tag-entertainment","12":"tag-fr","13":"tag-france","14":"tag-larissa","15":"tag-larissa-ferrari","16":"tag-livres","17":"tag-protection-des-femmes","18":"tag-vasco-de-gama","19":"tag-violences-physiques"},"share_on_mastodon":{"url":"https:\/\/pubeurope.com\/@fr\/114404048651309725","error":""},"_links":{"self":[{"href":"https:\/\/www.europesays.com\/fr\/wp-json\/wp\/v2\/posts\/54269","targetHints":{"allow":["GET"]}}],"collection":[{"href":"https:\/\/www.europesays.com\/fr\/wp-json\/wp\/v2\/posts"}],"about":[{"href":"https:\/\/www.europesays.com\/fr\/wp-json\/wp\/v2\/types\/post"}],"author":[{"embeddable":true,"href":"https:\/\/www.europesays.com\/fr\/wp-json\/wp\/v2\/users\/2"}],"replies":[{"embeddable":true,"href":"https:\/\/www.europesays.com\/fr\/wp-json\/wp\/v2\/comments?post=54269"}],"version-history":[{"count":0,"href":"https:\/\/www.europesays.com\/fr\/wp-json\/wp\/v2\/posts\/54269\/revisions"}],"wp:featuredmedia":[{"embeddable":true,"href":"https:\/\/www.europesays.com\/fr\/wp-json\/wp\/v2\/media\/54270"}],"wp:attachment":[{"href":"https:\/\/www.europesays.com\/fr\/wp-json\/wp\/v2\/media?parent=54269"}],"wp:term":[{"taxonomy":"category","embeddable":true,"href":"https:\/\/www.europesays.com\/fr\/wp-json\/wp\/v2\/categories?post=54269"},{"taxonomy":"post_tag","embeddable":true,"href":"https:\/\/www.europesays.com\/fr\/wp-json\/wp\/v2\/tags?post=54269"}],"curies":[{"name":"wp","href":"https:\/\/api.w.org\/{rel}","templated":true}]}}