{"id":542690,"date":"2025-11-18T15:06:29","date_gmt":"2025-11-18T15:06:29","guid":{"rendered":"https:\/\/www.europesays.com\/fr\/542690\/"},"modified":"2025-11-18T15:06:29","modified_gmt":"2025-11-18T15:06:29","slug":"une-premiere-scene-daffrontement-entre-navi-devoilee","status":"publish","type":"post","link":"https:\/\/www.europesays.com\/fr\/542690\/","title":{"rendered":"une premi\u00e8re sc\u00e8ne d&rsquo;affrontement entre Na&rsquo;vi d\u00e9voil\u00e9e"},"content":{"rendered":"<p>Alors que le blockbuster sortira en salles le 17 d\u00e9cembre en France, une sc\u00e8ne in\u00e9dite et compl\u00e8te montre la cheffe du clan du \u00ab\u00a0peuple des cendres\u00a0\u00bb traquant la famille Sully.<\/p>\n<p>C&rsquo;est une sc\u00e8ne qu&rsquo;on apercevait pendant cinq secondes \u00e0 peine dans <a href=\"https:\/\/www.bfmtv.com\/people\/cinema\/avatar-3-une-nouvelle-bande-annonce-et-une-affiche-inedite-pour-le-blockbuster-de-james-cameron_AV-202509250702.html\" title=\"&quot;Avatar 3&quot;: une nouvelle bande-annonce et une affiche in\u00e9dite pour le blockbuster de James Cameron\" class=\"internal_link\" rel=\"nofollow noopener\" target=\"_blank\">l&rsquo;une des bandes-annonces d&rsquo;Avatar: de feu et de cendres<\/a>, r\u00e9v\u00e9l\u00e9e fin septembre. Mais ces derni\u00e8res heures, une version plus longue de cette s\u00e9quence d&rsquo;action a \u00e9t\u00e9 relay\u00e9e sur les r\u00e9seaux sociaux.<\/p>\n<p>L&rsquo;extrait, qui se d\u00e9ploie sur plus d&rsquo;une minute, montre Varang, cheffe du clan Na&rsquo;vi Mangkwan, le \u00ab\u00a0peuple des cendres\u00a0\u00bb, nouveau personnage de l&rsquo;univers et visage de l&rsquo;<a href=\"https:\/\/www.bfmtv.com\/people\/cinema\/avatar-3-la-premiere-affiche-du-film-de-james-cameron-devoilee_AN-202507220215.html\" title=\"&quot;Avatar 3&quot;: La premi\u00e8re affiche du film de James Cameron d\u00e9voil\u00e9e\" class=\"internal_link\" rel=\"nofollow noopener\" target=\"_blank\">affiche<\/a> du troisi\u00e8me volet, \u00e0 la poursuite des enfants Sully et de Spider dans la jungle de Pandora. Elle est accompagn\u00e9e par d&rsquo;autres membres du \u00ab\u00a0peuple des cendres\u00a0\u00bb, arm\u00e9s et montrant les crocs.<\/p>\n<p>Le fils Sully Lo&rsquo;ak exhorte alors ses fr\u00e8res et s\u0153urs \u00e0 se mettre en s\u00e9curit\u00e9, les avertissant: \u00ab\u00a0Ils arrivent!\u00a0\u00bb, puis entra\u00eene Kiri, Tuktirey et Spider dans un ruisseau en contrebas. Lo&rsquo;ak les enjoint ensuite \u00e0 r\u00e9p\u00e9ter l&rsquo;une des c\u00e9l\u00e8bres devises de la famille, \u00ab\u00a0Les Sully n&rsquo;abandonnent jamais\u00a0\u00bb.<\/p>\n<p>Nouvelle dynamique<\/p>\n<p>Alors que les pr\u00e9c\u00e9dents films de la franchise mettaient principalement en sc\u00e8ne un affrontement entre les humains et les Na&rsquo;vi, ce troisi\u00e8me volet semble donc prendre une nouvelle tournure, repr\u00e9sentant d\u00e9sormais un face-\u00e0-face au sein m\u00eame des peuples Na&rsquo;vi.<\/p>\n<p>Dans une interview accord\u00e9e au magazine <a href=\"https:\/\/www.empireonline.com\/\" target=\"_blank\" class=\"external_link\" rel=\"nofollow noopener\">Empire<\/a> en janvier, <a href=\"https:\/\/www.bfmtv.com\/people\/cinema\/apres-avatar-james-cameron-va-adapter-le-livre-les-fantomes-d-hiroshima-au-cinema_AN-202409170947.html\" title=\"Apr\u00e8s &quot;Avatar&quot;, James Cameron va adapter le livre &quot;Les Fant\u00f4mes d&#039;Hiroshima&quot; au cin\u00e9ma\" class=\"internal_link\" rel=\"nofollow noopener\" target=\"_blank\">James Cameron<\/a> avait d\u00e9j\u00e0 \u00e9voqu\u00e9 la nouvelle figure de Varang, jou\u00e9e par Oona Chaplin, et cette nouvelle orientation: \u00ab\u00a0C&rsquo;est la cheffe d&rsquo;un peuple qui a travers\u00e9 des \u00e9preuves incroyables, qui l&rsquo;ont endurcie. Elle est pr\u00eate \u00e0 tout, m\u00eame \u00e0 faire des choses que nous consid\u00e9rerions comme mauvaises.\u00a0\u00bb<\/p>\n<blockquote class=\"embed embed_quote\"><p>\u00ab\u00a0Avec ce film, nous ne voulions pas \u00eatre simplistes, voir le monde en noir et blanc, rench\u00e9rit le r\u00e9alisateur de Titanic. Nous essayons d&rsquo;\u00e9voluer au-del\u00e0 du paradigme &lsquo;tous les humains sont mauvais, tous les Na&rsquo;vi sont bons&rsquo;.\u00a0\u00bb<\/p><\/blockquote>\n<p>Pour rappel, les deux premiers films Avatar avaient \u00e9t\u00e9 d&rsquo;immenses cartons au box-office, glanant en France pr\u00e8s de 14,8 millions d&rsquo;entr\u00e9es pour le premier et plus de 14,2 millions pour le second, selon <a href=\"https:\/\/cbo-boxoffice.com\/v4\/page000.php3?inc=fichemov.php3&amp;fid=17403\" target=\"_blank\" class=\"external_link\" rel=\"nofollow noopener\">CBO<\/a>. \u00c0 l&rsquo;international, le premier volet a enregistr\u00e9 2,9 milliards de dollars de recettes, et le second, 2,3 milliards, selon <a href=\"https:\/\/www.boxofficemojo.com\/title\/tt1630029\/?ref_=bo_se_r_3\" target=\"_blank\" class=\"external_link\" rel=\"nofollow noopener\">Box Office Mojo<\/a>.<\/p>\n<p>Les quatri\u00e8me et cinqui\u00e8me parties de la franchise sont respectivement pr\u00e9vues aux \u00c9tats-Unis le 21 d\u00e9cembre 2029 et le 19 d\u00e9cembre 2031.<\/p>\n","protected":false},"excerpt":{"rendered":"Alors que le blockbuster sortira en salles le 17 d\u00e9cembre en France, une sc\u00e8ne in\u00e9dite et compl\u00e8te montre&hellip;\n","protected":false},"author":2,"featured_media":417679,"comment_status":"","ping_status":"","sticky":false,"template":"","format":"standard","meta":{"footnotes":""},"categories":[1354],"tags":[58,59,1346,1011,27,1360],"class_list":{"0":"post-542690","1":"post","2":"type-post","3":"status-publish","4":"format-standard","5":"has-post-thumbnail","7":"category-films","8":"tag-divertissement","9":"tag-entertainment","10":"tag-films","11":"tag-fr","12":"tag-france","13":"tag-movies"},"share_on_mastodon":{"url":"https:\/\/pubeurope.com\/@fr\/115571326066321792","error":""},"_links":{"self":[{"href":"https:\/\/www.europesays.com\/fr\/wp-json\/wp\/v2\/posts\/542690","targetHints":{"allow":["GET"]}}],"collection":[{"href":"https:\/\/www.europesays.com\/fr\/wp-json\/wp\/v2\/posts"}],"about":[{"href":"https:\/\/www.europesays.com\/fr\/wp-json\/wp\/v2\/types\/post"}],"author":[{"embeddable":true,"href":"https:\/\/www.europesays.com\/fr\/wp-json\/wp\/v2\/users\/2"}],"replies":[{"embeddable":true,"href":"https:\/\/www.europesays.com\/fr\/wp-json\/wp\/v2\/comments?post=542690"}],"version-history":[{"count":0,"href":"https:\/\/www.europesays.com\/fr\/wp-json\/wp\/v2\/posts\/542690\/revisions"}],"wp:featuredmedia":[{"embeddable":true,"href":"https:\/\/www.europesays.com\/fr\/wp-json\/wp\/v2\/media\/417679"}],"wp:attachment":[{"href":"https:\/\/www.europesays.com\/fr\/wp-json\/wp\/v2\/media?parent=542690"}],"wp:term":[{"taxonomy":"category","embeddable":true,"href":"https:\/\/www.europesays.com\/fr\/wp-json\/wp\/v2\/categories?post=542690"},{"taxonomy":"post_tag","embeddable":true,"href":"https:\/\/www.europesays.com\/fr\/wp-json\/wp\/v2\/tags?post=542690"}],"curies":[{"name":"wp","href":"https:\/\/api.w.org\/{rel}","templated":true}]}}