{"id":542703,"date":"2025-11-18T15:13:12","date_gmt":"2025-11-18T15:13:12","guid":{"rendered":"https:\/\/www.europesays.com\/fr\/542703\/"},"modified":"2025-11-18T15:13:12","modified_gmt":"2025-11-18T15:13:12","slug":"pres-dune-semaine-apres-sa-liberation-boualem-sansal-est-de-retour-en-france","status":"publish","type":"post","link":"https:\/\/www.europesays.com\/fr\/542703\/","title":{"rendered":"Pr\u00e8s d\u2019une semaine apr\u00e8s sa lib\u00e9ration, Boualem Sansal est de retour en France"},"content":{"rendered":"<p>\n    L\u2019\u00e9crivain franco-alg\u00e9rien, arriv\u00e9 mercredi dernier \u00e0 Berlin, est rentr\u00e9 ce mardi \u00e0 Paris. Il a \u00e9t\u00e9 re\u00e7u dans la foul\u00e9e \u00e0 l\u2019\u00c9lys\u00e9e par Emmanuel Macron.<\/p>\n<p class=\"fig-paragraph\"><a href=\"https:\/\/www.lefigaro.fr\/international\/en-direct-boualem-sansal-grace-algerie-allemagne-hospitalisation-ecrivain-20251118\" data-fig-type=\"Live\" data-gtm-custom-categorie=\"navigation\" data-gtm-custom-action=\"crossclick\" data-gtm-custom-label=\"Contextuel\" data-gtm-event=\"customEventSPE\" data-fig-domain=\"LEFIGARO\" target=\"_blank\" rel=\"noopener\">De retour en France<\/a>\u00a0apr\u00e8s un \u00absas interm\u00e9diaire\u00bb berlinois. Ce mardi,\u00a0<a href=\"http:\/\/www.lefigaro.fr\/actualite-france\/dossier\/detention-de-boualem-sansal-en-algerie-notre-dossier-pour-tout-comprendre\" data-fig-type=\"Topic\" data-gtm-custom-categorie=\"navigation\" data-gtm-custom-action=\"crossclick\" data-gtm-custom-label=\"Contextuel\" data-gtm-event=\"customEventSPE\" data-fig-domain=\"LEFIGARO\" target=\"_blank\" rel=\"noopener\">l\u2019auteur franco-alg\u00e9rien Boualem Sansal, graci\u00e9 par l\u2019Alg\u00e9rie<\/a>\u00a0le 12 novembre apr\u00e8s un an d\u2019emprisonnement, a quitt\u00e9 Berlin pour Paris. Dans un communiqu\u00e9, son comit\u00e9 de soutien a \u00absalu\u00e9 avec une profonde \u00e9motion\u00bb le retour de l\u2019\u00e9crivain, et adress\u00e9 \u00abses remerciements les plus chaleureux \u00e0 toutes celles et tous ceux qui ont contribu\u00e9 \u00e0 rendre possible cette issue heureuse\u00bb.<\/p>\n<p class=\"fig-body-link\">\n            \u00c0 lire aussi<br \/>\n        <a class=\"fig-body-link__link fig-premium-mark\" href=\"http:\/\/www.lefigaro.fr\/international\/gracie-par-l-algerie-boualem-sansal-est-arrive-a-berlin-au-terme-d-un-important-travail-en-coulisses-de-la-diplomatie-allemande-20251112\" target=\"_blank\" data-fig-type=\"NewsFlash\" rel=\"noopener\" data-gtm-custom-categorie=\"navigation\" data-gtm-custom-action=\"crossclick\" data-gtm-custom-label=\"Contextuel\" data-gtm-event=\"customEventSPE\" data-fig-domain=\"LEFIGARO\"><\/p>\n<p>        Graci\u00e9 par l\u2019Alg\u00e9rie, Boualem Sansal est arriv\u00e9 \u00e0 Berlin, au terme d\u2019un important travail en coulisses de la diplomatie allemande<br \/>\n    <\/a>\n<\/p>\n<p class=\"fig-paragraph\">Ces derniers jours, courait une rumeur selon laquelle Emmanuel Macron, attendu \u00e0 Berlin ce mardi apr\u00e8s-midi \u00e0 l\u2019occasion du sommet pour la souverainet\u00e9 num\u00e9rique europ\u00e9enne, aurait pu ramener Boualem Sansal avec lui \u00e0 Paris. Finalement, avant son d\u00e9part pour l\u2019Allemagne, le chef de l\u2019\u00c9tat a re\u00e7u l\u2019\u00e9crivain et son \u00e9pouse \u00e0 l\u2019\u00c9lys\u00e9e. Dans un communiqu\u00e9 envoy\u00e9 ensuite, le pr\u00e9sident fran\u00e7ais a assur\u00e9 \u00abse r\u00e9jouir profond\u00e9ment\u00bb de la lib\u00e9ration de Boualem Sansal. Il a par ailleurs salu\u00e9 \u00aben particulier l\u2019engagement\u00bb du pr\u00e9sident allemand Frank-Walter Steinmeier\u2026<\/p>\n<p class=\"fig-premium-paywall__infos\">\n        Cet article est r\u00e9serv\u00e9 aux abonn\u00e9s.        Il vous reste 84% \u00e0 d\u00e9couvrir.\n    <\/p>\n<p>                <img  data- alt=\"Le Figaro\" class=\"fig-img--complete fig-img\"\/><\/p>\n<p class=\"fig-premium-paywall__title\">Black Friday<\/p>\n<p class=\"fig-premium-paywall__subtitle\">-70% sur l&rsquo;abonnement num\u00e9rique<\/p>\n<p class=\"fig-premium-paywall__connect\">\n                D\u00e9j\u00e0 abonn\u00e9\u00a0?                <a class=\"fig-premium-paywall__connect-link\" href=\"https:\/\/connect.lefigaro.fr\/login?client=horizon_web&amp;type=main&amp;redirect_uri=https%3A%2F%2Fwww.lefigaro.fr%2Finternational%2Fpres-d-une-semaine-apres-sa-liberation-boualem-sansal-est-de-retour-en-france-20251118\" data-js-gtm=\"{&quot;customCategorie&quot;: &quot;conversion&quot;, &quot;customAction&quot;: &quot;before_Landing_Connexion_paywall_auto&quot;, &quot;customLabel&quot;: &quot;bGVmaWdhcm8uZnJfXzFmMGMzZTU2LTZjN2QtNjViMC04YmI1LTUxZTYwNjI4YjU2M19fTmV3c0ZsYXNo_Pr\u00e8s d\u2019une semaine apr\u00e8s sa lib\u00e9ration, Boualem Sansal est de retour en France_555&quot;, &quot;customIDSPE&quot;: &quot;bGVmaWdhcm8uZnJfXzFmMGMzZTU2LTZjN2QtNjViMC04YmI1LTUxZTYwNjI4YjU2M19fTmV3c0ZsYXNo&quot;, &quot;event&quot;: &quot;customEventSPE&quot;}\" target=\"_blank\" rel=\"noopener\"><br \/>\n                    Connectez-vous<br \/>\n                <\/a>\n            <\/p>\n","protected":false},"excerpt":{"rendered":"L\u2019\u00e9crivain franco-alg\u00e9rien, arriv\u00e9 mercredi dernier \u00e0 Berlin, est rentr\u00e9 ce mardi \u00e0 Paris. Il a \u00e9t\u00e9 re\u00e7u dans&hellip;\n","protected":false},"author":2,"featured_media":542704,"comment_status":"","ping_status":"","sticky":false,"template":"","format":"standard","meta":{"footnotes":""},"categories":[4],"tags":[11,672,4142,312,1073,1011,27,32897,12,25],"class_list":{"0":"post-542703","1":"post","2":"type-post","3":"status-publish","4":"format-standard","5":"has-post-thumbnail","7":"category-france","8":"tag-actualites","9":"tag-allemagne","10":"tag-boualem-sansal","11":"tag-diplomatie","12":"tag-emmanuel-macron","13":"tag-fr","14":"tag-france","15":"tag-frank-walter-steinmeier","16":"tag-news","17":"tag-republique-francaise"},"share_on_mastodon":{"url":"https:\/\/pubeurope.com\/@fr\/115571353652593992","error":""},"_links":{"self":[{"href":"https:\/\/www.europesays.com\/fr\/wp-json\/wp\/v2\/posts\/542703","targetHints":{"allow":["GET"]}}],"collection":[{"href":"https:\/\/www.europesays.com\/fr\/wp-json\/wp\/v2\/posts"}],"about":[{"href":"https:\/\/www.europesays.com\/fr\/wp-json\/wp\/v2\/types\/post"}],"author":[{"embeddable":true,"href":"https:\/\/www.europesays.com\/fr\/wp-json\/wp\/v2\/users\/2"}],"replies":[{"embeddable":true,"href":"https:\/\/www.europesays.com\/fr\/wp-json\/wp\/v2\/comments?post=542703"}],"version-history":[{"count":0,"href":"https:\/\/www.europesays.com\/fr\/wp-json\/wp\/v2\/posts\/542703\/revisions"}],"wp:featuredmedia":[{"embeddable":true,"href":"https:\/\/www.europesays.com\/fr\/wp-json\/wp\/v2\/media\/542704"}],"wp:attachment":[{"href":"https:\/\/www.europesays.com\/fr\/wp-json\/wp\/v2\/media?parent=542703"}],"wp:term":[{"taxonomy":"category","embeddable":true,"href":"https:\/\/www.europesays.com\/fr\/wp-json\/wp\/v2\/categories?post=542703"},{"taxonomy":"post_tag","embeddable":true,"href":"https:\/\/www.europesays.com\/fr\/wp-json\/wp\/v2\/tags?post=542703"}],"curies":[{"name":"wp","href":"https:\/\/api.w.org\/{rel}","templated":true}]}}