{"id":542720,"date":"2025-11-18T15:25:18","date_gmt":"2025-11-18T15:25:18","guid":{"rendered":"https:\/\/www.europesays.com\/fr\/542720\/"},"modified":"2025-11-18T15:25:18","modified_gmt":"2025-11-18T15:25:18","slug":"un-tres-beau-plateau-danniversaire","status":"publish","type":"post","link":"https:\/\/www.europesays.com\/fr\/542720\/","title":{"rendered":"un tr\u00e8s beau plateau d\u2019anniversaire"},"content":{"rendered":"<p>Cette ann\u00e9e, \u00c9qui Seine f\u00eate sa vingt-cinqui\u00e8me \u00e9dition, soit un quart de si\u00e8cle de sport, d\u2019\u00e9motions et de passion \u00e9questre. Pour c\u00e9l\u00e9brer cet anniversaire symbolique, l\u2019\u00e9v\u00e9nement normand d\u00e9voile un plateau d\u2019une qualit\u00e9 exceptionnelle. D\u00e8s ce jeudi, le Parc des Expositions de Rouen accueillera quelques-uns des plus grands noms du saut d\u2019obstacles fran\u00e7ais et international, et pas moins de trois cent quatre-vingts chevaux.<\/p>\n<p>Le casting du CSI 4* a tr\u00e8s fi\u00e8re allure avec Julien \u00c9paillard, num\u00e9ro un fran\u00e7ais au classement mondial Longines des cavaliers et m\u00e9daill\u00e9 de bronze par \u00e9quipes aux Jeux olympiques de Paris 2024, trois des quatre champions olympiques par \u00e9quipes des Jeux de Rio 2016, Kevin Staut, Philippe Rozier et P\u00e9n\u00e9lope Leprevost, l\u2019enfant du pays, mais aussi Julien Anquetin, Marc Dilasser, Olivier Robert, Titouan Schumacher, vainqueur du Grand Prix de la r\u00e9gion Normandie l\u2019an pass\u00e9, Nicolas Layec, Fran\u00e7ois-Xavier Boudant, C\u00e9dric Hurel et Mathieu Billot. Fid\u00e8le \u00e0 ses racines, \u00c9qui Seine met \u00e0 l\u2019honneur un maximum de cavaliers de la r\u00e9gion, dont \u00c9den Leprevost Blin-Lebreton, Charles-Henri Ferm\u00e9 ou encore Laurent Goffinet. La d\u00e9l\u00e9gation d\u2019\u00e9trangers sera \u00e9galement au niveau de l\u2019\u00e9v\u00e9nement, l\u2019association normande ayant notamment attir\u00e9 les Suisses Bryan Balsiger, Anthony Bourquard et Romain Duguet, le Britannique Sameh El Dahan, l\u2019Allemande Kendra Claricia Brinkop, la Canadienne Kara Chad, le Luxembourgeois Victor Bettendorf, les N\u00e9erlandais Sanne Thijssen et Kevin Jochems ou encore l\u2019Italien Lorenzo de Luca .\u00a0<\/p>\n<p>Quant au CSI 2*, il accueillera notamment un vivier de jeunes talents fran\u00e7ais, dont Mathilde Pinault, Zo\u00e9 Vageon Ledy, Timoth\u00e9e Goffinet, Ilona Mezzadri, Ramatou Ouedraogo et Evann Dilasser, ainsi que les champions normands Reynald Angot, Alexandra Ledermann, Timoth\u00e9e Anciaume et Patrice Delaveau. Comme chaque ann\u00e9e, \u00c9qui Seine offre une v\u00e9ritable opportunit\u00e9 sportive \u00e0 soixante-dix cavali\u00e8res et cavaliers amateurs, qui participeront eux aussi \u00e0 la f\u00eate en prenant part au CSI Amateurs. Pour cette \u00e9dition anniversaire, les organisateurs promettent quatre jours intenses, f\u00e9d\u00e9rateurs et spectaculaires. Un rendez-vous incontournable \u00e0 vivre pleinement d\u00e8s jeudi sur place et en direct sur <a href=\"https:\/\/grandprix.tv\/\" rel=\"nofollow noopener\" target=\"_blank\">GRANDPRIX.tv<\/a><\/p>\n<p><strong><a href=\"https:\/\/www.equiseine.fr\/\" rel=\"nofollow noopener\" target=\"_blank\">Renseignements et r\u00e9servations<\/a><\/strong><\/p>\n","protected":false},"excerpt":{"rendered":"Cette ann\u00e9e, \u00c9qui Seine f\u00eate sa vingt-cinqui\u00e8me \u00e9dition, soit un quart de si\u00e8cle de sport, d\u2019\u00e9motions et de&hellip;\n","protected":false},"author":2,"featured_media":2623,"comment_status":"","ping_status":"","sticky":false,"template":"","format":"standard","meta":{"footnotes":""},"categories":[9587],"tags":[1111,11,1777,674,1011,27,12,5161,25,9590],"class_list":{"0":"post-542720","1":"post","2":"type-post","3":"status-publish","4":"format-standard","5":"has-post-thumbnail","7":"category-rouen","8":"tag-actu","9":"tag-actualites","10":"tag-eu","11":"tag-europe","12":"tag-fr","13":"tag-france","14":"tag-news","15":"tag-normandie","16":"tag-republique-francaise","17":"tag-rouen"},"share_on_mastodon":{"url":"https:\/\/pubeurope.com\/@fr\/115571400648751683","error":""},"_links":{"self":[{"href":"https:\/\/www.europesays.com\/fr\/wp-json\/wp\/v2\/posts\/542720","targetHints":{"allow":["GET"]}}],"collection":[{"href":"https:\/\/www.europesays.com\/fr\/wp-json\/wp\/v2\/posts"}],"about":[{"href":"https:\/\/www.europesays.com\/fr\/wp-json\/wp\/v2\/types\/post"}],"author":[{"embeddable":true,"href":"https:\/\/www.europesays.com\/fr\/wp-json\/wp\/v2\/users\/2"}],"replies":[{"embeddable":true,"href":"https:\/\/www.europesays.com\/fr\/wp-json\/wp\/v2\/comments?post=542720"}],"version-history":[{"count":0,"href":"https:\/\/www.europesays.com\/fr\/wp-json\/wp\/v2\/posts\/542720\/revisions"}],"wp:featuredmedia":[{"embeddable":true,"href":"https:\/\/www.europesays.com\/fr\/wp-json\/wp\/v2\/media\/2623"}],"wp:attachment":[{"href":"https:\/\/www.europesays.com\/fr\/wp-json\/wp\/v2\/media?parent=542720"}],"wp:term":[{"taxonomy":"category","embeddable":true,"href":"https:\/\/www.europesays.com\/fr\/wp-json\/wp\/v2\/categories?post=542720"},{"taxonomy":"post_tag","embeddable":true,"href":"https:\/\/www.europesays.com\/fr\/wp-json\/wp\/v2\/tags?post=542720"}],"curies":[{"name":"wp","href":"https:\/\/api.w.org\/{rel}","templated":true}]}}