{"id":542721,"date":"2025-11-18T15:26:12","date_gmt":"2025-11-18T15:26:12","guid":{"rendered":"https:\/\/www.europesays.com\/fr\/542721\/"},"modified":"2025-11-18T15:26:12","modified_gmt":"2025-11-18T15:26:12","slug":"grenoble-le-23e-festival-du-cirque-du-jeudi-20-au-dimanche-23-novembre","status":"publish","type":"post","link":"https:\/\/www.europesays.com\/fr\/542721\/","title":{"rendered":"Grenoble. Le 23e Festival du cirque du jeudi\u00a020 au dimanche 23\u00a0novembre"},"content":{"rendered":"<p>45 artistes de 16 nationalit\u00e9s seront pr\u00e9sents sur les deux pistes du 23e\u00a0 Festival du cirque de Grenoble du jeudi\u00a020 au dimanche 23\u00a0novembre. Notamment le duo Minasov, qui proposera du quick change. \u00ab\u00a0Une discipline toujours tr\u00e8s compliqu\u00e9e \u00e0 Grenoble puisque les artistes sont visibles \u00e0 360 degr\u00e9s\u00a0\u00bb, pr\u00e9cise Guy Chanal, le directeur. Le duo Lugo, lui, est typique des nouvelles formes apport\u00e9es au cirque depuis quelques ann\u00e9es, avec un spectacle de drones. Citons aussi un jongleur sur un fil d\u00e9tendu, de la danse acrobatique, des lasers, de la perche, du BMX et bien \u00e9videmment de la clownerie.<\/p>\n<p class=\"note\">Du jeudi\u00a020 au dimanche 23\u00a0novembre, au Palais des sports. Horaires et tarifs sur www.gcproductions.fr.<\/p>\n","protected":false},"excerpt":{"rendered":"45 artistes de 16 nationalit\u00e9s seront pr\u00e9sents sur les deux pistes du 23e\u00a0 Festival du cirque de Grenoble&hellip;\n","protected":false},"author":2,"featured_media":542722,"comment_status":"","ping_status":"","sticky":false,"template":"","format":"standard","meta":{"footnotes":""},"categories":[9566],"tags":[1111,11,2430,1687,112,1777,674,1011,27,2731,2732,108,12,25,3140],"class_list":{"0":"post-542721","1":"post","2":"type-post","3":"status-publish","4":"format-standard","5":"has-post-thumbnail","7":"category-grenoble","8":"tag-actu","9":"tag-actualites","10":"tag-auvergne-rhone-alpes","11":"tag-culture-loisirs","12":"tag-edition-grenoble-agglomeration","13":"tag-eu","14":"tag-europe","15":"tag-fr","16":"tag-france","17":"tag-grenoble","18":"tag-grenoble-bassin","19":"tag-isere","20":"tag-news","21":"tag-republique-francaise","22":"tag-spectacle"},"share_on_mastodon":{"url":"https:\/\/pubeurope.com\/@fr\/115571404554002353","error":""},"_links":{"self":[{"href":"https:\/\/www.europesays.com\/fr\/wp-json\/wp\/v2\/posts\/542721","targetHints":{"allow":["GET"]}}],"collection":[{"href":"https:\/\/www.europesays.com\/fr\/wp-json\/wp\/v2\/posts"}],"about":[{"href":"https:\/\/www.europesays.com\/fr\/wp-json\/wp\/v2\/types\/post"}],"author":[{"embeddable":true,"href":"https:\/\/www.europesays.com\/fr\/wp-json\/wp\/v2\/users\/2"}],"replies":[{"embeddable":true,"href":"https:\/\/www.europesays.com\/fr\/wp-json\/wp\/v2\/comments?post=542721"}],"version-history":[{"count":0,"href":"https:\/\/www.europesays.com\/fr\/wp-json\/wp\/v2\/posts\/542721\/revisions"}],"wp:featuredmedia":[{"embeddable":true,"href":"https:\/\/www.europesays.com\/fr\/wp-json\/wp\/v2\/media\/542722"}],"wp:attachment":[{"href":"https:\/\/www.europesays.com\/fr\/wp-json\/wp\/v2\/media?parent=542721"}],"wp:term":[{"taxonomy":"category","embeddable":true,"href":"https:\/\/www.europesays.com\/fr\/wp-json\/wp\/v2\/categories?post=542721"},{"taxonomy":"post_tag","embeddable":true,"href":"https:\/\/www.europesays.com\/fr\/wp-json\/wp\/v2\/tags?post=542721"}],"curies":[{"name":"wp","href":"https:\/\/api.w.org\/{rel}","templated":true}]}}