{"id":542726,"date":"2025-11-18T15:29:11","date_gmt":"2025-11-18T15:29:11","guid":{"rendered":"https:\/\/www.europesays.com\/fr\/542726\/"},"modified":"2025-11-18T15:29:11","modified_gmt":"2025-11-18T15:29:11","slug":"apres-lavoir-fait-chuter-un-homme-tenter-de-violer-une-cycliste-en-pleine-rue","status":"publish","type":"post","link":"https:\/\/www.europesays.com\/fr\/542726\/","title":{"rendered":"apr\u00e8s l&rsquo;avoir fait chuter, un homme tenter de violer une cycliste en pleine rue"},"content":{"rendered":"<p>                    Par<br \/>\n        <strong><br \/>\n            <a href=\"https:\/\/actu.fr\/auteur\/laurene-fertin\" title=\"Consulter tous les articles de Laur\u00e8ne Fertin\" rel=\"nofollow noopener\" target=\"_blank\">Laur\u00e8ne Fertin<\/a><br \/>\n                    <\/strong><\/p>\n<p>        Publi\u00e9 le<\/p>\n<p>            18 nov. 2025 \u00e0 16h04        <\/p>\n<p>C\u2019est une sc\u00e8ne pour le moins <strong>choquante<\/strong> qui s\u2019est d\u00e9roul\u00e9e mardi 11\u00a0novembre 2025, \u00e0 Rennes. Comme l\u2019indique Fr\u00e9d\u00e9ric Teillet, procureur de la R\u00e9publique de Rennes, les effectifs de police sont intervenus pour un individu qui, apr\u00e8s <strong>avoir fait chuter une cycliste,<\/strong> <strong>a tent\u00e9 de la violer.<\/strong><\/p>\n<p>\u00ab\u2009Elle a cri\u00e9 et s\u2019est d\u00e9battue\u2009\u00bb<\/p>\n<p class=\" wall-content\">Les faits se sont d\u00e9roul\u00e9s sur <strong>le boulevard Albert 1\u1d49\u02b3<\/strong>, dans le quartier <strong>Br\u00e9quigny,<\/strong> tard dans la soir\u00e9e.<\/p>\n<p class=\" wall-content\">La victime sortait <strong>d\u2019un cours de th\u00e9\u00e2tre<\/strong> et roulait \u00e0 v\u00e9lo. L\u2019agresseur s\u2019est alors approch\u00e9 d\u2019elle, <strong>l\u2019a pouss\u00e9e,<\/strong> mise \u00e0 terre en la tenant d\u2019une main. Avec l\u2019autre, il a<strong> tent\u00e9 d\u2019arracher son collant<\/strong> et de la p\u00e9n\u00e9trer sexuellement avec les doigts.<strong> \u00ab\u2009Elle a cri\u00e9 et s\u2019est d\u00e9battue\u2009\u00bb,<\/strong> pr\u00e9cise Fr\u00e9d\u00e9ric Teillet. Des t\u00e9moins pr\u00e9sents ont compos\u00e9 le 17.<\/p>\n<p class=\" wall-content\">La victime a expliqu\u00e9 aux forces de l\u2019ordre que son agresseur avait tent\u00e9 de prendre la fuite en volant son v\u00e9lo, qu\u2019elle avait malgr\u00e9 tout tenu bon, et que <strong>ce dernier \u00e9tait finalement parti \u00e0 pied.<\/strong><\/p>\n<p>Sous curatelle<\/p>\n<p class=\" wall-content\">L\u2019individu, sous curatelle, a reconnu les faits. Jeudi 13\u00a0novembre, le parquet de Rennes a ordonn\u00e9 son d\u00e9f\u00e8rement au Palais de justice \u00e0 l\u2019issue de sa garde \u00e0 vue. Une convocation lui a \u00e9t\u00e9 attribu\u00e9e pour \u00eatre <strong>jug\u00e9 dans le cadre d\u2019une comparution \u00e0 d\u00e9lai diff\u00e9r\u00e9 le 12\u00a0janvier 2026.<\/strong><\/p>\n<p class=\" wall-content\"><strong>\u00ab\u2009Une expertise psychiatrique<\/strong> devant \u00eatre r\u00e9alis\u00e9e d\u2019ici \u00e0 cette date\u2009\u00bb, indique le procureur. Dans l\u2019attente, il a \u00e9t\u00e9 plac\u00e9 en d\u00e9tention provisoire par le juge des libert\u00e9s et de la d\u00e9tention \u00e0 la demande du parquet.<\/p>\n<p>Votre r\u00e9gion, votre actu !<\/p>\n<p>Recevez chaque jour les infos qui comptent pour vous.<\/p>\n<p>\t<a href=\"https:\/\/actu.fr\/newsletter\" class=\"ac-btn ac-btn--corner ac-btn--medium ac-btn--blue800\" rel=\"nofollow noopener\" target=\"_blank\">S&rsquo;incrire<\/a><\/p>\n<p class=\" wall-content\"><strong>La victime,<\/strong> quant \u00e0 elle, s\u2019est vue d\u00e9livrer <strong>une ITT de quatre jours.<\/strong><\/p>\n<p class=\" wall-content\">Personnalisez votre actualit\u00e9 en ajoutant vos villes et m\u00e9dias en favori avec <a href=\"https:\/\/moncompte.actu.fr\" title=\"D\u00e9couvez Mon Actu\" rel=\"nofollow noopener\" data-trk=\"{&quot;cta&quot;:{&quot;action&quot;:&quot;https:\\\/\\\/moncompte.actu.fr&quot;,&quot;category&quot;:&quot;mon compte&quot;,&quot;from&quot;:&quot;article footer&quot;,&quot;name&quot;:&quot;Mon actu&quot;,&quot;type&quot;:&quot;cta&quot;}}\" target=\"_blank\">Mon Actu<\/a>.<\/p>\n","protected":false},"excerpt":{"rendered":"Par Laur\u00e8ne Fertin Publi\u00e9 le 18 nov. 2025 \u00e0 16h04 C\u2019est une sc\u00e8ne pour le moins choquante qui&hellip;\n","protected":false},"author":2,"featured_media":542727,"comment_status":"","ping_status":"","sticky":false,"template":"","format":"standard","meta":{"footnotes":""},"categories":[2821],"tags":[1111,11,829,1777,674,118,1011,27,303,12,1072,584,25],"class_list":{"0":"post-542726","1":"post","2":"type-post","3":"status-publish","4":"format-standard","5":"has-post-thumbnail","7":"category-rennes","8":"tag-actu","9":"tag-actualites","10":"tag-bretagne","11":"tag-eu","12":"tag-europe","13":"tag-faits-divers","14":"tag-fr","15":"tag-france","16":"tag-justice","17":"tag-news","18":"tag-police","19":"tag-rennes","20":"tag-republique-francaise"},"share_on_mastodon":{"url":"https:\/\/pubeurope.com\/@fr\/115571416552832361","error":""},"_links":{"self":[{"href":"https:\/\/www.europesays.com\/fr\/wp-json\/wp\/v2\/posts\/542726","targetHints":{"allow":["GET"]}}],"collection":[{"href":"https:\/\/www.europesays.com\/fr\/wp-json\/wp\/v2\/posts"}],"about":[{"href":"https:\/\/www.europesays.com\/fr\/wp-json\/wp\/v2\/types\/post"}],"author":[{"embeddable":true,"href":"https:\/\/www.europesays.com\/fr\/wp-json\/wp\/v2\/users\/2"}],"replies":[{"embeddable":true,"href":"https:\/\/www.europesays.com\/fr\/wp-json\/wp\/v2\/comments?post=542726"}],"version-history":[{"count":0,"href":"https:\/\/www.europesays.com\/fr\/wp-json\/wp\/v2\/posts\/542726\/revisions"}],"wp:featuredmedia":[{"embeddable":true,"href":"https:\/\/www.europesays.com\/fr\/wp-json\/wp\/v2\/media\/542727"}],"wp:attachment":[{"href":"https:\/\/www.europesays.com\/fr\/wp-json\/wp\/v2\/media?parent=542726"}],"wp:term":[{"taxonomy":"category","embeddable":true,"href":"https:\/\/www.europesays.com\/fr\/wp-json\/wp\/v2\/categories?post=542726"},{"taxonomy":"post_tag","embeddable":true,"href":"https:\/\/www.europesays.com\/fr\/wp-json\/wp\/v2\/tags?post=542726"}],"curies":[{"name":"wp","href":"https:\/\/api.w.org\/{rel}","templated":true}]}}