{"id":542728,"date":"2025-11-18T15:30:23","date_gmt":"2025-11-18T15:30:23","guid":{"rendered":"https:\/\/www.europesays.com\/fr\/542728\/"},"modified":"2025-11-18T15:30:23","modified_gmt":"2025-11-18T15:30:23","slug":"strasbourg-securite-du-marche-de-noel-le-dispositif-2024-reconduit","status":"publish","type":"post","link":"https:\/\/www.europesays.com\/fr\/542728\/","title":{"rendered":"Strasbourg. S\u00e9curit\u00e9 du march\u00e9 de No\u00ebl\u00a0: le dispositif 2024 reconduit"},"content":{"rendered":"<p>C\u2019est C\u00e9cile Rackette qui pr\u00e9side ce mardi 18 novembre la conf\u00e9rence de presse d\u00e9di\u00e9e \u00e0 la s\u00e9curit\u00e9 du march\u00e9 de No\u00ebl, le pr\u00e9fet \u00e9tant excus\u00e9. Rappelant l\u2019\u00e9dition record de 2024 et ses 3,4 millions de visiteurs, la directrice de cabinet du pr\u00e9fet rappelle les \u00ab r\u00e8gles qui s\u2019imposent \u00bb du fait de cette \u00ab pr\u00e9sence massive \u00bb. Elle \u00e9voque sans d\u00e9tour le contexte de \u00ab menace terroriste \u00bb avec lequel nous devons vivre. Et pointe que le dispositif 2025 reprend \u00ab pour l\u2019essentiel celui de 2024 \u00bb, pens\u00e9 pour faire face \u00e0 une \u00ab surfr\u00e9quentation \u00bb et aux risques inh\u00e9rents &#8211; mouvements de foule, mais pas que.<\/p>\n<p>  Rues \u00e0 sens unique, mais en v2<\/p>\n<p>La mesure avait d\u00e9montr\u00e9 son efficacit\u00e9 et suscit\u00e9 quelques tensions avec les commer\u00e7ants\u00a0: la <a href=\"https:\/\/www.dna.fr\/culture-loisirs\/2024\/11\/29\/les-rues-pietonnes-de-l-outre-des-orfevres-et-du-maroquin-a-sens-unique-le-week-end\" target=\"_blank\" rel=\"noopener\">mise en sens unique de rues strat\u00e9giques le week-end<\/a> , pour fluidifier la circulation des pi\u00e9tons entre la place Kl\u00e9ber, la place Broglie et la cath\u00e9drale.<\/p>\n<p>Elle est reconduite mais dans sa version assouplie, signe que le dialogue entre le pr\u00e9fet Jacques Witkowski et le repr\u00e9sentant des Vitrines de Strasbourg Gwenn Bauer <a href=\"https:\/\/www.dna.fr\/culture-loisirs\/2024\/12\/02\/vers-un-allegement-du-dispositif-des-rues-pietonnes-a-sens-unique\" target=\"_blank\" rel=\"noopener\">a port\u00e9 ses fruits<\/a>.<\/p>\n<p>Le week-end d\u00e8s 13\u00a0h, la rue de l\u2019Outre est mise en sens unique pour \u00e9couler les visiteurs de la place Kl\u00e9ber vers la place des \u00c9tudiants.<\/p>\n<p>Toujours \u00e0 partir de 13\u00a0h les fins de semaine, la rue du Maroquin est en sens unique vers les embarcad\u00e8res pour d\u00e9sengorger la sortie de la cath\u00e9drale et le march\u00e9 de No\u00ebl du parvis.<\/p>\n<p>Toujours \u00ab\u00a0sur proposition des forces de l\u2019ordre\u00a0\u00bb, pr\u00e9cise la pr\u00e9fecture, la rue des Orf\u00e8vres pourra \u00eatre en sens unique vers le Temple Neuf, et la rue des Dominicains vers les Grandes Arcades, les deux \u00e0 tout moment le week-end.<\/p>\n<p>Cette activation en fonction de l\u2019affluence \u2013 que l\u2019\u00c9tat et la Ville <a href=\"https:\/\/www.dna.fr\/faits-divers-justice\/2024\/12\/22\/strasbourg-dans-le-centre-nevralgique-de-la-surveillance-des-marches-de-noel\" target=\"_blank\" rel=\"noopener\">surveillent en temps r\u00e9el depuis un PC install\u00e9\u00a0\u00e0\u00a0la\u00a0pr\u00e9fecture<\/a> \u2013 r\u00e9pond aux demandes des commer\u00e7ants. Ils estimaient l\u2019an dernier que la mesure appliqu\u00e9e sans discernement vidait sans raison les \u00e9choppes et dissuadait les habitu\u00e9s.<\/p>\n<p>\u00ab\u00a0Ce n\u2019est pas parce qu\u2019on est toujours pass\u00e9 par l\u00e0 qu\u2019on ne peut pas emprunter un autre chemin\u00a0\u00bb, insiste n\u00e9anmoins le contr\u00f4leur g\u00e9n\u00e9ral Jean Hayet, directeur de la Police nationale 67.<\/p>\n<p>  Sanctuarisation de la grande \u00eele<\/p>\n<p>L\u2019acc\u00e8s \u00e0 la grande \u00eele sera de nouveau tr\u00e8s encadr\u00e9 d\u00e8s le lancement de ce 455 e Christkindelsm\u00e4rik. Les v\u00e9hicules pourront entrer par le pont de l\u2019Abattoir, le pont de Paris, le pont de la Fonderie et le pont du Corbeau. Les sorties se feront via le pont Saint-Nicolas et le pont du Th\u00e9\u00e2tre. Les autres ponts sont ferm\u00e9s aux v\u00e9hicules.<\/p>\n<p>Les v\u00e9hicules et les objets volumineux feront l\u2019objet d\u2019un contr\u00f4le syst\u00e9matique, comme l\u2019an dernier. \u00ab\u00a0Un contr\u00f4le al\u00e9atoire des autres sacs\u00a0\u00bb restant la r\u00e8gle, mentionne la maire Jeanne Barseghian. C\u2019est le prestataire GDS qui se charge des contr\u00f4les post\u00e9s, avec plus de 150 agents mobilis\u00e9s.<\/p>\n<p>L\u2019arr\u00eat de tram n\u00e9vralgique Homme-de-Fer pourra \u00eatre neutralis\u00e9 sur d\u00e9cision du pr\u00e9fet en cas de tr\u00e8s forte affluence. Les arr\u00eats de tram Broglie, Grand-rue et Alt Winm\u00e4rik seront ferm\u00e9s jusqu\u2019au 24\u00a0d\u00e9cembre de 11\u00a0h\u00a030 \u00e0 21\u00a0h.<\/p>\n<p>  Un acc\u00e8s \u00e0 la cath\u00e9drale modifi\u00e9<\/p>\n<p>L\u2019acc\u00e8s \u00e0 la plateforme se fait via la place du Ch\u00e2teau comme d\u2019ordinaire avec une sortie place de la Cath\u00e9drale. L\u2019entr\u00e9e dans Notre-Dame se fait par le portail sud, via la place du Ch\u00e2teau, toujours avec une sortie place du Ch\u00e2teau.<\/p>\n","protected":false},"excerpt":{"rendered":"C\u2019est C\u00e9cile Rackette qui pr\u00e9side ce mardi 18 novembre la conf\u00e9rence de presse d\u00e9di\u00e9e \u00e0 la s\u00e9curit\u00e9 du&hellip;\n","protected":false},"author":2,"featured_media":542729,"comment_status":"","ping_status":"","sticky":false,"template":"","format":"standard","meta":{"footnotes":""},"categories":[2820],"tags":[1111,11,2389,33,2880,1777,674,107,1011,27,775,12,15830,25,104,640,2879,1254,602],"class_list":{"0":"post-542728","1":"post","2":"type-post","3":"status-publish","4":"format-standard","5":"has-post-thumbnail","7":"category-strasbourg","8":"tag-actu","9":"tag-actualites","10":"tag-alsace","11":"tag-economie","12":"tag-edition-strasbourg","13":"tag-eu","14":"tag-europe","15":"tag-fil-info","16":"tag-fr","17":"tag-france","18":"tag-grand-est","19":"tag-news","20":"tag-noel","21":"tag-republique-francaise","22":"tag-societe","23":"tag-strasbourg","24":"tag-strasbourg-ville","25":"tag-terrorisme","26":"tag-tourisme"},"share_on_mastodon":{"url":"https:\/\/pubeurope.com\/@fr\/115571420238037709","error":""},"_links":{"self":[{"href":"https:\/\/www.europesays.com\/fr\/wp-json\/wp\/v2\/posts\/542728","targetHints":{"allow":["GET"]}}],"collection":[{"href":"https:\/\/www.europesays.com\/fr\/wp-json\/wp\/v2\/posts"}],"about":[{"href":"https:\/\/www.europesays.com\/fr\/wp-json\/wp\/v2\/types\/post"}],"author":[{"embeddable":true,"href":"https:\/\/www.europesays.com\/fr\/wp-json\/wp\/v2\/users\/2"}],"replies":[{"embeddable":true,"href":"https:\/\/www.europesays.com\/fr\/wp-json\/wp\/v2\/comments?post=542728"}],"version-history":[{"count":0,"href":"https:\/\/www.europesays.com\/fr\/wp-json\/wp\/v2\/posts\/542728\/revisions"}],"wp:featuredmedia":[{"embeddable":true,"href":"https:\/\/www.europesays.com\/fr\/wp-json\/wp\/v2\/media\/542729"}],"wp:attachment":[{"href":"https:\/\/www.europesays.com\/fr\/wp-json\/wp\/v2\/media?parent=542728"}],"wp:term":[{"taxonomy":"category","embeddable":true,"href":"https:\/\/www.europesays.com\/fr\/wp-json\/wp\/v2\/categories?post=542728"},{"taxonomy":"post_tag","embeddable":true,"href":"https:\/\/www.europesays.com\/fr\/wp-json\/wp\/v2\/tags?post=542728"}],"curies":[{"name":"wp","href":"https:\/\/api.w.org\/{rel}","templated":true}]}}