{"id":542730,"date":"2025-11-18T15:32:13","date_gmt":"2025-11-18T15:32:13","guid":{"rendered":"https:\/\/www.europesays.com\/fr\/542730\/"},"modified":"2025-11-18T15:32:13","modified_gmt":"2025-11-18T15:32:13","slug":"acte-volontaire-ou-non-proces-en-appel-dun-incendie-a-strasbourg-faisant-5-morts-actualites","status":"publish","type":"post","link":"https:\/\/www.europesays.com\/fr\/542730\/","title":{"rendered":"Acte volontaire ou non? Proc\u00e8s en appel d&rsquo;un incendie \u00e0 Strasbourg faisant 5 morts : Actualit\u00e9s"},"content":{"rendered":"<p class=\"lead \">Vingt-trois ans de prison pour l&rsquo;un, quatre ans et demi pour l&rsquo;autre: deux jeunes hommes, condamn\u00e9s pour l&rsquo;incendie en 2020 d&rsquo;un immeuble \u00e0 Strasbourg qui avait fait cinq morts, sont rejug\u00e9s depuis mardi \u00e0 Colmar.<\/p>\n<p class=\"lead \">En septembre 2023, la cour d&rsquo;assises du Bas-Rhin avait condamn\u00e9 \u00e0 23 ans de r\u00e9clusion criminelle Sassoun Azarian, aujourd&rsquo;hui \u00e2g\u00e9 de 26 ans, pour l&rsquo;incendie \u00ab\u00a0volontaire\u00a0\u00bb de l&rsquo;immeuble.<\/p>\n<p class=\"lead \">\u00ab\u00a0Mon client entend contester le caract\u00e8re intentionnel de l&rsquo;incendie\u00a0\u00bb, a d\u00e9clar\u00e9 \u00e0 l&rsquo;AFP son avocat, Baptiste Monnot, \u00e0 l&rsquo;ouverture du proc\u00e8s qui doit durer jusqu&rsquo;au 25 novembre devant la cour d&rsquo;assises d&rsquo;appel du Haut-Rhin. <\/p>\n<p class=\"lead \">Dans la nuit du 26 au 27 f\u00e9vrier 2020, vers 01H00 du matin, les flammes s&rsquo;\u00e9taient rapidement propag\u00e9es dans l&rsquo;immeuble de sept \u00e9tages de la rue de Barr, dans le quartier de la gare \u00e0 Strasbourg. Le feu avait mobilis\u00e9 pas moins de 48 sapeurs-pompiers et 23 v\u00e9hicules.<\/p>\n<p class=\"lead \">Les secours avaient compt\u00e9 sept bless\u00e9s et cinq morts: une retrait\u00e9e de 68 ans, une interne en m\u00e9decine de 25 ans, un cariste de 45 ans, un jeune homme de 29 ans, et un \u00e9tudiant togolais de 25 ans.<\/p>\n<p class=\"lead \">Lors du proc\u00e8s en premi\u00e8re instance, le procureur avait estim\u00e9 que Sassoun Azarian, qui cachait son cannabis dans l&rsquo;immeuble mais r\u00e9futait \u00eatre un \u00ab\u00a0dealer\u00a0\u00bb, avait \u00ab\u00a0volontairement\u00a0\u00bb lanc\u00e9 un m\u00e9got dans la colonne \u00e9lectrique et mis en cause l&rsquo;autre accus\u00e9, Munasar Ali Abdullahi, pour \u00ab\u00a0complicit\u00e9\u00a0\u00bb.<\/p>\n<p class=\"lead \">\u00c0 l&rsquo;annonce du verdict, Sassoun Azarian, jeune homme d&rsquo;origine azerba\u00efdjanaise, avait d\u00e9nonc\u00e9 une d\u00e9cision \u00ab\u00a0injuste\u00a0\u00bb et \u00ab\u00a0raciste\u00a0\u00bb.<\/p>\n<p class=\"lead \">Juste avant le d\u00e9lib\u00e9r\u00e9, il avait pr\u00e9sent\u00e9 ses \u00ab\u00a0excuses\u00a0\u00bb aux familles des victimes. \u00ab\u00a0Jamais de la vie on a voulu faire un coup pareil\u00a0\u00bb, avait-il assur\u00e9.<\/p>\n<p class=\"lead \">La cour avait acquitt\u00e9 Munasar Ali Abdullahi des charges d&rsquo;incendie volontaire et avait seulement retenu l&rsquo;accusation de non assistance \u00e0 personne en danger. Il a \u00e9t\u00e9 condamn\u00e9 \u00e0 quatre ans et demi de prison.<\/p>\n<p class=\"lead \">Tout au long des cinq jours de proc\u00e8s, la question des facult\u00e9s mentales de ce jeune homme, aujourd&rsquo;hui \u00e2g\u00e9 de 27 ans, s&rsquo;est pos\u00e9e. \u00c0 la barre, il n&rsquo;a pas \u00e9t\u00e9 capable d&rsquo;apporter des r\u00e9ponses aux questions du tribunal, se contentant de r\u00e9pliquer le plus souvent: \u00ab\u00a0je ne me rappelle plus\u00a0\u00bb.<\/p>\n<p class=\"lead \">\u00ab\u00a0On estime que Munasar Ali Abdullahi n&rsquo;a pas les facult\u00e9s mentales pour prendre des d\u00e9cisions dans des situations extr\u00eames\u00a0\u00bb, avait estim\u00e9 son avocat, Micha\u00ebl Wacquez.<\/p>\n<p class=\"small font-weight-bold text-gray3 \"> publi\u00e9 le 18 novembre \u00e0 15h57, AFP<\/p>\n<p>                             Partager<\/p>\n","protected":false},"excerpt":{"rendered":"Vingt-trois ans de prison pour l&rsquo;un, quatre ans et demi pour l&rsquo;autre: deux jeunes hommes, condamn\u00e9s pour l&rsquo;incendie&hellip;\n","protected":false},"author":2,"featured_media":542731,"comment_status":"","ping_status":"","sticky":false,"template":"","format":"standard","meta":{"footnotes":""},"categories":[2820],"tags":[1111,11,1777,674,1011,27,775,2683,1310,12,4780,25,640],"class_list":{"0":"post-542730","1":"post","2":"type-post","3":"status-publish","4":"format-standard","5":"has-post-thumbnail","7":"category-strasbourg","8":"tag-actu","9":"tag-actualites","10":"tag-eu","11":"tag-europe","12":"tag-fr","13":"tag-france","14":"tag-grand-est","15":"tag-homicide","16":"tag-incendie","17":"tag-news","18":"tag-procs","19":"tag-republique-francaise","20":"tag-strasbourg"},"share_on_mastodon":{"url":"https:\/\/pubeurope.com\/@fr\/115571428177975384","error":""},"_links":{"self":[{"href":"https:\/\/www.europesays.com\/fr\/wp-json\/wp\/v2\/posts\/542730","targetHints":{"allow":["GET"]}}],"collection":[{"href":"https:\/\/www.europesays.com\/fr\/wp-json\/wp\/v2\/posts"}],"about":[{"href":"https:\/\/www.europesays.com\/fr\/wp-json\/wp\/v2\/types\/post"}],"author":[{"embeddable":true,"href":"https:\/\/www.europesays.com\/fr\/wp-json\/wp\/v2\/users\/2"}],"replies":[{"embeddable":true,"href":"https:\/\/www.europesays.com\/fr\/wp-json\/wp\/v2\/comments?post=542730"}],"version-history":[{"count":0,"href":"https:\/\/www.europesays.com\/fr\/wp-json\/wp\/v2\/posts\/542730\/revisions"}],"wp:featuredmedia":[{"embeddable":true,"href":"https:\/\/www.europesays.com\/fr\/wp-json\/wp\/v2\/media\/542731"}],"wp:attachment":[{"href":"https:\/\/www.europesays.com\/fr\/wp-json\/wp\/v2\/media?parent=542730"}],"wp:term":[{"taxonomy":"category","embeddable":true,"href":"https:\/\/www.europesays.com\/fr\/wp-json\/wp\/v2\/categories?post=542730"},{"taxonomy":"post_tag","embeddable":true,"href":"https:\/\/www.europesays.com\/fr\/wp-json\/wp\/v2\/tags?post=542730"}],"curies":[{"name":"wp","href":"https:\/\/api.w.org\/{rel}","templated":true}]}}