{"id":542748,"date":"2025-11-18T15:42:26","date_gmt":"2025-11-18T15:42:26","guid":{"rendered":"https:\/\/www.europesays.com\/fr\/542748\/"},"modified":"2025-11-18T15:42:26","modified_gmt":"2025-11-18T15:42:26","slug":"ayyoub-bouaddi-au-psg-lille-est-daccord","status":"publish","type":"post","link":"https:\/\/www.europesays.com\/fr\/542748\/","title":{"rendered":"Ayyoub Bouaddi au PSG, Lille est d&rsquo;accord"},"content":{"rendered":"<p><b>Le PSG veut r\u00e9cup\u00e9rer les plus grands espoirs de Ligue 1 et sa prochaine cible se nomme Ayyoub Bouaddi, en fin de contrat avec Lille en juin 2027.<\/b><\/p>\n<p>R\u00e9v\u00e9l\u00e9 aux yeux de l\u2019Europe la saison derni\u00e8re, Ayyoub Bouaddi est devenu au fil des mois un joueur majeur pour Bruno Genesio \u00e0 Lille. Les performances \u00e9patantes du milieu de terrain de 18 ans contre des adversaires tels que le Real Madrid ou la Juventus Turin en Ligue des Champions ont d\u00e9montr\u00e9 l\u2019immense talent de l\u2019international espoirs fran\u00e7ais, <a href=\"https:\/\/www.foot01.com\/paris\/psg-bouaddi-fait-monter-les-encheres\" target=\"_self\" rel=\"noopener\">au point d\u2019en faire un joueur courtis\u00e9 par le Paris Saint-Germain<\/a>. Le club de la capitale met d\u00e9sormais un point d\u2019honneur \u00e0 recruter les jeunes talents prometteurs de Ligue 1 (Dou\u00e9, Barcola, Chevalier) et souhaite poursuivre en ce sens.Le site Paris Team confirme d\u2019ailleurs que Bouaddi est la priorit\u00e9 du PSG au milieu de terrain pour le prochain <a href=\"https:\/\/www.foot01.com\/mercato\" title=\"Mercato\" target=\"_blank\" rel=\"noopener\">mercato<\/a>. Un transfert qui n\u2019a rien d\u2019impossible selon le m\u00e9dia, qui explique que Lille est \u00ab pr\u00eat \u00e0 discuter\u00a0\u00bb avec Paris pour un transfert de sa p\u00e9pite dans la capitale fran\u00e7aise. Un choix \u00e9conomique assum\u00e9 de la part du <a href=\"https:\/\/www.foot01.com\/lille\" title=\"LOSC\" target=\"_blank\" rel=\"noopener\">LOSC<\/a>, qui sait qu\u2019il sera difficile de prolonger son crack et qui souhaite par cons\u00e9quent le vendre cet \u00e9t\u00e9 afin de ne pas risquer un d\u00e9part pour z\u00e9ro euro un an plus tard. La concurrence europ\u00e9enne sera rude puisque le Real Madrid et surtout Manchester United sont \u00e9galement sur les rangs, mais le PSG a la pr\u00e9f\u00e9rence tr\u00e8s nette du joueur selon le m\u00e9dia, qui explique que Bouaddi \u00ab\u00a0r\u00eave\u00a0\u00bb de signer dans la capitale fran\u00e7aise.<img decoding=\"async\" width=\"500\" height=\"280\" loading=\"lazy\" src=\"https:\/\/www.europesays.com\/fr\/wp-content\/uploads\/2025\/11\/iconsport-272604-0138-1-691c50172c3d8.jpg@webp.webp\" class=\"w-auto h-auto\" alt=\"ICONSPORT_272604_0138 (1)\"\/><\/p>\n<p>Ayyoub Bouaddi suscite l&rsquo;int\u00e9r\u00eat du PSG, qui pourrait tenter sa chance d\u00e8s cet hiver<\/p>\n<p>Une question br\u00fblante risque n\u00e9anmoins de se poser dans les semaines \u00e0 venir. \u00ab Alors que Lille semble d\u00e9sormais ouvert aux n\u00e9gociations, la question n\u2019est plus de savoir si Bouaddi partira, mais plut\u00f4t o\u00f9 et quand\u00a0\u00bb s\u2019interroge le m\u00e9dia, pour qui un transfert d\u2019Ayyoub Bouaddi au PSG d\u00e8s le mois de janvier n\u2019est pas \u00e0 exclure. En effet, alors qu\u2019il ne restera plus qu\u2019un an et demi de contrat au joueur dans le Nord, le Paris Saint-Germain pourrait monter une offensive d\u00e8s janvier afin d\u2019offrir \u00e0 Luis Enrique un milieu de terrain de plus pour la seconde partie de saison. Lille, enclin \u00e0 se s\u00e9parer de son joueur l\u2019\u00e9t\u00e9 prochain, pourrait en revanche se montrer bien plus ferm\u00e9 \u00e0 l\u2019id\u00e9e de le perdre en janvier. Sauf si le PSG revoit son offre \u00e0 la hausse alors que la valeur actuelle du joueur est estim\u00e9e \u00e0 30 millions d\u2019euros selon Transfermarkt.<\/p>\n","protected":false},"excerpt":{"rendered":"Le PSG veut r\u00e9cup\u00e9rer les plus grands espoirs de Ligue 1 et sa prochaine cible se nomme Ayyoub&hellip;\n","protected":false},"author":2,"featured_media":542749,"comment_status":"","ping_status":"","sticky":false,"template":"","format":"standard","meta":{"footnotes":""},"categories":[2815],"tags":[1111,11,1777,674,1011,27,811,1307,2267,1434,12,93,25],"class_list":{"0":"post-542748","1":"post","2":"type-post","3":"status-publish","4":"format-standard","5":"has-post-thumbnail","7":"category-lille","8":"tag-actu","9":"tag-actualites","10":"tag-eu","11":"tag-europe","12":"tag-fr","13":"tag-france","14":"tag-hauts-de-france","15":"tag-lille","16":"tag-losc","17":"tag-mercato","18":"tag-news","19":"tag-psg","20":"tag-republique-francaise"},"share_on_mastodon":{"url":"https:\/\/pubeurope.com\/@fr\/115571468316391376","error":""},"_links":{"self":[{"href":"https:\/\/www.europesays.com\/fr\/wp-json\/wp\/v2\/posts\/542748","targetHints":{"allow":["GET"]}}],"collection":[{"href":"https:\/\/www.europesays.com\/fr\/wp-json\/wp\/v2\/posts"}],"about":[{"href":"https:\/\/www.europesays.com\/fr\/wp-json\/wp\/v2\/types\/post"}],"author":[{"embeddable":true,"href":"https:\/\/www.europesays.com\/fr\/wp-json\/wp\/v2\/users\/2"}],"replies":[{"embeddable":true,"href":"https:\/\/www.europesays.com\/fr\/wp-json\/wp\/v2\/comments?post=542748"}],"version-history":[{"count":0,"href":"https:\/\/www.europesays.com\/fr\/wp-json\/wp\/v2\/posts\/542748\/revisions"}],"wp:featuredmedia":[{"embeddable":true,"href":"https:\/\/www.europesays.com\/fr\/wp-json\/wp\/v2\/media\/542749"}],"wp:attachment":[{"href":"https:\/\/www.europesays.com\/fr\/wp-json\/wp\/v2\/media?parent=542748"}],"wp:term":[{"taxonomy":"category","embeddable":true,"href":"https:\/\/www.europesays.com\/fr\/wp-json\/wp\/v2\/categories?post=542748"},{"taxonomy":"post_tag","embeddable":true,"href":"https:\/\/www.europesays.com\/fr\/wp-json\/wp\/v2\/tags?post=542748"}],"curies":[{"name":"wp","href":"https:\/\/api.w.org\/{rel}","templated":true}]}}