{"id":542750,"date":"2025-11-18T15:43:18","date_gmt":"2025-11-18T15:43:18","guid":{"rendered":"https:\/\/www.europesays.com\/fr\/542750\/"},"modified":"2025-11-18T15:43:18","modified_gmt":"2025-11-18T15:43:18","slug":"les-trains-du-sud-est-a-larret-pendant-1h-des-retards-importants-en-cours","status":"publish","type":"post","link":"https:\/\/www.europesays.com\/fr\/542750\/","title":{"rendered":"les trains du Sud-Est \u00e0 l&rsquo;arr\u00eat pendant 1h, des retards importants en cours"},"content":{"rendered":"<p>\u00c0 la suite d\u2019une panne de signalisation qui, selon la SNCF n\u2019est pas li\u00e9e \u00e0 <a href=\"https:\/\/www.laprovence.com\/article\/societe\/32350677949337\/lacces-a-de-nombreux-sites-internet-perturbe-par-une-panne-chez-cloudflare\" target=\"_blank\" rel=\"noopener\">la panne mondiale de l\u2019op\u00e9rateur Cloudflare<\/a>, le trafic des trains (TGV, TER et Intercit\u00e9s) a \u00e9t\u00e9 interrompu pendant 1 heure, de 13h55 \u00e0 14h55.<\/p>\n<p>Selon l\u2019entreprise publique, le trafic est en train de reprendre depuis quelques minutes. Malgr\u00e9 cela, au d\u00e9part comme \u00e0 l\u2019arriv\u00e9e de Marseille, des retards importants perdurent en raison de cet arr\u00eat prolong\u00e9 de la circulation.<\/p>\n<p>Ce qui impacte grandement les voyageurs.\u00a0\u00bb Je suis dans un train pour Paris qui ne part pas\u00a0\u00bb, nous confie un homme qui est dans la cit\u00e9 phoc\u00e9enne.<\/p>\n<p>Une maman attend l\u2019arriv\u00e9e du TGV de son fils depuis pr\u00e8s d\u2019une heure en gare TGV d\u2019Aix. Son enfant lui indique que pas moins de cinq autres Trains \u00e0 grande vitesse sont stopp\u00e9s sur les voies devant sa rame.<\/p>\n<p>La SNCF annonce \u00ab\u00a0des retards qui pourraient durer plusieurs heures\u00a0\u00bb, d\u00e9plore un autre voyageur.<\/p>\n","protected":false},"excerpt":{"rendered":"\u00c0 la suite d\u2019une panne de signalisation qui, selon la SNCF n\u2019est pas li\u00e9e \u00e0 la panne mondiale&hellip;\n","protected":false},"author":2,"featured_media":542751,"comment_status":"","ping_status":"","sticky":false,"template":"","format":"standard","meta":{"footnotes":""},"categories":[2814],"tags":[17,1111,11,1777,674,1011,27,27775,151,884,12,10899,882,16,25,16489,2968,5811],"class_list":{"0":"post-542750","1":"post","2":"type-post","3":"status-publish","4":"format-standard","5":"has-post-thumbnail","7":"category-marseille","8":"tag-17","9":"tag-actu","10":"tag-actualites","11":"tag-eu","12":"tag-europe","13":"tag-fr","14":"tag-france","15":"tag-larret","16":"tag-les","17":"tag-marseille","18":"tag-news","19":"tag-panne","20":"tag-provence-alpes-cote-dazur","21":"tag-region","22":"tag-republique-francaise","23":"tag-signalisation","24":"tag-sud-est","25":"tag-trains"},"share_on_mastodon":{"url":"https:\/\/pubeurope.com\/@fr\/115571471530596231","error":""},"_links":{"self":[{"href":"https:\/\/www.europesays.com\/fr\/wp-json\/wp\/v2\/posts\/542750","targetHints":{"allow":["GET"]}}],"collection":[{"href":"https:\/\/www.europesays.com\/fr\/wp-json\/wp\/v2\/posts"}],"about":[{"href":"https:\/\/www.europesays.com\/fr\/wp-json\/wp\/v2\/types\/post"}],"author":[{"embeddable":true,"href":"https:\/\/www.europesays.com\/fr\/wp-json\/wp\/v2\/users\/2"}],"replies":[{"embeddable":true,"href":"https:\/\/www.europesays.com\/fr\/wp-json\/wp\/v2\/comments?post=542750"}],"version-history":[{"count":0,"href":"https:\/\/www.europesays.com\/fr\/wp-json\/wp\/v2\/posts\/542750\/revisions"}],"wp:featuredmedia":[{"embeddable":true,"href":"https:\/\/www.europesays.com\/fr\/wp-json\/wp\/v2\/media\/542751"}],"wp:attachment":[{"href":"https:\/\/www.europesays.com\/fr\/wp-json\/wp\/v2\/media?parent=542750"}],"wp:term":[{"taxonomy":"category","embeddable":true,"href":"https:\/\/www.europesays.com\/fr\/wp-json\/wp\/v2\/categories?post=542750"},{"taxonomy":"post_tag","embeddable":true,"href":"https:\/\/www.europesays.com\/fr\/wp-json\/wp\/v2\/tags?post=542750"}],"curies":[{"name":"wp","href":"https:\/\/api.w.org\/{rel}","templated":true}]}}