{"id":542758,"date":"2025-11-18T15:49:13","date_gmt":"2025-11-18T15:49:13","guid":{"rendered":"https:\/\/www.europesays.com\/fr\/542758\/"},"modified":"2025-11-18T15:49:13","modified_gmt":"2025-11-18T15:49:13","slug":"a-paris-un-sterilet-geant-pour-interpeller-sur-le-sort-des-contraceptifs-americains-actualites","status":"publish","type":"post","link":"https:\/\/www.europesays.com\/fr\/542758\/","title":{"rendered":"A Paris, un st\u00e9rilet g\u00e9ant pour interpeller sur le sort des contraceptifs am\u00e9ricains : Actualit\u00e9s"},"content":{"rendered":"<p class=\"lead \">Un st\u00e9rilet de six m\u00e8tres de haut a \u00e9t\u00e9 bri\u00e8vement \u00e9rig\u00e9 mardi \u00e0 Paris par des associations f\u00e9ministes pour alerter notamment sur le sort des contraceptifs am\u00e9ricains bloqu\u00e9s en Belgique, au coeur d&rsquo;un bras de fer entre Bruxelles et la Maison Blanche. <\/p>\n<p class=\"lead \">L&rsquo;installation pour quelques heures de ce monument place de la R\u00e9publique s&rsquo;inscrit dans le cadre d&rsquo;une tourn\u00e9e europ\u00e9enne, \u00ab\u00a0Freeda Womb\u00a0\u00bb, visant \u00e0 mettre l&rsquo;accent sur les menaces pesant sur les droits et la sant\u00e9 sexuels et reproductifs dans le monde.<\/p>\n<p class=\"lead \">\u00ab\u00a0Bonjour je suis Freeda, je suis un st\u00e9rilet. Je suis un moyen de contraception s\u00fbr et efficace\u00a0\u00bb, pouvait-on lire sur une pancarte. <\/p>\n<p class=\"lead \">\u00ab\u00a0D\u00e9fendre les droits et la sant\u00e9 sexuels et reproductifs, c&rsquo;est une question de droits humains et de d\u00e9mocratie\u00a0\u00bb, a d\u00e9clar\u00e9 Clara Dereudre, charg\u00e9e de plaidoyer au sein de l&rsquo;association f\u00e9ministe Equipop. <\/p>\n<p class=\"lead \">Signe de la menace qui p\u00e8se sur ces droits, la d\u00e9cision de l&rsquo;administration am\u00e9ricaine de d\u00e9truire des contraceptifs am\u00e9ricains stock\u00e9s en Belgique, a soulign\u00e9 \u00e0 ses c\u00f4t\u00e9s Chris Fleming, cofondateur d&rsquo;Americans for contraception. <\/p>\n<p class=\"lead \">Ces contraceptifs avaient initialement \u00e9t\u00e9 achet\u00e9s par l&rsquo;USAID, l&rsquo;agence am\u00e9ricaine pour le d\u00e9veloppement international, sous le mandat de l&rsquo;ancien pr\u00e9sident Joe Biden pour \u00eatre distribu\u00e9s aux femmes dans certains des pays les plus pauvres du monde, en particulier en Afrique subsaharienne.<\/p>\n<p class=\"lead \">Mais l&rsquo;administration Trump a indiqu\u00e9 en juillet vouloir les d\u00e9truire, suscitant un toll\u00e9 parmi les ONG et les associations f\u00e9ministes, notamment en France. <\/p>\n<p class=\"lead \">Mi-novembre, les autorit\u00e9s belges ont fait savoir que 20 des 24 camions charg\u00e9s de pilules et autres moyens de contraception, avaient \u00e9t\u00e9 entrepos\u00e9s dans des b\u00e2timents inadapt\u00e9s et \u00e9taient d\u00e9sormais inutilisables. <\/p>\n<p class=\"lead \">\u00ab\u00a0Aujourd&rsquo;hui, on est dans une situation catastrophique pour les milliers de femmes et de filles qui devaient recevoir ces contraceptifs\u00a0\u00bb, a d\u00e9nonc\u00e9 aupr\u00e8s de l&rsquo;AFPTV la pr\u00e9sidente du Planning familial Sarah Durocher, d\u00e9plorant un \u00ab\u00a0silence fort et impressionnant de la France\u00a0\u00bb. <\/p>\n<p class=\"lead \">\u00ab\u00a0Ca rend un peu finalement la France complice de la politique de Trump (&#8230;) alors que la parole de la France est tellement attendue \u00e0 l&rsquo;international, il y a une esp\u00e8ce d&rsquo;incompr\u00e9hension\u00a0\u00bb, a-t-elle ajout\u00e9.<\/p>\n<p class=\"lead \">Pour la pr\u00e9sidente du Planning familial, \u00ab\u00a0il y a une mobilisation encore \u00e0 faire (&#8230;.) pour essayer de sauver\u00a0\u00bb les \u00ab\u00a0quatre cargaisons qui restent\u00a0\u00bb. <\/p>\n<p class=\"small font-weight-bold text-gray3 \"> publi\u00e9 le 18 novembre \u00e0 16h37, AFP<\/p>\n<p>                             Partager<\/p>\n","protected":false},"excerpt":{"rendered":"Un st\u00e9rilet de six m\u00e8tres de haut a \u00e9t\u00e9 bri\u00e8vement \u00e9rig\u00e9 mardi \u00e0 Paris par des associations f\u00e9ministes&hellip;\n","protected":false},"author":2,"featured_media":542759,"comment_status":"","ping_status":"","sticky":false,"template":"","format":"standard","meta":{"footnotes":""},"categories":[1888],"tags":[1111,1928,11,1927,828,312,73,1777,674,4651,1011,27,12,1926,626,1925,316,25,585,13791,801],"class_list":{"0":"post-542758","1":"post","2":"type-post","3":"status-publish","4":"format-standard","5":"has-post-thumbnail","7":"category-paris","8":"tag-actu","9":"tag-actu-paris","10":"tag-actualites","11":"tag-actualites-paris","12":"tag-belgique","13":"tag-diplomatie","14":"tag-etats-unis","15":"tag-eu","16":"tag-europe","17":"tag-femmes","18":"tag-fr","19":"tag-france","20":"tag-news","21":"tag-news-paris","22":"tag-paris","23":"tag-paris-news","24":"tag-politique","25":"tag-republique-francaise","26":"tag-sant","27":"tag-socit","28":"tag-social"},"share_on_mastodon":{"url":"https:\/\/pubeurope.com\/@fr\/115571495047969262","error":""},"_links":{"self":[{"href":"https:\/\/www.europesays.com\/fr\/wp-json\/wp\/v2\/posts\/542758","targetHints":{"allow":["GET"]}}],"collection":[{"href":"https:\/\/www.europesays.com\/fr\/wp-json\/wp\/v2\/posts"}],"about":[{"href":"https:\/\/www.europesays.com\/fr\/wp-json\/wp\/v2\/types\/post"}],"author":[{"embeddable":true,"href":"https:\/\/www.europesays.com\/fr\/wp-json\/wp\/v2\/users\/2"}],"replies":[{"embeddable":true,"href":"https:\/\/www.europesays.com\/fr\/wp-json\/wp\/v2\/comments?post=542758"}],"version-history":[{"count":0,"href":"https:\/\/www.europesays.com\/fr\/wp-json\/wp\/v2\/posts\/542758\/revisions"}],"wp:featuredmedia":[{"embeddable":true,"href":"https:\/\/www.europesays.com\/fr\/wp-json\/wp\/v2\/media\/542759"}],"wp:attachment":[{"href":"https:\/\/www.europesays.com\/fr\/wp-json\/wp\/v2\/media?parent=542758"}],"wp:term":[{"taxonomy":"category","embeddable":true,"href":"https:\/\/www.europesays.com\/fr\/wp-json\/wp\/v2\/categories?post=542758"},{"taxonomy":"post_tag","embeddable":true,"href":"https:\/\/www.europesays.com\/fr\/wp-json\/wp\/v2\/tags?post=542758"}],"curies":[{"name":"wp","href":"https:\/\/api.w.org\/{rel}","templated":true}]}}