{"id":542766,"date":"2025-11-18T15:53:15","date_gmt":"2025-11-18T15:53:15","guid":{"rendered":"https:\/\/www.europesays.com\/fr\/542766\/"},"modified":"2025-11-18T15:53:15","modified_gmt":"2025-11-18T15:53:15","slug":"lembarrassant-voyage-en-russie-de-trois-membres-de-lafd","status":"publish","type":"post","link":"https:\/\/www.europesays.com\/fr\/542766\/","title":{"rendered":"l\u2019embarrassant voyage en Russie de trois membres de l\u2019AfD"},"content":{"rendered":"\n<p>Dans un communiqu\u00e9 de presse publi\u00e9 jeudi 13\u00a0novembre, Alice Weidel et Tino Chrupalla, les deux dirigeants du parti d\u2019extr\u00eame droite Alternative pour l\u2019Allemagne (AfD), ont assur\u00e9 \u201cqu\u2019ils continueraient \u00e0 mener ensemble une politique pour l\u2019Allemagne et ses citoyens\u201d.<strong> <\/strong>Une phrase \u00e0 premi\u00e8re vue anodine, mais qui en dit long sur les remous qui agitent la formation politique. <a class=\"ithalc\" data-ithal=\"lien_externe\" data-ithalc=\"[nav_article]\" target=\"_blank\" href=\"https:\/\/www.faz.net\/aktuell\/politik\/inland\/weidel-gegen-chrupalla-russlandreise-mit-hindernissen-110779301.html\" rel=\"nofollow noopener\">Pourquoi, se demande \u00e0 juste titre le quotidien conservateur allemand <strong>Frankfurter Allgemeine Zeitung,<\/strong><\/a> l\u2019AfD souligne-t-elle le fait que ses deux chefs travailleront ensemble, \u201ccomme si cela faisait d\u00e9bat\u00a0?\u201d<\/p>\n<p>En d\u00e9but de semaine derni\u00e8re, des discussions ont \u00e9t\u00e9 men\u00e9es publiquement par Weidel et Chrupalla, \u00e0 propos d\u2019un voyage en Russie planifi\u00e9 par trois hommes politiques membres de l\u2019AfD. Devant le Bundestag, Alice Weidel a assur\u00e9 qu\u2019elle ne comprenait pas, \u201cpour \u00eatre tr\u00e8s honn\u00eate avec vous, ce que l\u2019on va faire\u201d \u00e0 Sotchi. Tandis que, \u00e0 l\u2019inverse, Tino Chrupalla affirmait \u00e0 la t\u00e9l\u00e9vision que l\u2019AfD voulait \u201ccontinuer \u00e0 entretenir des relations avec la Russie\u201d. Et\u00a0d\u2019ajouter lors d\u2019une \u00e9mission politique\u00a0:<\/p>\n<blockquote><p>\u201cPour moi, l\u2019Allemagne n\u2019a actuellement rien \u00e0 craindre de la Russie.\u201d<\/p><\/blockquote>\n<p>Malgr\u00e9 la pol\u00e9mique, plusieurs personnalit\u00e9s \u2013\u00a0dont J\u00f6rg Urban, chef de l\u2019AfD de Saxe\u00a0\u2013 se sont finalement rendues le week-end dernier<strong> <\/strong>\u00e0 So<\/p>\n","protected":false},"excerpt":{"rendered":"Dans un communiqu\u00e9 de presse publi\u00e9 jeudi 13\u00a0novembre, Alice Weidel et Tino Chrupalla, les deux dirigeants du parti&hellip;\n","protected":false},"author":2,"featured_media":542767,"comment_status":"","ping_status":"","sticky":false,"template":"","format":"standard","meta":{"footnotes":""},"categories":[1591],"tags":[11,672,674,6429,7610,1887,12,316,1885,1886,132],"class_list":{"0":"post-542766","1":"post","2":"type-post","3":"status-publish","4":"format-standard","5":"has-post-thumbnail","7":"category-russie","8":"tag-actualites","9":"tag-allemagne","10":"tag-europe","11":"tag-extru00eame-droite","12":"tag-extru00eame-droite-en-allemagne","13":"tag-federation-de-russie","14":"tag-news","15":"tag-politique","16":"tag-russia","17":"tag-russian-federation","18":"tag-russie"},"share_on_mastodon":{"url":"https:\/\/pubeurope.com\/@fr\/115571510842836673","error":""},"_links":{"self":[{"href":"https:\/\/www.europesays.com\/fr\/wp-json\/wp\/v2\/posts\/542766","targetHints":{"allow":["GET"]}}],"collection":[{"href":"https:\/\/www.europesays.com\/fr\/wp-json\/wp\/v2\/posts"}],"about":[{"href":"https:\/\/www.europesays.com\/fr\/wp-json\/wp\/v2\/types\/post"}],"author":[{"embeddable":true,"href":"https:\/\/www.europesays.com\/fr\/wp-json\/wp\/v2\/users\/2"}],"replies":[{"embeddable":true,"href":"https:\/\/www.europesays.com\/fr\/wp-json\/wp\/v2\/comments?post=542766"}],"version-history":[{"count":0,"href":"https:\/\/www.europesays.com\/fr\/wp-json\/wp\/v2\/posts\/542766\/revisions"}],"wp:featuredmedia":[{"embeddable":true,"href":"https:\/\/www.europesays.com\/fr\/wp-json\/wp\/v2\/media\/542767"}],"wp:attachment":[{"href":"https:\/\/www.europesays.com\/fr\/wp-json\/wp\/v2\/media?parent=542766"}],"wp:term":[{"taxonomy":"category","embeddable":true,"href":"https:\/\/www.europesays.com\/fr\/wp-json\/wp\/v2\/categories?post=542766"},{"taxonomy":"post_tag","embeddable":true,"href":"https:\/\/www.europesays.com\/fr\/wp-json\/wp\/v2\/tags?post=542766"}],"curies":[{"name":"wp","href":"https:\/\/api.w.org\/{rel}","templated":true}]}}