{"id":542770,"date":"2025-11-18T15:55:13","date_gmt":"2025-11-18T15:55:13","guid":{"rendered":"https:\/\/www.europesays.com\/fr\/542770\/"},"modified":"2025-11-18T15:55:13","modified_gmt":"2025-11-18T15:55:13","slug":"le-plan-trump-salue-par-israel-et-lautorite-palestinienne-dw-18-11-2025","status":"publish","type":"post","link":"https:\/\/www.europesays.com\/fr\/542770\/","title":{"rendered":"Le plan Trump salu\u00e9 par Isra\u00ebl et l&rsquo;Autorit\u00e9 palestinienne \u2013 DW \u2013 18\/11\/2025"},"content":{"rendered":"<p>Le <a class=\"internal-link\" href=\"https:\/\/www.dw.com\/fr\/onu-conseil-de-securite\/t-66073969\" target=\"_blank\" rel=\"noopener\">Conseil de s\u00e9curit\u00e9 des Nations unies<\/a> a vot\u00e9 ce lundi (17.11.2025) pour la r\u00e9solution am\u00e9ricaine endossant <a class=\"internal-link\" href=\"https:\/\/www.dw.com\/fr\/plan-trump-gaza-seduit-europe\/a-74188208\" target=\"_blank\" rel=\"noopener\">le plan du pr\u00e9sident am\u00e9ricain<\/a>, qui a permis la mise en place le 10 octobre dernier d&rsquo;un <a class=\"internal-link\" href=\"https:\/\/www.dw.com\/fr\/gaza-israel-plan-paix-trump-fragile-contours-incertains\/a-74356137\" target=\"_blank\" rel=\"noopener\">fragile cessez-le feu entre Isra\u00ebl et le Hamas<\/a> dans la bande de Gaza ravag\u00e9e par deux ans de guerre.<\/p>\n<p>Plusieurs fois modifi\u00e9e lors de <a class=\"internal-link\" href=\"https:\/\/www.dw.com\/fr\/r\u00e9actions-au-plan-de-donald-trump-pour-gaza\/a-74255649\" target=\"_blank\" rel=\"noopener\">n\u00e9gociations sensibles<\/a>, la r\u00e9solution a \u00e9t\u00e9 adopt\u00e9e \u00e0 13 voix pour et aucune contre (la Russie et la Chine se sont abstenus), sous la pression des Etats-Unis qui mettaient en garde contre le risque d&rsquo;une reprise des hostilit\u00e9s \u00e0 Gaza.\u00a0<\/p>\n<p>Le plan pr\u00e9voit en particulier le d\u00e9ploiement d&rsquo;une force internationale dans le <a class=\"internal-link\" href=\"https:\/\/www.dw.com\/fr\/palestine\/t-19319568\" target=\"_blank\" rel=\"noopener\">territoire palestinien<\/a>, charg\u00e9e notamment de s\u00e9curiser les fronti\u00e8res avec <a class=\"internal-link\" href=\"https:\/\/www.dw.com\/fr\/isra\u00ebl\/t-19319407\" target=\"_blank\" rel=\"noopener\">Isra\u00ebl<\/a>et l&rsquo;Egypte, d\u00e9militariser Gaza et d\u00e9sarmer \u00ab\u00a0les groupes arm\u00e9s non \u00e9tatiques\u00a0\u00bb.<\/p>\n<p>Le texte donne\u00a0\u00e9galement mandat jusqu&rsquo;au 31 d\u00e9cembre 2027 \u00e0 un \u00ab\u00a0Comit\u00e9 de la paix\u00a0\u00bb pour assurer une \u00ab\u00a0gouvernance de transition\u00a0\u00bb du territoire palestinien, jusqu&rsquo;\u00e0 que soit men\u00e9e \u00e0 bien une r\u00e9forme de l&rsquo;Autorit\u00e9 palestinienne. Un comit\u00e9 qui doit \u00eatre pr\u00e9sid\u00e9 par <a class=\"internal-link\" href=\"https:\/\/www.dw.com\/fr\/donald-trump\/t-71293755\" target=\"_blank\" rel=\"noopener\">Donald Trump<\/a>.<\/p>\n<p>Il \u00ab\u00a0autorise\u00a0\u00bb aussi une \u00ab\u00a0force de stabilisation internationale\u00a0\u00bb, dont la composition des forces n&rsquo;est pas \u00e9voqu\u00e9e.<\/p>\n<p>L&rsquo;Autorit\u00e9 palestienne demande une mise en oeuvre imm\u00e9diate du plan<\/p>\n<p>Ce vote constitue\u00a0\u00ab\u00a0une \u00e9tape importante\u00a0\u00bb, a indiqu\u00e9 mardi un porte-parole du service diplomatique de l&rsquo;UE. Le vote de cette r\u00e9solution \u00ab\u00a0consolide le cessez-le-feu, permet un acc\u00e8s humanitaire \u00e0 grande \u00e9chelle\u00a0\u00bb, et \u00ab\u00a0fournit la base pour passer \u00e0 la phase suivante\u00a0\u00bb, a salu\u00e9 le\u00a0porte-parole Anouar El Anouni.<\/p>\n<p><img data-format=\"MASTER_LANDSCAPE\" data-id=\"74784862\" data-url=\"https:\/\/static.dw.com\/image\/74784862_${formatId}.jpg\" data-aspect-ratio=\"16\/9\" alt=\"Danny Danon, l'ambassadeur d'Isra\u00ebl aupr\u00e8s des Nations unies\" style=\"padding-bottom: 56.25%; height: 0; max-height: 0;\"\/>Sans surprise, Isra\u00ebl a salu\u00e9 le vote de ce plan fa\u00e7onn\u00e9 par le pr\u00e9sident am\u00e9ricain Donald TrumpImage : Angela Weiss\/AFP<\/p>\n<p>Bas\u00e9 \u00e0 Ramallah, en Cisjordanie occup\u00e9e, le minist\u00e8re palestinien des Affaires \u00e9trang\u00e8res de l&rsquo;Autorit\u00e9 palestinienne, a \u00e9galement\u00a0salu\u00e9 l&rsquo;adoption de cette r\u00e9solution, appelant \u00e0 sa mise en oeuvre imm\u00e9diate.\u00a0<\/p>\n<p>Il a relev\u00e9 que le vote \u00e0 New York affirmait le \u00ab\u00a0droit du peuple palestinien \u00e0 l&rsquo;autod\u00e9termination et \u00e0 l&rsquo;\u00e9tablissement de son \u00c9tat ind\u00e9pendant\u00a0\u00bb, ainsi qu&rsquo;\u00e0 l&rsquo;acheminement sans entrave de l&rsquo;aide humanitaire vers Gaza.<\/p>\n<p>Isra\u00ebl acquisesce, le Hamas rejette<\/p>\n<p>\u00a0\u00ab\u00a0Le plan du pr\u00e9sident Trump m\u00e8nera \u00e0 la paix et \u00e0 la prosp\u00e9rit\u00e9 car il insiste sur la d\u00e9militarisation compl\u00e8te, le d\u00e9sarmement et la d\u00e9radicalisation de Gaza\u00a0\u00bb, s&rsquo;est r\u00e9joui de son c\u00f4t\u00e9 mardi matin dans un communiqu\u00e9 le bureau du Premier ministre isra\u00e9lien, Benjamin Netanyahu.\u00a0<\/p>\n<p>\u00ab\u00a0Isra\u00ebl tend la main \u00e0 tous ses voisins, porteurs de paix et de prosp\u00e9rit\u00e9, et les appelle \u00e0 normaliser leurs relations avec Isra\u00ebl et \u00e0 se joindre \u00e0 lui pour expulser le Hamas et ses partisans de la r\u00e9gion\u00a0\u00bb, ajoute-t-il.<\/p>\n<p>Quant au\u00a0Hamas, exclu par la r\u00e9solution de tout r\u00f4le dans la future gouvernance de Gaza, il a fustig\u00e9 un texte qui \u00ab\u00a0ne r\u00e9pond pas aux exigences et aux droits politiques et humains\u00a0\u00bb du peuple palestinien.<\/p>\n<p>La r\u00e9solution \u00ab\u00a0impose un m\u00e9canisme de tutelle internationale sur la bande de Gaza, ce que notre peuple, ses forces et ses composantes rejettent\u00a0\u00bb, et vise \u00ab\u00a0\u00e0 atteindre les objectifs\u00a0\u00bb d&rsquo;Isra\u00ebl, \u00e9crit dans un communiqu\u00e9 le mouvement islamiste palestinien, qui d\u00e9plore notamment que la mission de force internationale pr\u00e9voit \u00ab\u00a0le d\u00e9sarmement\u00a0\u00bb des groupes palestiniens \u00e0 Gaza.<\/p>\n","protected":false},"excerpt":{"rendered":"Le Conseil de s\u00e9curit\u00e9 des Nations unies a vot\u00e9 ce lundi (17.11.2025) pour la r\u00e9solution am\u00e9ricaine endossant le&hellip;\n","protected":false},"author":2,"featured_media":542771,"comment_status":"","ping_status":"","sticky":false,"template":"","format":"standard","meta":{"footnotes":""},"categories":[1589],"tags":[11,73,1866,12,1864,1865,1863,308],"class_list":{"0":"post-542770","1":"post","2":"type-post","3":"status-publish","4":"format-standard","5":"has-post-thumbnail","7":"category-etats-unis","8":"tag-actualites","9":"tag-etats-unis","10":"tag-etats-unis-damerique","11":"tag-news","12":"tag-united-states","13":"tag-united-states-of-america","14":"tag-us","15":"tag-usa"},"share_on_mastodon":{"url":"https:\/\/pubeurope.com\/@fr\/115571518690913067","error":""},"_links":{"self":[{"href":"https:\/\/www.europesays.com\/fr\/wp-json\/wp\/v2\/posts\/542770","targetHints":{"allow":["GET"]}}],"collection":[{"href":"https:\/\/www.europesays.com\/fr\/wp-json\/wp\/v2\/posts"}],"about":[{"href":"https:\/\/www.europesays.com\/fr\/wp-json\/wp\/v2\/types\/post"}],"author":[{"embeddable":true,"href":"https:\/\/www.europesays.com\/fr\/wp-json\/wp\/v2\/users\/2"}],"replies":[{"embeddable":true,"href":"https:\/\/www.europesays.com\/fr\/wp-json\/wp\/v2\/comments?post=542770"}],"version-history":[{"count":0,"href":"https:\/\/www.europesays.com\/fr\/wp-json\/wp\/v2\/posts\/542770\/revisions"}],"wp:featuredmedia":[{"embeddable":true,"href":"https:\/\/www.europesays.com\/fr\/wp-json\/wp\/v2\/media\/542771"}],"wp:attachment":[{"href":"https:\/\/www.europesays.com\/fr\/wp-json\/wp\/v2\/media?parent=542770"}],"wp:term":[{"taxonomy":"category","embeddable":true,"href":"https:\/\/www.europesays.com\/fr\/wp-json\/wp\/v2\/categories?post=542770"},{"taxonomy":"post_tag","embeddable":true,"href":"https:\/\/www.europesays.com\/fr\/wp-json\/wp\/v2\/tags?post=542770"}],"curies":[{"name":"wp","href":"https:\/\/api.w.org\/{rel}","templated":true}]}}