{"id":542774,"date":"2025-11-18T15:57:25","date_gmt":"2025-11-18T15:57:25","guid":{"rendered":"https:\/\/www.europesays.com\/fr\/542774\/"},"modified":"2025-11-18T15:57:25","modified_gmt":"2025-11-18T15:57:25","slug":"dans-lest-de-lallemagne-un-futur-mega-centre-de-donnees-pour-semanciper-des-etats-unis-actualites","status":"publish","type":"post","link":"https:\/\/www.europesays.com\/fr\/542774\/","title":{"rendered":"Dans l&rsquo;est de l&rsquo;Allemagne, un futur m\u00e9ga centre de donn\u00e9es pour s&rsquo;\u00e9manciper des Etats-Unis : Actualit\u00e9s"},"content":{"rendered":"<p class=\"lead \">Un peu perdu dans la campagne de l&rsquo;est de l&rsquo;Allemagne, un m\u00e9ga centre de donn\u00e9es doit sortir de terre, avec l&rsquo;espoir d&rsquo;aider \u00e0 b\u00e2tir une industrie europ\u00e9enne de l&rsquo;IA ind\u00e9pendante des Etats-Unis.<\/p>\n<p class=\"lead \">Le groupe Schwarz, d\u00e9tenteur des enseignes de discount Lidl et Kaufland, compte investir 11 milliards d&rsquo;euros dans cette future usine du num\u00e9rique situ\u00e9e en dehors de la commune de L\u00fcbbenau, dans le Brandenbourg.<\/p>\n<p class=\"lead \">Casque de protection sur la t\u00eate, les dirigeants de Schwarz Digits, la branche informatique du groupe, ont donn\u00e9 lundi sous la bruine le premier coup de pelle du chantier. <\/p>\n<p class=\"lead \">Les centres de donn\u00e9es sont \u00ab\u00a0la colonne vert\u00e9brale de la souverainet\u00e9 num\u00e9rique de l&rsquo;Allemagne\u00a0\u00bb, a jug\u00e9 le ministre du Num\u00e9rique, Karsten Wildberger, dans un discours.<\/p>\n<p class=\"lead \">Car ici, les entreprises pourront travailler avec leurs donn\u00e9es et celles de clients allemands ou europ\u00e9ens, sans qu&rsquo;elles soient stock\u00e9es aux Etats-Unis, o\u00f9 elles sont moins prot\u00e9g\u00e9es.<\/p>\n<p class=\"lead \">Distanc\u00e9e dans la course \u00e0 l&rsquo;IA, dans le domaine des puces et le cloud (informatique \u00e0 distance), l&rsquo;Europe tente de reprendre en main sa politique num\u00e9rique.<\/p>\n<p class=\"lead \">Berlin accueille mardi \u00ab\u00a0un sommet sur la souverainet\u00e9 technologique\u00a0\u00bb, en pr\u00e9sence du chancelier Friedrich Merz et du pr\u00e9sident fran\u00e7ais Emmanuel Macron, pour r\u00e9pondre \u00e0 la domination am\u00e9ricaine.<\/p>\n<p class=\"lead \">&#8211; Quatre terrains de foot-<\/p>\n<p class=\"lead \">Rolf Schumann, codirecteur de Schwarz Digits, promet que le chantier de L\u00fcbbenau fera na\u00eetre une \u00ab\u00a0infrastructure s\u00fbre et ind\u00e9pendante\u00a0\u00bb pour que les citoyens comme les entreprises \u00ab\u00a0puissent fa\u00e7onner leur avenir num\u00e9rique de mani\u00e8re autonome\u00a0\u00bb. <\/p>\n<p class=\"lead \">En attendant, une vingtaine de fines colonnes de b\u00e9ton et des grues s&rsquo;\u00e9l\u00e8vent sur l&rsquo;immense terrain situ\u00e9 dans la r\u00e9gion du Spreewald, au sud de Berlin, avant tout connue pour ses canaux et sa nature.<\/p>\n<p class=\"lead \">Ici seront construits six modules du centre de donn\u00e9es, chacun vaste comme quatre terrains de football. Trois d&rsquo;entre eux doivent \u00eatre exploitables d&rsquo;ici fin 2027. <\/p>\n<p class=\"lead \">Au si\u00e8cle dernier, dans l&rsquo;Allemagne de l&rsquo;Est communiste, le lieu h\u00e9bergeait une centrale \u00e9lectrique aujourd&rsquo;hui disparue.<\/p>\n<p class=\"lead \">Rolf Schumann explique \u00e0 l&rsquo;AFP que le centre pourra accueillir jusqu&rsquo;\u00e0 100.000 GPU, des processeurs cruciaux produits avant tout par les Etats-Unis et la Chine. <\/p>\n<p class=\"lead \">Une telle capacit\u00e9 en ferait une giga-usine d&rsquo;IA comme celle dont l&rsquo;UE souhaite faciliter la construction, avec un fonds d\u00e9di\u00e9 de 20 milliards d&rsquo;euros.<\/p>\n<p class=\"lead \">\u00ab\u00a0C&rsquo;est bien s\u00fbr un pas dans la bonne direction\u00a0\u00bb et un projet d&rsquo;une ampleur in\u00e9gal\u00e9e en Allemagne \u00ab\u00a0mais on est encore loin derri\u00e8re les Etats-Unis et la Chine\u00a0\u00bb, opine la chercheuse Barbara Engels de l&rsquo;institut IW K\u00f6ln.<\/p>\n<p class=\"lead \">Washington disposait d\u00e9j\u00e0 en 2024 de capacit\u00e9s dix fois sup\u00e9rieures \u00e0 celles pr\u00e9vues en Allemagne d&rsquo;ici 2030, selon la f\u00e9d\u00e9ration du num\u00e9rique Bitkom.<\/p>\n<p class=\"lead \">Et des centres pouvant accueillir plus d&rsquo;un million de GPU sont en cours de construction outre-Atlantique.<\/p>\n<p class=\"lead \">&#8211; Empreinte \u00e9cologique \u00e9norme &#8211;<\/p>\n<p class=\"lead \">Le site de L\u00fcbbenau doit servir \u00e0 l&rsquo;entra\u00eenement de mod\u00e8les d&rsquo;IA pour le groupe Schwarz, mais aussi pour d&rsquo;autres entreprises et le secteur public.<\/p>\n<p class=\"lead \">Il doit \u00eatre utilis\u00e9 aussi par Stackit, autre branche du groupe sp\u00e9cialis\u00e9e dans le cloud et qui esp\u00e8re concurrencer les g\u00e9ants am\u00e9ricains AWS ou Microsoft Azure.<\/p>\n<p class=\"lead \">\u00ab\u00a0Nous fournissons des services num\u00e9riques souverains avec des valeurs europ\u00e9ennes\u00a0\u00bb, a promis M. Schumann dans son discours.<\/p>\n<p class=\"lead \">Malgr\u00e9 tout, ce type de chantier d\u00e9pend souvent des Etats-Unis, comme l&rsquo;illustrent deux projets r\u00e9cement d\u00e9voil\u00e9s en Allemagne : l&rsquo;un est pilot\u00e9 par Google, l&rsquo;autre repose sur les GPU du g\u00e9ant Nvidia.<\/p>\n<p class=\"lead \">L&rsquo;installation \u00e0 L\u00fcbbenau sera aussi probablement \u00e9quip\u00e9e de ces incontournables processeurs, estime Barbara Engels.<\/p>\n<p class=\"lead \">En termes d&rsquo;approvisionnement \u00e9nerg\u00e9tique, un autre probl\u00e8me de l&rsquo;UE qui se d\u00e9bat avec des co\u00fbts \u00e9lev\u00e9s, Schwarz Digits promet d&rsquo;alimenter le site avec de l&rsquo;\u00e9lectricit\u00e9 verte.<\/p>\n<p class=\"lead \">Le centre de donn\u00e9es aura n\u00e9anmoins \u00ab\u00a0une empreinte \u00e9cologique \u00e9norme\u00a0\u00bb, selon la chercheuse qui se demande si l&rsquo;Allemagne aura \u00e0 l&rsquo;avenir assez d&rsquo;\u00e9nergies renouvelables pour ces centres \u00e9nergivores.<\/p>\n<p class=\"lead \">Le site sera construit en parti avec du b\u00e9ton et de l&rsquo;acier recycl\u00e9 de l&rsquo;ancienne centrale \u00e9lectrique.<\/p>\n<p class=\"lead \">Et \u00e0 partir de 2028, la chaleur r\u00e9siduelle des serveurs informatiques permettrait m\u00eame de chauffer jusqu&rsquo;\u00e0 75.000 foyers des environs, selon le groupe Schwarz.<\/p>\n<p class=\"small font-weight-bold text-gray3 \"> publi\u00e9 le 18 novembre \u00e0 16h20, AFP<\/p>\n<p>                             Partager<\/p>\n","protected":false},"excerpt":{"rendered":"Un peu perdu dans la campagne de l&rsquo;est de l&rsquo;Allemagne, un m\u00e9ga centre de donn\u00e9es doit sortir de&hellip;\n","protected":false},"author":2,"featured_media":542775,"comment_status":"","ping_status":"","sticky":false,"template":"","format":"standard","meta":{"footnotes":""},"categories":[1587],"tags":[13790,11,672,1804,1805,1803,313,1777,674,1801,861,12,316,1802,308],"class_list":{"0":"post-542774","1":"post","2":"type-post","3":"status-publish","4":"format-standard","5":"has-post-thumbnail","7":"category-allemagne","8":"tag-conomie","9":"tag-actualites","10":"tag-allemagne","11":"tag-bundesrepublik-deutschland","12":"tag-de","13":"tag-deutschland","14":"tag-entreprises","15":"tag-eu","16":"tag-europe","17":"tag-germany","18":"tag-ia","19":"tag-news","20":"tag-politique","21":"tag-republique-federale-dallemagne","22":"tag-usa"},"share_on_mastodon":{"url":"https:\/\/pubeurope.com\/@fr\/115571526418270731","error":""},"_links":{"self":[{"href":"https:\/\/www.europesays.com\/fr\/wp-json\/wp\/v2\/posts\/542774","targetHints":{"allow":["GET"]}}],"collection":[{"href":"https:\/\/www.europesays.com\/fr\/wp-json\/wp\/v2\/posts"}],"about":[{"href":"https:\/\/www.europesays.com\/fr\/wp-json\/wp\/v2\/types\/post"}],"author":[{"embeddable":true,"href":"https:\/\/www.europesays.com\/fr\/wp-json\/wp\/v2\/users\/2"}],"replies":[{"embeddable":true,"href":"https:\/\/www.europesays.com\/fr\/wp-json\/wp\/v2\/comments?post=542774"}],"version-history":[{"count":0,"href":"https:\/\/www.europesays.com\/fr\/wp-json\/wp\/v2\/posts\/542774\/revisions"}],"wp:featuredmedia":[{"embeddable":true,"href":"https:\/\/www.europesays.com\/fr\/wp-json\/wp\/v2\/media\/542775"}],"wp:attachment":[{"href":"https:\/\/www.europesays.com\/fr\/wp-json\/wp\/v2\/media?parent=542774"}],"wp:term":[{"taxonomy":"category","embeddable":true,"href":"https:\/\/www.europesays.com\/fr\/wp-json\/wp\/v2\/categories?post=542774"},{"taxonomy":"post_tag","embeddable":true,"href":"https:\/\/www.europesays.com\/fr\/wp-json\/wp\/v2\/tags?post=542774"}],"curies":[{"name":"wp","href":"https:\/\/api.w.org\/{rel}","templated":true}]}}