{"id":542782,"date":"2025-11-18T16:04:26","date_gmt":"2025-11-18T16:04:26","guid":{"rendered":"https:\/\/www.europesays.com\/fr\/542782\/"},"modified":"2025-11-18T16:04:26","modified_gmt":"2025-11-18T16:04:26","slug":"le-corps-du-septuagenaire-emporte-par-une-crue-dimanche-a-ete-retrouve","status":"publish","type":"post","link":"https:\/\/www.europesays.com\/fr\/542782\/","title":{"rendered":"Le corps du septuag\u00e9naire emport\u00e9 par une crue dimanche a \u00e9t\u00e9 retrouv\u00e9"},"content":{"rendered":"<p>Apr\u00e8s trois jours de recherches, le <a href=\"https:\/\/www.20minutes.fr\/societe\/4185909-20251116-intemperies-homme-porte-disparu-vigilance-orange-pluies-diluviennes-abattues-sud\" target=\"_blank\" class=\"c-link c-link--is-underlined\" rel=\"noopener\">corps sans vie<\/a> d\u2019un septuag\u00e9naire, <a href=\"https:\/\/www.20minutes.fr\/faits_divers\/4185897-20251116-intemperies-septuagenaire-porte-disparu-ardeche\" target=\"_blank\" class=\"c-link c-link--is-underlined\" rel=\"noopener\">emport\u00e9 dimanche par une rivi\u00e8re<\/a> en crue en <a href=\"https:\/\/www.20minutes.fr\/societe\/ardeche\/\" class=\"c-link c-link--is-underlined\" target=\"_blank\" rel=\"noopener\">Ard\u00e8che<\/a>, a \u00e9t\u00e9 retrouv\u00e9 ce mardi \u00ab\u00a0en fin de matin\u00e9e\u00a0\u00bb, a indiqu\u00e9 la pr\u00e9fecture. \u00ab\u00a0Les plongeurs de la brigade fluviale de gendarmerie ont retrouv\u00e9 sur les rives du Lavezon, dans la commune de Meysse, le corps inanim\u00e9 du septuag\u00e9naire\u00a0\u00bb, a-t-elle pr\u00e9cis\u00e9 dans un communiqu\u00e9.<\/p>\n<p>La victime, un Ard\u00e9chois de 76 ans, avait disparu dimanche sur la petite commune de Saint-Vincent-de-Barr\u00e8s, situ\u00e9e dans une zone montagneuse \u00e0 une trentaine de kilom\u00e8tres au nord de Mont\u00e9limar, pendant une <a href=\"https:\/\/www.20minutes.fr\/societe\/4185878-20251116-meteo-france-quatre-departements-sud-vigilance-orange-pluie-inondation-nice-alerte\" target=\"_blank\" class=\"c-link c-link--is-underlined\" rel=\"noopener\">vigilance orange<\/a> pluie-inondations. L\u2019homme avait voulu \u00e9loigner son v\u00e9hicule gar\u00e9 \u00e0 proximit\u00e9 de la berge quand il a vu monter le niveau du Rieutord, un affluent de l\u2019Ard\u00e8che, avait alors expliqu\u00e9 \u00e0 l\u2019AFP Paul Savatier, maire de la commune.<\/p>\n<\/p>\n<p>La voiture retrouv\u00e9e dimanche, sans son propri\u00e9taire<\/p>\n<p>Le septuag\u00e9naire puis son v\u00e9hicule avaient \u00e9t\u00e9 emport\u00e9s par la rivi\u00e8re alors en crue. Son \u00e9pouse avait donn\u00e9 l\u2019alerte. La voiture seule avait \u00e9t\u00e9 retrouv\u00e9e plus tard dans la journ\u00e9e \u00e0 quelques kilom\u00e8tres en aval dans le Rieutord. Des \u00ab\u00a0moyens importants\u00a0\u00bb ont \u00e9t\u00e9 d\u00e9ploy\u00e9s depuis dimanche pour le retrouver, notamment une brigade fluviale, un h\u00e9licopt\u00e8re et un drone, selon la pr\u00e9fecture.<\/p>\n<p>Le pr\u00e9fet de l\u2019Ard\u00e8che, Beno\u00eet Tr\u00e9visani, a adress\u00e9 mardi \u00ab\u00a0ses plus sinc\u00e8res condol\u00e9ances \u00e0 la famille et aux proches de la victime\u00a0\u00bb avant de remercier gendarmes et secouristes qui ont \u00e9t\u00e9 mobilis\u00e9s pour les recherches.<\/p>\n","protected":false},"excerpt":{"rendered":"Apr\u00e8s trois jours de recherches, le corps sans vie d\u2019un septuag\u00e9naire, emport\u00e9 dimanche par une rivi\u00e8re en crue&hellip;\n","protected":false},"author":2,"featured_media":542783,"comment_status":"","ping_status":"","sticky":false,"template":"","format":"standard","meta":{"footnotes":""},"categories":[2],"tags":[119,47,11,4646,2430,11295,118,1011,27,4458,12,7781,4459,25,2431],"class_list":{"0":"post-542782","1":"post","2":"type-post","3":"status-publish","4":"format-standard","5":"has-post-thumbnail","7":"category-actualites","8":"tag-accident","9":"tag-actualite","10":"tag-actualites","11":"tag-ardeche","12":"tag-auvergne-rhone-alpes","13":"tag-crue","14":"tag-faits-divers","15":"tag-fr","16":"tag-france","17":"tag-inondation","18":"tag-news","19":"tag-noyade","20":"tag-pluie","21":"tag-republique-francaise","22":"tag-rhone-alpes"},"share_on_mastodon":{"url":"https:\/\/pubeurope.com\/@fr\/115571553963915131","error":""},"_links":{"self":[{"href":"https:\/\/www.europesays.com\/fr\/wp-json\/wp\/v2\/posts\/542782","targetHints":{"allow":["GET"]}}],"collection":[{"href":"https:\/\/www.europesays.com\/fr\/wp-json\/wp\/v2\/posts"}],"about":[{"href":"https:\/\/www.europesays.com\/fr\/wp-json\/wp\/v2\/types\/post"}],"author":[{"embeddable":true,"href":"https:\/\/www.europesays.com\/fr\/wp-json\/wp\/v2\/users\/2"}],"replies":[{"embeddable":true,"href":"https:\/\/www.europesays.com\/fr\/wp-json\/wp\/v2\/comments?post=542782"}],"version-history":[{"count":0,"href":"https:\/\/www.europesays.com\/fr\/wp-json\/wp\/v2\/posts\/542782\/revisions"}],"wp:featuredmedia":[{"embeddable":true,"href":"https:\/\/www.europesays.com\/fr\/wp-json\/wp\/v2\/media\/542783"}],"wp:attachment":[{"href":"https:\/\/www.europesays.com\/fr\/wp-json\/wp\/v2\/media?parent=542782"}],"wp:term":[{"taxonomy":"category","embeddable":true,"href":"https:\/\/www.europesays.com\/fr\/wp-json\/wp\/v2\/categories?post=542782"},{"taxonomy":"post_tag","embeddable":true,"href":"https:\/\/www.europesays.com\/fr\/wp-json\/wp\/v2\/tags?post=542782"}],"curies":[{"name":"wp","href":"https:\/\/api.w.org\/{rel}","templated":true}]}}