{"id":542787,"date":"2025-11-18T16:12:36","date_gmt":"2025-11-18T16:12:36","guid":{"rendered":"https:\/\/www.europesays.com\/fr\/542787\/"},"modified":"2025-11-18T16:12:36","modified_gmt":"2025-11-18T16:12:36","slug":"tournee-dautomne-pourquoi-le-sud-africain-sacha-feinberg-mngomezulu-nest-il-pas-nomme-dans-la-categorie-revelation-de-lannee-world-rugby","status":"publish","type":"post","link":"https:\/\/www.europesays.com\/fr\/542787\/","title":{"rendered":"Tourn\u00e9e d&rsquo;automne &#8211; Pourquoi le Sud-Africain Sacha Feinberg-Mngomezulu n&rsquo;est-il pas nomm\u00e9 dans la cat\u00e9gorie r\u00e9v\u00e9lation de l&rsquo;ann\u00e9e World Rugby ?"},"content":{"rendered":"<p>\n                L&rsquo;absence de Sacha Feinberg-Mngomezulu pour le titre de \u00ab\u00a0r\u00e9v\u00e9lation de l&rsquo;ann\u00e9e\u00a0\u00bb World Rugby intrigue. Mais malgr\u00e9 ses performances impressionnantes, il ne r\u00e9pond pas aux crit\u00e8res d&rsquo;\u00e9ligibilit\u00e9. On vous explique.\u00a0\n            <\/p>\n<p>En d\u00e9couvrant la liste des joueurs nomm\u00e9s pour le titre de<a href=\"https:\/\/www.world.rugby\/tournaments\/awards\/voting-panel\" target=\"_self\" rel=\"nofollow noopener\"><strong> \u00ab\u00a0r\u00e9v\u00e9lation de l&rsquo;ann\u00e9e\u00a0\u00bb World Rugby<\/strong><\/a>, il a sembl\u00e9 \u00e9tonnant de ne pas voir figurer le nom de Sacha Feinberg-Mngomezulu. \u00c0 23 ans, la nouvelle star de l&rsquo;URC et du rugby sud-africain s&rsquo;est impos\u00e9e avec la nation triple championne du monde, passant m\u00eame devant Handre Pollard et Manie Libbok dans la hi\u00e9rarchie de Rassie Erasmus. Pour autant, l&rsquo;ouvreur des Stormers n&rsquo;a pas \u00e9t\u00e9 s\u00e9lectionn\u00e9, World Rugby lui a pr\u00e9f\u00e9r\u00e9 son compatriote Ethan Hooker, le N\u00e9o-Z\u00e9landais Fabian Holland, l&rsquo;Australien Joseph-Aukuso Suaalii et l&rsquo;Anglais Henry Pollock.<\/p>\n<p>Ces derniers mois, Feinberg-Mngomezulu est devenu la nouvelle coqueluche des supporters sud-africains, notamment apr\u00e8s sa masterclass face \u00e0 l&rsquo;Argentine lors du Rugby Championship. Auteur de 37 points ce jour-l\u00e0 (3 essais, 8 transformations et 3 p\u00e9nalit\u00e9s), il avait battu le record de points inscrits par un Springbok sur un test-match, battant le pr\u00e9c\u00e9dent record de 25 points d\u00e9tenu par un certain Percy Montgomery (face \u00e0 la Namibie en 2007). \u00c9galement brillant avec la franchise du Cap qui caracole en t\u00eate de l&rsquo;URC, \u00ab\u00a0Sacha\u00a0\u00bb comme il est surnomm\u00e9 au pays, ne cesse d&rsquo;impressionner. Face aux Bleus en novembre, il a largement particip\u00e9 au succ\u00e8s des siens avec un essai inscrit et 17 points au pied.\u00a0<\/p>\n<p>Pas \u00e9ligible pour le titre de r\u00e9v\u00e9lation\u00a0<\/p>\n<p>D\u00e8s lors, World Rugby en veut-il au jeune Bok de 23 ans ? La nation championne du monde en France est-elle l\u00e9s\u00e9e par les grandes instances du rugby ? Rien de tout \u00e7a, rassurez-vous. L&rsquo;absence du crack a en effet une explication toute simple : il n&rsquo;est pas \u00e9ligible pour ce titre de r\u00e9v\u00e9lation de l&rsquo;ann\u00e9e. En effet, le site internet de World Rugby pr\u00e9cise des crit\u00e8res clairs pour pr\u00e9tendre \u00e0 la r\u00e9compense et l&rsquo;un d&rsquo;entre eux est d&rsquo;avoir un an ou moins de carri\u00e8re internationale dans ses bagages, ce qui n&rsquo;est pas le cas de Feinberg-Mngomezulu, qui a fait ses grands d\u00e9buts avec les Springboks \u00e0 l&rsquo;\u00e9t\u00e9 2024 face au pays de Galles.<\/p>\n<p>A contrario, Henry Pollock a connu sa premi\u00e8re s\u00e9lection lors du Tournoi des 6 Nations 2025 face aux Gallois, le Black Fabian Holland face \u00e0 l&rsquo;\u00e9quipe de France l&rsquo;\u00e9t\u00e9 dernier, le Sud-Africain Ethan Hooker contre l&rsquo;Italie le 12 juillet. En ce qui concerne Joseph-Aukuso Suaalii, l&rsquo;ancien treiziste a d\u00e9but\u00e9 sa carri\u00e8re internationale avec les Wallabies le 9 novembre 2024 face \u00e0 l&rsquo;Angleterre, mais \u00e0 un an presque jour pour jour, sa pr\u00e9sence a \u00e9t\u00e9 accept\u00e9e comme ce fut le cas dans le pass\u00e9 pour plusieurs autres joueurs (Rieko Ioane en 2017, Mark Telea en 2023 et Will Jordan en 2021).<\/p>\n<p>Enfin, il faut rappeler que le demi d&rsquo;ouverture des Stormers avait d\u00e9j\u00e0 \u00e9t\u00e9 nomm\u00e9 dans cette cat\u00e9gorie l&rsquo;ann\u00e9e derni\u00e8re, et avait \u00e9t\u00e9 battu par le N\u00e9o-Z\u00e9landais Wallace Sititi, qui avait marqu\u00e9 davantage les esprits. Dans les faits, Feinberg-Mngomezulu \u00e9tait pressenti pour \u00eatre nomm\u00e9 dans la cat\u00e9gorie meilleur joueur, mais le jury de superstars (Jacques Burger, Fiona Coghlan, Victor Matfield, Drew Mitchell, Ugo Monye, Sergio Parisse, Kieran Read et Blaine Scully) a pr\u00e9f\u00e9r\u00e9 trois autres de ses compatriotes (le talonneur Malcolm Marx, le pilier gauche Ox Nche et le troisi\u00e8me ligne Pieter-Steph du Toit). Le dernier cit\u00e9, le tenant du titre, n&rsquo;a disput\u00e9 que 8 matchs en 2025, dont aucun avec son club japonais (Toyota Verblitz). N&rsquo;est-il pas l\u00e0 le principal probl\u00e8me ?<\/p>\n","protected":false},"excerpt":{"rendered":"L&rsquo;absence de Sacha Feinberg-Mngomezulu pour le titre de \u00ab\u00a0r\u00e9v\u00e9lation de l&rsquo;ann\u00e9e\u00a0\u00bb World Rugby intrigue. Mais malgr\u00e9 ses performances&hellip;\n","protected":false},"author":2,"featured_media":542788,"comment_status":"","ping_status":"","sticky":false,"template":"","format":"standard","meta":{"footnotes":""},"categories":[1416],"tags":[1011,27,479,1468,60],"class_list":{"0":"post-542787","1":"post","2":"type-post","3":"status-publish","4":"format-standard","5":"has-post-thumbnail","7":"category-rugby","8":"tag-fr","9":"tag-france","10":"tag-rugby","11":"tag-rugby-football","12":"tag-sports"},"share_on_mastodon":{"url":"https:\/\/pubeurope.com\/@fr\/115571585389074377","error":""},"_links":{"self":[{"href":"https:\/\/www.europesays.com\/fr\/wp-json\/wp\/v2\/posts\/542787","targetHints":{"allow":["GET"]}}],"collection":[{"href":"https:\/\/www.europesays.com\/fr\/wp-json\/wp\/v2\/posts"}],"about":[{"href":"https:\/\/www.europesays.com\/fr\/wp-json\/wp\/v2\/types\/post"}],"author":[{"embeddable":true,"href":"https:\/\/www.europesays.com\/fr\/wp-json\/wp\/v2\/users\/2"}],"replies":[{"embeddable":true,"href":"https:\/\/www.europesays.com\/fr\/wp-json\/wp\/v2\/comments?post=542787"}],"version-history":[{"count":0,"href":"https:\/\/www.europesays.com\/fr\/wp-json\/wp\/v2\/posts\/542787\/revisions"}],"wp:featuredmedia":[{"embeddable":true,"href":"https:\/\/www.europesays.com\/fr\/wp-json\/wp\/v2\/media\/542788"}],"wp:attachment":[{"href":"https:\/\/www.europesays.com\/fr\/wp-json\/wp\/v2\/media?parent=542787"}],"wp:term":[{"taxonomy":"category","embeddable":true,"href":"https:\/\/www.europesays.com\/fr\/wp-json\/wp\/v2\/categories?post=542787"},{"taxonomy":"post_tag","embeddable":true,"href":"https:\/\/www.europesays.com\/fr\/wp-json\/wp\/v2\/tags?post=542787"}],"curies":[{"name":"wp","href":"https:\/\/api.w.org\/{rel}","templated":true}]}}