{"id":542789,"date":"2025-11-18T16:14:16","date_gmt":"2025-11-18T16:14:16","guid":{"rendered":"https:\/\/www.europesays.com\/fr\/542789\/"},"modified":"2025-11-18T16:14:16","modified_gmt":"2025-11-18T16:14:16","slug":"en-2025-novak-djokovic-a-bascule-dans-lopposition","status":"publish","type":"post","link":"https:\/\/www.europesays.com\/fr\/542789\/","title":{"rendered":"En 2025, Novak Djokovic a bascul\u00e9 dans l\u2019opposition"},"content":{"rendered":"<p>En 2025, Novak Djokovic a ajout\u00e9 un nouveau record \u00e0 sa collection, d\u00e9j\u00e0 sans \u00e9gale. Le Serbe a conclu ce lundi, jour de publication de l\u2019ultime classement ATP de l\u2019ann\u00e9e, une 16e saison dans le top 4 mondial, une performance que Roger Federer et Rafael Nadal n\u2019ont r\u00e9alis\u00e9e que 15 fois chacun. C\u2019est d\u2019autant plus remarquable que Djokovic a peu jou\u00e9, d\u2019abord parce qu\u2019il a \u00e9t\u00e9 \u00e9limin\u00e9 trois fois au premier tour ce printemps, puis parce qu\u2019il s\u2019est (p)r\u00e9serv\u00e9, ne jouant aucun tournoi entre Roland-Garros et Wimbledon, puis entre Wimbledon et l\u2019US Open.<\/p>\n<p>Il n\u2019a pas particip\u00e9 non plus la semaine derni\u00e8re aux ATP Finals (ex-Masters), o\u00f9 l\u2019Italien Jannik Sinner a domin\u00e9 dimanche en finale l\u2019Espagnol Carlos Alcaraz (7-6 7-5), lequel a repris \u00e0 son ami et rival la place de num\u00e9ro 1 mondial. Alcaraz et Sinner ont \u00e9cras\u00e9 le tennis masculin et remport\u00e9 comme en 2024 tous les tournois majeurs, \u00e0 parts \u00e9gales. Novak Djokovic soutenait encore la comparaison l\u2019an dernier: il avait \u00e9t\u00e9 num\u00e9ro 1 mondial, il avait jou\u00e9 une finale \u00e0 Wimbledon, avait remport\u00e9 le titre olympique \u00e0 Paris en dominant Alcaraz. Il l\u2019a encore battu en d\u00e9but de saison, en quart de finale de l\u2019Open d\u2019Australie, mais ce fut son chant du cygne.<\/p>\n","protected":false},"excerpt":{"rendered":"En 2025, Novak Djokovic a ajout\u00e9 un nouveau record \u00e0 sa collection, d\u00e9j\u00e0 sans \u00e9gale. Le Serbe a&hellip;\n","protected":false},"author":2,"featured_media":542790,"comment_status":"","ping_status":"","sticky":false,"template":"","format":"standard","meta":{"footnotes":""},"categories":[1415],"tags":[1011,27,301,517,60,1467],"class_list":{"0":"post-542789","1":"post","2":"type-post","3":"status-publish","4":"format-standard","5":"has-post-thumbnail","7":"category-tennis","8":"tag-fr","9":"tag-france","10":"tag-premium","11":"tag-sport","12":"tag-sports","13":"tag-tennis"},"share_on_mastodon":{"url":"https:\/\/pubeurope.com\/@fr\/115571593282218164","error":""},"_links":{"self":[{"href":"https:\/\/www.europesays.com\/fr\/wp-json\/wp\/v2\/posts\/542789","targetHints":{"allow":["GET"]}}],"collection":[{"href":"https:\/\/www.europesays.com\/fr\/wp-json\/wp\/v2\/posts"}],"about":[{"href":"https:\/\/www.europesays.com\/fr\/wp-json\/wp\/v2\/types\/post"}],"author":[{"embeddable":true,"href":"https:\/\/www.europesays.com\/fr\/wp-json\/wp\/v2\/users\/2"}],"replies":[{"embeddable":true,"href":"https:\/\/www.europesays.com\/fr\/wp-json\/wp\/v2\/comments?post=542789"}],"version-history":[{"count":0,"href":"https:\/\/www.europesays.com\/fr\/wp-json\/wp\/v2\/posts\/542789\/revisions"}],"wp:featuredmedia":[{"embeddable":true,"href":"https:\/\/www.europesays.com\/fr\/wp-json\/wp\/v2\/media\/542790"}],"wp:attachment":[{"href":"https:\/\/www.europesays.com\/fr\/wp-json\/wp\/v2\/media?parent=542789"}],"wp:term":[{"taxonomy":"category","embeddable":true,"href":"https:\/\/www.europesays.com\/fr\/wp-json\/wp\/v2\/categories?post=542789"},{"taxonomy":"post_tag","embeddable":true,"href":"https:\/\/www.europesays.com\/fr\/wp-json\/wp\/v2\/tags?post=542789"}],"curies":[{"name":"wp","href":"https:\/\/api.w.org\/{rel}","templated":true}]}}