{"id":542791,"date":"2025-11-18T16:18:48","date_gmt":"2025-11-18T16:18:48","guid":{"rendered":"https:\/\/www.europesays.com\/fr\/542791\/"},"modified":"2025-11-18T16:18:48","modified_gmt":"2025-11-18T16:18:48","slug":"a-81-ans-il-est-champion-du-monde-de-triathlon","status":"publish","type":"post","link":"https:\/\/www.europesays.com\/fr\/542791\/","title":{"rendered":"\u00e0 81 ans, il est champion du monde de triathlon !"},"content":{"rendered":"<p>Avec Jean-Marc Bertolo, triathl\u00e8te blanchi sous le harnais des championnats du monde, le club Savoie Maurienne triathlon tient une belle t\u00eate d\u2019affiche. L\u2019habitu\u00e9 d\u2019Hawa\u00ef a d\u00e9croch\u00e9, au d\u00e9but du mois \u00e0 Marbella (Espagne), une neuvi\u00e8me place dans sa cat\u00e9gorie d\u2019\u00e2ge (70-74 ans) lors de l\u2019\u00e9preuve reine en format 70.3 (1,9\u00a0km de natation en mer, 90\u00a0km \u00e0 v\u00e9lo pour 1\u00a0785 m\u00e8tres de d\u00e9nivel\u00e9, et un semi-marathon).<\/p>\n<p>Il devance certes, au scratch,&#8230;<\/p>\n","protected":false},"excerpt":{"rendered":"Avec Jean-Marc Bertolo, triathl\u00e8te blanchi sous le harnais des championnats du monde, le club Savoie Maurienne triathlon tient&hellip;\n","protected":false},"author":2,"featured_media":542792,"comment_status":"","ping_status":"","sticky":false,"template":"","format":"standard","meta":{"footnotes":""},"categories":[1411],"tags":[7002,7004,5509,1154,207,7001,7003,107,1011,27,1757,17015,25691,5508,4604,14278,104,517,60,10997],"class_list":{"0":"post-542791","1":"post","2":"type-post","3":"status-publish","4":"format-standard","5":"has-post-thumbnail","7":"category-cyclisme","8":"tag-aix-les-bains","9":"tag-albertville","10":"tag-chambery","11":"tag-cycling","12":"tag-cyclisme","13":"tag-edition-chambery-aix-les-bains","14":"tag-edition-tarentaise-maurienne","15":"tag-fil-info","16":"tag-fr","17":"tag-france","18":"tag-insolite","19":"tag-saint-jean-de-maurienne","20":"tag-saint-jean-de-maurienne-bassin","21":"tag-savoie","22":"tag-selection-abonne","23":"tag-selection-de-la-redaction-73","24":"tag-societe","25":"tag-sport","26":"tag-sports","27":"tag-triathlon"},"share_on_mastodon":{"url":"https:\/\/pubeurope.com\/@fr\/115571613070626193","error":""},"_links":{"self":[{"href":"https:\/\/www.europesays.com\/fr\/wp-json\/wp\/v2\/posts\/542791","targetHints":{"allow":["GET"]}}],"collection":[{"href":"https:\/\/www.europesays.com\/fr\/wp-json\/wp\/v2\/posts"}],"about":[{"href":"https:\/\/www.europesays.com\/fr\/wp-json\/wp\/v2\/types\/post"}],"author":[{"embeddable":true,"href":"https:\/\/www.europesays.com\/fr\/wp-json\/wp\/v2\/users\/2"}],"replies":[{"embeddable":true,"href":"https:\/\/www.europesays.com\/fr\/wp-json\/wp\/v2\/comments?post=542791"}],"version-history":[{"count":0,"href":"https:\/\/www.europesays.com\/fr\/wp-json\/wp\/v2\/posts\/542791\/revisions"}],"wp:featuredmedia":[{"embeddable":true,"href":"https:\/\/www.europesays.com\/fr\/wp-json\/wp\/v2\/media\/542792"}],"wp:attachment":[{"href":"https:\/\/www.europesays.com\/fr\/wp-json\/wp\/v2\/media?parent=542791"}],"wp:term":[{"taxonomy":"category","embeddable":true,"href":"https:\/\/www.europesays.com\/fr\/wp-json\/wp\/v2\/categories?post=542791"},{"taxonomy":"post_tag","embeddable":true,"href":"https:\/\/www.europesays.com\/fr\/wp-json\/wp\/v2\/tags?post=542791"}],"curies":[{"name":"wp","href":"https:\/\/api.w.org\/{rel}","templated":true}]}}