{"id":542797,"date":"2025-11-18T16:23:08","date_gmt":"2025-11-18T16:23:08","guid":{"rendered":"https:\/\/www.europesays.com\/fr\/542797\/"},"modified":"2025-11-18T16:23:08","modified_gmt":"2025-11-18T16:23:08","slug":"insolite-un-phenomene-rare-photographie-en-loire-atlantique","status":"publish","type":"post","link":"https:\/\/www.europesays.com\/fr\/542797\/","title":{"rendered":"Insolite. Un ph\u00e9nom\u00e8ne rare photographi\u00e9 en Loire-Atlantique"},"content":{"rendered":"<p>                    Par<br \/>\n        <strong><br \/>\n            <a href=\"https:\/\/actu.fr\/auteur\/benjamin-epineau\" title=\"Consulter tous les articles de Benjamin Epineau\" target=\"_blank\" rel=\"noopener\">Benjamin Epineau<\/a><br \/>\n                    <\/strong><\/p>\n<p>        Publi\u00e9 le<\/p>\n<p>            18 nov. 2025 \u00e0 11h46        <\/p>\n<p>\u00ab\u2009Un Ovni\u2009\u00bb, \u00ab\u2009un montage ou une image g\u00e9n\u00e9r\u00e9e par l\u2019IA\u2009\u00bb\u2026En partageant sa photo sur Facebook, la publication de <b>Jean-Pierre Dirickx<\/b> a suscit\u00e9 les r\u00e9actions. Le mercredi 8\u00a0octobre 2025, ce photographe amateur a captur\u00e9, depuis le parking de la plage Saint-Goustan au <a href=\"https:\/\/actu.fr\/pays-de-la-loire\/le-croisic_44049\" target=\"_blank\" rel=\"noopener\">Croisic<\/a> (Loire-Atlantique), <b>un rayon vert<\/b>.<\/p>\n<p>    <a href=\"https:\/\/maps.google.com\/maps?q=47.30101303712103,-2.528860462457281&amp;z=15&amp;output=embed\" title=\"Ouvrie le lien\" target=\"_blank\" rel=\"noopener\">Cliquez ici pour visualiser le contenu<\/a><\/p>\n<p>\u00ab\u2009\u00c7a n\u2019arrive pas tous les soirs\u2009\u00bb<\/p>\n<p class=\" wall-content\">Cette luminosit\u00e9 intense, vert \u00e9meraude se produit \u00e0 la derni\u00e8re lueur du soleil sur l\u2019horizon.<\/p>\n<p class=\" wall-content\">Muni d\u2019un puissant objectif, Jean-Pierre Dirickx a r\u00e9ussi \u00e0 saisir cet instant furtif \u00ab\u2009en rafalant au bon moment. J\u2019ai tent\u00e9 le coup et j\u2019ai aper\u00e7u que j\u2019avais attrap\u00e9 le rayon vert\u2009\u00bb, explique-t-il \u00e0 l\u2019Echo de la Presqu\u2019\u00eele.<\/p>\n<p class=\" wall-content\">\u00ab\u2009\u00c7a n\u2019arrive pas tous les soirs\u2009\u00bb, d\u00e9taille l\u2019auteur du clich\u00e9 qui a d\u00e9j\u00e0 captur\u00e9 ce ph\u00e9nom\u00e8ne \u00e0 La R\u00e9union.<\/p>\n<p>Vid\u00e9os : en ce moment sur ActuUne explication scientifique<\/p>\n<p class=\" wall-content\">Si pour beaucoup, le rayon vert est un mythe, ce ph\u00e9nom\u00e8ne optique a pourtant <b>une explication scientifique.<\/b><\/p>\n<p class=\" wall-content\">\u00ab\u00a0L\u2019atmosph\u00e8re terrestre joue le r\u00f4le d\u2019un prisme, s\u00e9parant les rayons du Soleil dans des couleurs diff\u00e9rentes. Lorsque les rayons traversent un air tr\u00e8s dense, la lumi\u00e8re se courbe et se disperse dans l\u2019atmosph\u00e8re\u00a0\u00bb, peut-on apprendre dans un article de <a href=\"https:\/\/www.futura-sciences.com\/planete\/actualites\/meteorologie-phenomene-meteo-extraordinaire-rayon-vert-soleil-101713\/#:~:text=L&#039;apparition%20d&#039;un%20rayon,les%20conditions%20m%C3%A9t%C3%A9o%20sont%20propices.\" target=\"_blank\" rel=\"noopener\">Futura-Sciences<\/a>.<\/p>\n<p>Votre r\u00e9gion, votre actu !<\/p>\n<p>Recevez chaque jour les infos qui comptent pour vous.<\/p>\n<p>\t<a href=\"https:\/\/actu.fr\/newsletter\" class=\"ac-btn ac-btn--corner ac-btn--medium ac-btn--blue800\" target=\"_blank\" rel=\"noopener\">S&rsquo;incrire<\/a><\/p>\n<blockquote class=\"ac-article-quote wall-content\">\n<p>\u00ab\u00a0Les couleurs \u00e0 faible longueur d\u2019onde, comme le bleu, le vert et le violet, se refl\u00e8tent plus facilement que les couleurs \u00e0 grande longueur d\u2019onde comme le rouge, l\u2019orange et le jaune.\u00a0\u00bb<\/p>\n<\/blockquote>\n<p class=\" wall-content\">\u00ab\u00a0Quand le soleil est haut dans le ciel, la lumi\u00e8re voyage sur une plus courte distance et les couleurs ne se s\u00e9parent pas bien. Mais lorsque le Soleil commence \u00e0 passer en dessous de l\u2019horizon, la lumi\u00e8re doit parcourir une plus grande distance\u2009: par cons\u00e9quent, les couleurs se s\u00e9parent plus facilement. C\u2019est justement dans ces conditions que nos yeux arrivent \u00e0 percevoir la lumi\u00e8re verte\u2009\u00bb, explique Futura-Sciences.<\/p>\n<p class=\" wall-content\">Personnalisez votre actualit\u00e9 en ajoutant vos villes et m\u00e9dias en favori avec <a href=\"https:\/\/moncompte.actu.fr\" title=\"D\u00e9couvez Mon Actu\" rel=\"nofollow noopener\" data-trk=\"{&quot;cta&quot;:{&quot;action&quot;:&quot;https:\\\/\\\/moncompte.actu.fr&quot;,&quot;category&quot;:&quot;mon compte&quot;,&quot;from&quot;:&quot;article footer&quot;,&quot;name&quot;:&quot;Mon actu&quot;,&quot;type&quot;:&quot;cta&quot;}}\" target=\"_blank\">Mon Actu<\/a>.<\/p>\n","protected":false},"excerpt":{"rendered":"Par Benjamin Epineau Publi\u00e9 le 18 nov. 2025 \u00e0 11h46 \u00ab\u2009Un Ovni\u2009\u00bb, \u00ab\u2009un montage ou une image g\u00e9n\u00e9r\u00e9e&hellip;\n","protected":false},"author":2,"featured_media":542798,"comment_status":"","ping_status":"","sticky":false,"template":"","format":"standard","meta":{"footnotes":""},"categories":[1358],"tags":[1348,1384,1385,1386,58,59,1011,27,1757,10424,30044],"class_list":{"0":"post-542797","1":"post","2":"type-post","3":"status-publish","4":"format-standard","5":"has-post-thumbnail","7":"category-arts-et-design","8":"tag-arts","9":"tag-arts-and-design","10":"tag-arts-et-design","11":"tag-design","12":"tag-divertissement","13":"tag-entertainment","14":"tag-fr","15":"tag-france","16":"tag-insolite","17":"tag-ocean-atlantique","18":"tag-presquile-de-guerande"},"share_on_mastodon":{"url":"https:\/\/pubeurope.com\/@fr\/115571628633919611","error":""},"_links":{"self":[{"href":"https:\/\/www.europesays.com\/fr\/wp-json\/wp\/v2\/posts\/542797","targetHints":{"allow":["GET"]}}],"collection":[{"href":"https:\/\/www.europesays.com\/fr\/wp-json\/wp\/v2\/posts"}],"about":[{"href":"https:\/\/www.europesays.com\/fr\/wp-json\/wp\/v2\/types\/post"}],"author":[{"embeddable":true,"href":"https:\/\/www.europesays.com\/fr\/wp-json\/wp\/v2\/users\/2"}],"replies":[{"embeddable":true,"href":"https:\/\/www.europesays.com\/fr\/wp-json\/wp\/v2\/comments?post=542797"}],"version-history":[{"count":0,"href":"https:\/\/www.europesays.com\/fr\/wp-json\/wp\/v2\/posts\/542797\/revisions"}],"wp:featuredmedia":[{"embeddable":true,"href":"https:\/\/www.europesays.com\/fr\/wp-json\/wp\/v2\/media\/542798"}],"wp:attachment":[{"href":"https:\/\/www.europesays.com\/fr\/wp-json\/wp\/v2\/media?parent=542797"}],"wp:term":[{"taxonomy":"category","embeddable":true,"href":"https:\/\/www.europesays.com\/fr\/wp-json\/wp\/v2\/categories?post=542797"},{"taxonomy":"post_tag","embeddable":true,"href":"https:\/\/www.europesays.com\/fr\/wp-json\/wp\/v2\/tags?post=542797"}],"curies":[{"name":"wp","href":"https:\/\/api.w.org\/{rel}","templated":true}]}}