{"id":542804,"date":"2025-11-18T16:29:14","date_gmt":"2025-11-18T16:29:14","guid":{"rendered":"https:\/\/www.europesays.com\/fr\/542804\/"},"modified":"2025-11-18T16:29:14","modified_gmt":"2025-11-18T16:29:14","slug":"fickou-flament-et-meafou-de-retour-face-a-laustralie","status":"publish","type":"post","link":"https:\/\/www.europesays.com\/fr\/542804\/","title":{"rendered":"Fickou, Flament et Meafou de retour face \u00e0 l\u2019Australie"},"content":{"rendered":"<p>\n    Capitaine face \u00e0 l\u2019Afrique du Sud, Ga\u00ebl Fickou est attendu comme titulaire samedi face \u00e0 l\u2019Australie, tout comme Thibaud Flament et Emmanuel Meafou.<\/p>\n<p class=\"fig-paragraph\">La premi\u00e8re s\u00e9ance \u00e0 haute intensit\u00e9, ce mardi en milieu d\u2019apr\u00e8s-midi \u00e0 Marcoussis, a fourni les indications sur la composition probable du XV de France qui\u00a0<a href=\"http:\/\/www.lefigaro.fr\/sports\/rugby\/xv-de-france\/rugby-a-quelle-heure-et-sur-quelle-chaine-voir-france-australie-le-3e-et-dernier-test-match-des-bleus-20251118\" data-fig-type=\"NewsFlash\" data-gtm-custom-categorie=\"navigation\" data-gtm-custom-action=\"crossclick\" data-gtm-custom-label=\"Contextuel\" data-gtm-event=\"customEventSPE\" data-fig-domain=\"LEFIGARO\" target=\"_blank\" rel=\"noopener\">affrontera l\u2019Australie, samedi au Stade de France<\/a>.<\/p>\n<p class=\"fig-paragraph\">Au centre, Ga\u00ebl Fickou, capitaine contre l\u2019Afrique du Sud et hors groupe face aux Fidji, effectue son retour dans le XV de d\u00e9part. Barrassi et Gailleton forfaits (commotions face aux rudes Fidjiens), le Racingman sera associ\u00e9 \u00e0 Nicolas Depoortere au centre.<\/p>\n<p>                                    <a class=\"fig-a11y-skip a11y-hidden\" href=\"#fig-a11y-skip-main-inarticle\"><br \/>\n        Passer la publicit\u00e9<br \/>\n    <\/a><\/p>\n<p>Premi\u00e8re s\u00e9lection pour Kalvin Gourgues\u00a0?<\/p>\n<p class=\"fig-paragraph\">Autres retours, en deuxi\u00e8me ligne cette fois, ceux de Thibaud Flament et Emmanuel Meafou. Les deux Toulousains, forfaits contre les Fidjiens (respectivement g\u00eane \u00e0 une cuisse et maladie), d\u00e9buteront face aux Wallabies.<\/p>\n<p class=\"fig-paragraph\">Charles Ollivon, qui avait assur\u00e9 avec brio l\u2019int\u00e9rim face \u00e0 la s\u00e9lection du Pacifique, ne quitte cependant pas le XV de d\u00e9part. Le Toulonnais retrouve son poste \u00e0 l\u2019aile de la troisi\u00e8me ligne, compensant l\u2019absence de Paul Boudehent, touch\u00e9 au genou.<\/p>\n<p class=\"fig-paragraph\">\u00c0 en croire les chasubles, un nouveau Bleu pourrait honorer sa premi\u00e8re s\u00e9lection samedi soir\u00a0: le jeune centre toulousain Kalvin Gourgues.<\/p>\n<p class=\"fig-paragraph\"><strong>Le XV de d\u00e9part<\/strong>\u00a0: Ramos &#8211; Bielle-Biarrey, Depoortere, Fickou, Penaud &#8211; Ntamack, Lucu &#8211; Alldritt, Ollivon, Jelonch &#8211; Meafou, Flament &#8211; Montagne, Marchand, Gros.<br \/>Rempla\u00e7ants\u00a0: Lamothe, Neti, Laclayat, Taofifenua, Auradou, Jegou, Jauneau, Gourgues.<\/p>\n","protected":false},"excerpt":{"rendered":"Capitaine face \u00e0 l\u2019Afrique du Sud, Ga\u00ebl Fickou est attendu comme titulaire samedi face \u00e0 l\u2019Australie, tout comme&hellip;\n","protected":false},"author":2,"featured_media":542805,"comment_status":"","ping_status":"","sticky":false,"template":"","format":"standard","meta":{"footnotes":""},"categories":[9],"tags":[1011,27,33069,60,26631,513],"class_list":{"0":"post-542804","1":"post","2":"type-post","3":"status-publish","4":"format-standard","5":"has-post-thumbnail","7":"category-sports","8":"tag-fr","9":"tag-france","10":"tag-gael-fickou","11":"tag-sports","12":"tag-thibaud-flament","13":"tag-xv-de-france"},"share_on_mastodon":{"url":"https:\/\/pubeurope.com\/@fr\/115571652409909131","error":""},"_links":{"self":[{"href":"https:\/\/www.europesays.com\/fr\/wp-json\/wp\/v2\/posts\/542804","targetHints":{"allow":["GET"]}}],"collection":[{"href":"https:\/\/www.europesays.com\/fr\/wp-json\/wp\/v2\/posts"}],"about":[{"href":"https:\/\/www.europesays.com\/fr\/wp-json\/wp\/v2\/types\/post"}],"author":[{"embeddable":true,"href":"https:\/\/www.europesays.com\/fr\/wp-json\/wp\/v2\/users\/2"}],"replies":[{"embeddable":true,"href":"https:\/\/www.europesays.com\/fr\/wp-json\/wp\/v2\/comments?post=542804"}],"version-history":[{"count":0,"href":"https:\/\/www.europesays.com\/fr\/wp-json\/wp\/v2\/posts\/542804\/revisions"}],"wp:featuredmedia":[{"embeddable":true,"href":"https:\/\/www.europesays.com\/fr\/wp-json\/wp\/v2\/media\/542805"}],"wp:attachment":[{"href":"https:\/\/www.europesays.com\/fr\/wp-json\/wp\/v2\/media?parent=542804"}],"wp:term":[{"taxonomy":"category","embeddable":true,"href":"https:\/\/www.europesays.com\/fr\/wp-json\/wp\/v2\/categories?post=542804"},{"taxonomy":"post_tag","embeddable":true,"href":"https:\/\/www.europesays.com\/fr\/wp-json\/wp\/v2\/tags?post=542804"}],"curies":[{"name":"wp","href":"https:\/\/api.w.org\/{rel}","templated":true}]}}