{"id":542810,"date":"2025-11-18T16:32:16","date_gmt":"2025-11-18T16:32:16","guid":{"rendered":"https:\/\/www.europesays.com\/fr\/542810\/"},"modified":"2025-11-18T16:32:16","modified_gmt":"2025-11-18T16:32:16","slug":"la-siderante-envolee-des-revenus-des-ultrariches","status":"publish","type":"post","link":"https:\/\/www.europesays.com\/fr\/542810\/","title":{"rendered":"la sid\u00e9rante envol\u00e9e des revenus des ultrariches"},"content":{"rendered":"\n<p class=\"article__paragraph  \">En plein d\u00e9bat budg\u00e9taire au Parlement, voici de quoi rallumer le feu sur le sujet sans doute le plus sensible de tous\u00a0: la fiscalit\u00e9 des ultrariches. Dans un rapport publi\u00e9 mardi 18\u00a0novembre, l\u2019Institut national de la statistique et des \u00e9tudes \u00e9conomiques (Insee) montre \u00e0 quel point les revenus de cette infime partie de la population se sont envol\u00e9s depuis vingt ans. L\u2019\u00e9cart avec le reste des Fran\u00e7ais est devenu un immense foss\u00e9, et la fiscalit\u00e9 n\u2019a pas corrig\u00e9 ce mouvement, au contraire. Un ph\u00e9nom\u00e8ne politiquement explosif en France, seul pays au monde \u00e0 comporter le mot \u00ab\u00a0\u00e9galit\u00e9\u00a0\u00bb dans sa devise.<\/p>\n<p class=\"article__paragraph  \">Dans son analyse, r\u00e9alis\u00e9e \u00e0 partir des donn\u00e9es fiscales, l\u2019Insee s\u2019est focalis\u00e9 sur les 0,1\u00a0% de Fran\u00e7ais disposant des revenus d\u00e9clar\u00e9s les plus \u00e9lev\u00e9s, soit 40\u00a0700 foyers en\u00a02022. Un petit groupe tr\u00e8s ais\u00e9, donc, vivant pour moiti\u00e9 en Ile-de-France, surtout \u00e0 Paris et dans les Hauts-de-Seine, et un peu plus \u00e2g\u00e9 que le reste des contribuables\u00a0: l\u2019\u00e2ge moyen du premier d\u00e9clarant est de 56\u00a0ans.<\/p>\n<p class=\"article__paragraph  \">Pour faire partie de ce club s\u00e9lect, il fallait d\u00e9clarer au moins 463\u00a0000\u00a0euros en\u00a02022, ann\u00e9e de r\u00e9f\u00e9rence de l\u2019\u00e9tude. Le revenu moyen de ces foyers, lui, s\u2019\u00e9tablit \u00e0 1\u00a0million d\u2019euros par an. De l\u2019argent issu pour moiti\u00e9 des dividendes et autres recettes tir\u00e9es de leurs actifs financiers, et, pour 38\u00a0%, seulement de leurs traitements, salaires et retraites.<\/p>\n<p>                              Lire aussi |  Article r\u00e9serv\u00e9 \u00e0 nos abonn\u00e9s  <a href=\"https:\/\/www.lemonde.fr\/politique\/article\/2025\/09\/04\/paris-la-capitale-ou-s-enracinent-les-grandes-fortunes_6638852_823448.html\" class=\"js-article-read-also catcher--favoris__link\" data-premium=\"1\" id=\"article-title-3436479\" rel=\"nofollow noopener\" target=\"_blank\">Paris, la capitale o\u00f9 s\u2019enracinent les grandes fortunes<\/a>    <\/p>\n<p>   Lire plus tard  <\/p>\n<p class=\"article__paragraph  \">Au sein de ce club figurent des patrons, des h\u00e9ritiers divers et vari\u00e9s, des cadres sup\u00e9rieurs, des avocats, des mannequins, des artistes, ou encore des sportifs\u00a0: parmi les salari\u00e9s du priv\u00e9 les mieux r\u00e9mun\u00e9r\u00e9s en\u00a02023, on d\u00e9nombre 36 sportifs professionnels, surtout des footballeurs de Ligue\u00a01, selon l\u2019Insee. Autre diff\u00e9rence notable par rapport au reste de la population\u00a0: ces ultrariches sont mari\u00e9s ou pacs\u00e9s \u00e0 82\u00a0%, alors que ce n\u2019est le cas que pour 32\u00a0% des autres foyers.<\/p>\n<p>           Changements fiscaux           <\/p>\n<p class=\"article__paragraph  \">Ce qui frappe dans l\u2019\u00e9tude, c\u2019est la sid\u00e9rante envol\u00e9e des revenus de ces tr\u00e8s tr\u00e8s riches au cours des derni\u00e8res d\u00e9cennies. Entre 2003 et 2022, leur revenu moyen a plus que doubl\u00e9 en euros courants (+ 119\u00a0%). Une augmentation bien sup\u00e9rieure \u00e0 l\u2019inflation, et \u00ab\u00a02,6 fois plus forte que pour le reste des foyers fiscaux (+ 46\u00a0%)\u00a0\u00bb, rel\u00e8ve l\u2019Institut.<\/p>\n<p class=\"reading-mode-only \"><strong>Il vous reste 62.32% de cet article \u00e0 lire. La suite est r\u00e9serv\u00e9e aux abonn\u00e9s.<\/strong><\/p>\n","protected":false},"excerpt":{"rendered":"En plein d\u00e9bat budg\u00e9taire au Parlement, voici de quoi rallumer le feu sur le sujet sans doute le&hellip;\n","protected":false},"author":2,"featured_media":542811,"comment_status":"","ping_status":"","sticky":false,"template":"","format":"standard","meta":{"footnotes":""},"categories":[6],"tags":[35,33,34,1011,27],"class_list":{"0":"post-542810","1":"post","2":"type-post","3":"status-publish","4":"format-standard","5":"has-post-thumbnail","7":"category-economie","8":"tag-business","9":"tag-economie","10":"tag-economy","11":"tag-fr","12":"tag-france"},"share_on_mastodon":{"url":"https:\/\/pubeurope.com\/@fr\/115571664096634166","error":""},"_links":{"self":[{"href":"https:\/\/www.europesays.com\/fr\/wp-json\/wp\/v2\/posts\/542810","targetHints":{"allow":["GET"]}}],"collection":[{"href":"https:\/\/www.europesays.com\/fr\/wp-json\/wp\/v2\/posts"}],"about":[{"href":"https:\/\/www.europesays.com\/fr\/wp-json\/wp\/v2\/types\/post"}],"author":[{"embeddable":true,"href":"https:\/\/www.europesays.com\/fr\/wp-json\/wp\/v2\/users\/2"}],"replies":[{"embeddable":true,"href":"https:\/\/www.europesays.com\/fr\/wp-json\/wp\/v2\/comments?post=542810"}],"version-history":[{"count":0,"href":"https:\/\/www.europesays.com\/fr\/wp-json\/wp\/v2\/posts\/542810\/revisions"}],"wp:featuredmedia":[{"embeddable":true,"href":"https:\/\/www.europesays.com\/fr\/wp-json\/wp\/v2\/media\/542811"}],"wp:attachment":[{"href":"https:\/\/www.europesays.com\/fr\/wp-json\/wp\/v2\/media?parent=542810"}],"wp:term":[{"taxonomy":"category","embeddable":true,"href":"https:\/\/www.europesays.com\/fr\/wp-json\/wp\/v2\/categories?post=542810"},{"taxonomy":"post_tag","embeddable":true,"href":"https:\/\/www.europesays.com\/fr\/wp-json\/wp\/v2\/tags?post=542810"}],"curies":[{"name":"wp","href":"https:\/\/api.w.org\/{rel}","templated":true}]}}