{"id":542828,"date":"2025-11-18T16:43:21","date_gmt":"2025-11-18T16:43:21","guid":{"rendered":"https:\/\/www.europesays.com\/fr\/542828\/"},"modified":"2025-11-18T16:43:21","modified_gmt":"2025-11-18T16:43:21","slug":"conference-debat-inedite-a-toulon-2","status":"publish","type":"post","link":"https:\/\/www.europesays.com\/fr\/542828\/","title":{"rendered":"Conf\u00e9rence-d\u00e9bat in\u00e9dite \u00e0 Toulon !"},"content":{"rendered":"<p>\t\t\t\t\t\t\t\tUn rendez-vous crucial pour la Journ\u00e9e internationale des droits de l\u2019enfant<\/p>\n<p>Nos invit\u00e9s, ce mardi 18 novembre 2025. G\u00e9raldine Point, illustratrice et Roland Biache Pr\u00e9sident de la Ligue des Droits de l\u2019Homme Toulon Provence M\u00e9diterran\u00e9e pour la journ\u00e9e du 20 novembre 2025 : Les droits de l\u2019enfant de l\u2019ONU.<\/p>\n<p><img fetchpriority=\"high\" decoding=\"async\" class=\"size-full wp-image-57172\" src=\"https:\/\/www.europesays.com\/fr\/wp-content\/uploads\/2025\/11\/Journee-nationale-des-droits-de-l-enfant-2025-info83-Toulon.jpg\" alt=\"Journ\u00e9e nationale des droits de l'enfant\" width=\"800\" height=\"408\"  \/>G\u00e9raldine Point, illustratrice et Roland Biache Pr\u00e9sident de la Ligue des Droits de l\u2019Homme Toulon Provence M\u00e9diterran\u00e9e.<\/p>\n<p>Le 20 novembre 2025 marquera la Journ\u00e9e internationale des droits de l\u2019enfant. Cette date est essentielle. Elle comm\u00e9more l\u2019adoption de la Convention internationale des droits de l\u2019enfant (CIDE) par l\u2019ONU. La CIDE est le trait\u00e9 le plus ratifi\u00e9 au monde. Elle garantit \u00e0 chaque enfant ses droits fondamentaux. Ces droits incluent la sant\u00e9, l\u2019\u00e9ducation, et la protection. Ils permettent aussi aux enfants d\u2019exprimer leurs opinions.<\/p>\n<p>\u00c0 Toulon, un \u00e9v\u00e9nement majeur mettra cette journ\u00e9e en lumi\u00e8re. Il s\u2019agit d\u2019une conf\u00e9rence-d\u00e9bat sur la maltraitance institutionnelle. La Ligue des droits de l\u2019Homme organise cette soir\u00e9e enrichissante. Elle aura lieu \u00e0 18h \u00e0 la salle H\u00e9lice, rue Victor Agostini. Venez \u00e9couter des experts reconnus. Votre pr\u00e9sence contribue \u00e0 cette cause vitale.<\/p>\n<p><img loading=\"lazy\" decoding=\"async\" class=\"size-full wp-image-57171\" src=\"https:\/\/www.europesays.com\/fr\/wp-content\/uploads\/2025\/11\/Journee-nationale-des-droits-de-l-enfant-2025-info83.jpg\" alt=\"Journ\u00e9e nationale des droits de l'enfant\" width=\"566\" height=\"800\"  \/>Conf\u00e9rence d\u00e9bat sur la maltraitance institutionnelle, le 20 novembre 2025 \u00e0 Toulon.<br \/>\nDes intervenants de prestige pour aborder les violences<\/p>\n<p>Cet \u00e9v\u00e9nement verra la participation de personnalit\u00e9s \u00e9minentes. Le m\u00e9decin, neuropsychiatre et auteur <strong>Boris Cyrulnik<\/strong> sera l\u2019invit\u00e9 d\u2019honneur. Il partagera son expertise sur la r\u00e9silience.<\/p>\n<p>Le journaliste, r\u00e9alisateur et auteur <strong>Claude Ardid<\/strong> participera \u00e9galement. Il pr\u00e9sentera ses enqu\u00eates sur l\u2019enfance.<\/p>\n<p><strong>Virginie Peyr\u00e9<\/strong>, fondatrice <a href=\"https:\/\/www.info83.fr\/association-les-amies-de-romy-protegeons-les-enfants-contre-les-violences-sexuelles\/\" target=\"_blank\" rel=\"noopener nofollow\">\u00ab\u00a0Les Ami(e)s de Romy<\/a> et autrice ainsi que l\u2019illustratrice <strong>G\u00e9raldine Point<\/strong> seront aussi pr\u00e9sentes. Elles sont les co-auteures du livre \u00ab Chut, c\u2019est un secret \u00bb. Ce livre est un outil essentiel pour parler de l\u2019inceste.<\/p>\n<p>La conf\u00e9rence mettra en avant la d\u00e9gradation des politiques publiques pour l\u2019enfance. Elle abordera les violences, notamment sexuelles, faites aux enfants. Ce rendez-vous offre une plateforme de dialogue et d\u2019information. Vous pourrez poser toutes vos questions aux intervenants. Ils vous \u00e9claireront sur ces sujets complexes.<\/p>\n<p>Soutenir la protection de l\u2019enfance et la r\u00e9silience<\/p>\n<p>La conf\u00e9rence-d\u00e9bat du 20 novembre 2025 s\u2019inscrit dans un programme plus large. Il vise \u00e0 sensibiliser le public aux droits des plus jeunes. L\u2019\u00e9v\u00e9nement est soutenu par l\u2019exposition itin\u00e9rante inspir\u00e9e de \u00ab Chut, c\u2019est un secret \u00bb. Cette exposition se d\u00e9ploie en m\u00e9diath\u00e8ques et centres sociaux. Elle est m\u00eame d\u00e9clin\u00e9e en braille, FALC (Facile \u00e0 Lire et \u00e0 Comprendre) et LSF (Langue des Signes Fran\u00e7aise).<\/p>\n<p>La maltraitance commence tr\u00e8s t\u00f4t. Elle peut m\u00eame survenir avant la naissance. Les violences verbales constituent d\u00e9j\u00e0 un d\u00e9but de maltraitance. Le temps de dialogue dans les familles diminue aujourd\u2019hui. L\u2019augmentation du temps d\u2019\u00e9cran en est un facteur.<\/p>\n<p>La qualit\u00e9 de la politique pour l\u2019enfance refl\u00e8te notre d\u00e9mocratie. Il est crucial d\u2019agir face \u00e0 la r\u00e9gression des protections. Rejoignez la conf\u00e9rence pour d\u00e9fendre la Journ\u00e9e nationale des droits de l\u2019enfant. Participez \u00e0 cette lutte essentielle pour l\u2019avenir de nos enfants.<\/p>\n<p>FAQ \u2013 Foire aux Questions<\/p>\n<p><strong>Th\u00e8me : Journ\u00e9e internationale des droits de l\u2019enfant et Conf\u00e9rence \u00e0 Toulon.<\/strong><\/p>\n<p>Question R\u00e9ponse :<\/p>\n<p><strong>Qu\u2019est-ce que la Journ\u00e9e internationale des droits de l\u2019enfant ?<\/strong><br \/>C\u2019est une journ\u00e9e mondiale qui c\u00e9l\u00e8bre l\u2019adoption de la Convention internationale des droits de l\u2019enfant (CIDE).<\/p>\n<p><strong>Quand a lieu la Journ\u00e9e internationale des droits de l\u2019enfant ?<\/strong><br \/>Elle se tient chaque ann\u00e9e le 20 novembre, \u00e0 l\u2019initiative de l\u2019ONU.<\/p>\n<p><strong>Que comm\u00e9more la date du 20 novembre ?<\/strong><br \/>Elle comm\u00e9more la D\u00e9claration des droits de l\u2019enfant (1959) et l\u2019adoption de la CIDE (1989).<\/p>\n<p><strong>O\u00f9 et quand se d\u00e9roule la conf\u00e9rence \u00e0 Toulon ?<\/strong><br \/>Elle aura lieu le 20 novembre 2025 \u00e0 18h00 \u00e0 la Salle H\u00e9lice, rue Victor Agostini, \u00e0 Toulon.<\/p>\n<p><strong>Quel est le th\u00e8me principal de cette conf\u00e9rence-d\u00e9bat ?<\/strong><br \/>Le th\u00e8me est la maltraitance institutionnelle et les violences faites aux enfants.<\/p>\n<p><strong>Qui sont les principaux intervenants ?<\/strong><br \/>Les invit\u00e9s de prestige sont Boris Cyrulnik, Claude Ardid, Virginie Peyr\u00e9 et G\u00e9raldine Point.<\/p>\n<p><strong>Qu\u2019est-ce que la maltraitance institutionnelle ?<\/strong><br \/>Elle fait r\u00e9f\u00e9rence aux d\u00e9faillances des politiques publiques ou des syst\u00e8mes d\u2019aide en direction de l\u2019enfance.<\/p>\n<p><strong>Qu\u2019est-ce que le livre \u00ab Chut, c\u2019est un secret \u00bb ?<\/strong><br \/>C\u2019est un livre-outil illustr\u00e9 destin\u00e9 aux professionnels et aux familles, abordant le sujet d\u00e9licat de l\u2019inceste.<\/p>\n<p><strong>Quand est-ce que la maltraitance des enfants commence-t-elle ?<\/strong><br \/>Elle peut commencer tr\u00e8s t\u00f4t, parfois d\u00e8s la grossesse (tabagisme, alcoolisme) et par des violences verbales apr\u00e8s la naissance.<\/p>\n<p><strong>Quel est l\u2019objectif de cette conf\u00e9rence pour les participants ?<\/strong><br \/>L\u2019objectif est d\u2019informer, de sensibiliser et de permettre le dialogue avec les experts sur la protection de l\u2019enfance.<\/p>\n<p><strong>\u00a0<\/strong><\/p>\n<p><strong>A voir aussi :<\/strong><\/p>\n<p><a href=\"https:\/\/www.info83.fr\/chut-c-est-un-secret\/\" target=\"_blank\" rel=\"noopener nofollow\">Chut c\u2019est un secret. Un livre, une h\u00e9ro\u00efne, et deux femmes engag\u00e9es pour briser le silence des violences faites aux enfants.<\/a><\/p>\n<p><strong>\u00a0<\/strong><\/p>\n<p><strong><img decoding=\"async\" class=\"emoji\" role=\"img\" draggable=\"false\" src=\"https:\/\/s.w.org\/images\/core\/emoji\/13.1.0\/svg\/1f538.svg\" alt=\"\ud83d\udd38\" data-pin-no-hover=\"true\"\/>Info83, le Var proche de vous<br \/><\/strong><\/p>\n<p><img decoding=\"async\" class=\"emoji\" role=\"img\" draggable=\"false\" src=\"https:\/\/s.w.org\/images\/core\/emoji\/13.1.0\/svg\/27a1.svg\" alt=\"\u27a1\ufe0f\" data-pin-no-hover=\"true\"\/>\u00a0<a href=\"https:\/\/bit.ly\/2OZZMMK\" target=\"_blank\" rel=\"noopener noreferrer nofollow\">Facebook Info83<\/a><\/p>\n<p><img decoding=\"async\" class=\"emoji\" role=\"img\" draggable=\"false\" src=\"https:\/\/s.w.org\/images\/core\/emoji\/13.1.0\/svg\/27a1.svg\" alt=\"\u27a1\ufe0f\" data-pin-no-hover=\"true\"\/>\u00a0<a href=\"https:\/\/bit.ly\/2ONkTC9\" target=\"_blank\" rel=\"noopener noreferrer nofollow\">Youtube Info83<\/a><\/p>\n<p>\u00a0<\/p>\n","protected":false},"excerpt":{"rendered":"Un rendez-vous crucial pour la Journ\u00e9e internationale des droits de l\u2019enfant Nos invit\u00e9s, ce mardi 18 novembre 2025.&hellip;\n","protected":false},"author":2,"featured_media":542606,"comment_status":"","ping_status":"","sticky":false,"template":"","format":"standard","meta":{"footnotes":""},"categories":[9619],"tags":[1111,11,52959,66095,66096,65200,1777,674,1011,27,66097,66098,66099,12,3521,882,25,66100,2310,62448],"class_list":{"0":"post-542828","1":"post","2":"type-post","3":"status-publish","4":"format-standard","5":"has-post-thumbnail","7":"category-toulon","8":"tag-actu","9":"tag-actualites","10":"tag-boris-cyrulnik","11":"tag-cide","12":"tag-claude-ardid","13":"tag-conference-debat","14":"tag-eu","15":"tag-europe","16":"tag-fr","17":"tag-france","18":"tag-geraldine-point","19":"tag-journee-nationale-des-droits-de-lenfant","20":"tag-ligue-des-droits-de-lhomme-toulon-provence-mediterranee","21":"tag-news","22":"tag-onu","23":"tag-provence-alpes-cote-dazur","24":"tag-republique-francaise","25":"tag-roland-biache","26":"tag-toulon","27":"tag-virginie-peyre"},"share_on_mastodon":{"url":"https:\/\/pubeurope.com\/@fr\/115571709522682858","error":""},"_links":{"self":[{"href":"https:\/\/www.europesays.com\/fr\/wp-json\/wp\/v2\/posts\/542828","targetHints":{"allow":["GET"]}}],"collection":[{"href":"https:\/\/www.europesays.com\/fr\/wp-json\/wp\/v2\/posts"}],"about":[{"href":"https:\/\/www.europesays.com\/fr\/wp-json\/wp\/v2\/types\/post"}],"author":[{"embeddable":true,"href":"https:\/\/www.europesays.com\/fr\/wp-json\/wp\/v2\/users\/2"}],"replies":[{"embeddable":true,"href":"https:\/\/www.europesays.com\/fr\/wp-json\/wp\/v2\/comments?post=542828"}],"version-history":[{"count":0,"href":"https:\/\/www.europesays.com\/fr\/wp-json\/wp\/v2\/posts\/542828\/revisions"}],"wp:featuredmedia":[{"embeddable":true,"href":"https:\/\/www.europesays.com\/fr\/wp-json\/wp\/v2\/media\/542606"}],"wp:attachment":[{"href":"https:\/\/www.europesays.com\/fr\/wp-json\/wp\/v2\/media?parent=542828"}],"wp:term":[{"taxonomy":"category","embeddable":true,"href":"https:\/\/www.europesays.com\/fr\/wp-json\/wp\/v2\/categories?post=542828"},{"taxonomy":"post_tag","embeddable":true,"href":"https:\/\/www.europesays.com\/fr\/wp-json\/wp\/v2\/tags?post=542828"}],"curies":[{"name":"wp","href":"https:\/\/api.w.org\/{rel}","templated":true}]}}