{"id":542833,"date":"2025-11-18T16:47:23","date_gmt":"2025-11-18T16:47:23","guid":{"rendered":"https:\/\/www.europesays.com\/fr\/542833\/"},"modified":"2025-11-18T16:47:23","modified_gmt":"2025-11-18T16:47:23","slug":"une-femme-de-99-ans-a-passe-64-heures-sur-un-brancard-aux-urgences-du-chu-de-rouen","status":"publish","type":"post","link":"https:\/\/www.europesays.com\/fr\/542833\/","title":{"rendered":"une femme de 99 ans a pass\u00e9 64 heures sur un brancard aux urgences du CHU de Rouen"},"content":{"rendered":"<p class=\"article-p mdl\">Cette histoire illustre une fois de plus la crise que traversent les h\u00f4pitaux. Une femme \u00e2g\u00e9e de 99 ans a pass\u00e9 64 heures, soit deux jours et demi,\u00a0sur un brancard des urgences du CHU de Rouen avant de pouvoir \u00eatre hospitalis\u00e9e dans un vrai lit.<\/p>\n<p class=\"article-p mdl\">Cette vieille femme, qui souffrait d\u2019un \u0153d\u00e8me aigu au poumon, est arriv\u00e9e le vendredi 17 octobre au soir \u00e0 l&rsquo;h\u00f4pital. Elle est rest\u00e9e sur son brancard jusqu\u2019au lundi 20 octobre aux alentours de midi. Ce n&rsquo;est qu&rsquo;\u00e0 ce moment-l\u00e0 qu&rsquo;elle a enfin pu \u00eatre hospitalis\u00e9e dans des conditions normales.\u00a0<\/p>\n<p class=\"article-p mdl\">Aline, sa petite fille, a tenu \u00e0 exprimer son indignation au micro de RTL. \u00ab\u00a0Ce que j\u2019ai ressenti pendant ces trois jours, c\u2019est le d\u00e9sarroi des soignants. Il y a m\u00eame une cadre qui s\u2019est excus\u00e9e, des infirmi\u00e8res, des aides-soignants qui faisaient ce qu\u2019elles pouvaient et qui \u00e9taient d\u00e9sol\u00e9es de la situation. Elles voyaient les lendemains qu\u2019on \u00e9tait encore l\u00e0\u00a0\u00bb, confie-t-elle.<\/p>\n<p class=\"article-p mdl\">Et de poursuivre : \u00ab\u00a0le couloir \u00e9tait rempli, il n\u2019y a pas d\u2019intimit\u00e9 : que ce soit pour les patients dans les couloirs ou ceux dans les box, ce n\u2019est pas possible et il faut que \u00e7a change. Il faut que l&rsquo;ARS (agence r\u00e9gionale de sant\u00e9) ou le Minist\u00e8re de la sant\u00e9 viennent voir, il faut qu\u2019ils viennent dans les services pour qu\u2019ils se rendent compte de\u00a0<a class=\"link\" href=\"https:\/\/www.rtl.fr\/actu\/sante\/l-hopital-est-devenu-une-machine-a-broyer-le-coup-de-gueule-du-fondateur-du-collectif-sante-en-danger-sur-rtl-7900562014\" target=\"_blank\" rel=\"noopener\">la difficult\u00e9 qu&rsquo;ont les soignants<\/a>\u201d.\u00a0<\/p>\n<p class=\"article-p mdl\">Selon Aline, la dame est aujourd&rsquo;hui \u00ab\u00a0extr\u00eamement fatigu\u00e9e, elle se remet doucement\u201d. Elle a par ailleurs racont\u00e9 cette histoire dans une\u00a0<a class=\"link\" href=\"https:\/\/www.facebook.com\/aline.gougeon.3\/posts\/pfbid0fVvQHmTrf6cfBiwYf8GX4QZX3Riehi41UTpeHnqvJSzmVaiVXsayoePS6994o7NKl\" target=\"_blank\" rel=\"noopener\">publication sur Facebook<\/a>, partag\u00e9e pr\u00e8s de 1.000 fois.\u00a0<\/p>\n<p class=\"article-p mdl\"><a class=\"link\" href=\"https:\/\/www.rtl.fr\/actu\/justice-faits-divers\/rouen-une-attaque-informatique-perturbe-l-activite-du-chu-7799484713\" target=\"_blank\" rel=\"noopener\">Le CHU<\/a>\u00a0a pr\u00e9sent\u00e9 ses excuses \u00e0 la famille de la vieille dame, et a expliqu\u00e9 que la situation a \u00e9t\u00e9 exceptionnellement tendue ce week-end aux urgences. De leur c\u00f4t\u00e9, les syndicats demandent plus de moyens et plus de personnels pour la prise en charge des patients.\u00a0<\/p>\n<p>    La r\u00e9daction vous recommande<\/p>\n<p class=\"s-newsletter__title\">\n                L\u2019actualit\u00e9 par la r\u00e9daction de RTL dans votre bo\u00eete mail.\n            <\/p>\n<p class=\"s-newsletter__subtitle\">\n                Gr\u00e2ce \u00e0 votre compte RTL abonnez-vous \u00e0 la newsletter RTL info pour suivre toute l&rsquo;actualit\u00e9 au quotidien\n            <\/p>\n<p>\n                                    Lire la suite\n                                <\/p>\n","protected":false},"excerpt":{"rendered":"Cette histoire illustre une fois de plus la crise que traversent les h\u00f4pitaux. Une femme \u00e2g\u00e9e de 99&hellip;\n","protected":false},"author":2,"featured_media":542834,"comment_status":"","ping_status":"","sticky":false,"template":"","format":"standard","meta":{"footnotes":""},"categories":[9587],"tags":[1111,11,1777,674,107,1011,27,2777,12,5161,25,9590,71,801],"class_list":{"0":"post-542833","1":"post","2":"type-post","3":"status-publish","4":"format-standard","5":"has-post-thumbnail","7":"category-rouen","8":"tag-actu","9":"tag-actualites","10":"tag-eu","11":"tag-europe","12":"tag-fil-info","13":"tag-fr","14":"tag-france","15":"tag-hopitaux","16":"tag-news","17":"tag-normandie","18":"tag-republique-francaise","19":"tag-rouen","20":"tag-sante","21":"tag-social"},"share_on_mastodon":{"url":"https:\/\/pubeurope.com\/@fr\/115571723074486964","error":""},"_links":{"self":[{"href":"https:\/\/www.europesays.com\/fr\/wp-json\/wp\/v2\/posts\/542833","targetHints":{"allow":["GET"]}}],"collection":[{"href":"https:\/\/www.europesays.com\/fr\/wp-json\/wp\/v2\/posts"}],"about":[{"href":"https:\/\/www.europesays.com\/fr\/wp-json\/wp\/v2\/types\/post"}],"author":[{"embeddable":true,"href":"https:\/\/www.europesays.com\/fr\/wp-json\/wp\/v2\/users\/2"}],"replies":[{"embeddable":true,"href":"https:\/\/www.europesays.com\/fr\/wp-json\/wp\/v2\/comments?post=542833"}],"version-history":[{"count":0,"href":"https:\/\/www.europesays.com\/fr\/wp-json\/wp\/v2\/posts\/542833\/revisions"}],"wp:featuredmedia":[{"embeddable":true,"href":"https:\/\/www.europesays.com\/fr\/wp-json\/wp\/v2\/media\/542834"}],"wp:attachment":[{"href":"https:\/\/www.europesays.com\/fr\/wp-json\/wp\/v2\/media?parent=542833"}],"wp:term":[{"taxonomy":"category","embeddable":true,"href":"https:\/\/www.europesays.com\/fr\/wp-json\/wp\/v2\/categories?post=542833"},{"taxonomy":"post_tag","embeddable":true,"href":"https:\/\/www.europesays.com\/fr\/wp-json\/wp\/v2\/tags?post=542833"}],"curies":[{"name":"wp","href":"https:\/\/api.w.org\/{rel}","templated":true}]}}