{"id":542835,"date":"2025-11-18T16:48:30","date_gmt":"2025-11-18T16:48:30","guid":{"rendered":"https:\/\/www.europesays.com\/fr\/542835\/"},"modified":"2025-11-18T16:48:30","modified_gmt":"2025-11-18T16:48:30","slug":"grenoble-la-projection-du-film-delits-flagrants-le-lundi-24-novembre","status":"publish","type":"post","link":"https:\/\/www.europesays.com\/fr\/542835\/","title":{"rendered":"Grenoble. La projection du film D\u00e9lits flagrants le lundi 24\u00a0novembre"},"content":{"rendered":"<p>Le M\u00e9li\u00e8s \u00e0 Grenoble poursuit son cycle \u201cCin\u00e9ma et philosophie\u201d , en partenariat avec la Soci\u00e9t\u00e9 alpine de philosophie et l\u2019Universit\u00e9 Grenoble Alpes, consacr\u00e9 cette ann\u00e9e au th\u00e8me\u00a0: \u201cJuger\u201d. Et cette ann\u00e9e encore, le lyc\u00e9e Champollion, les \u00e9tudiants et professeurs de la pr\u00e9pa ECG participent \u00e0 l\u2019\u00e9v\u00e8nement. Le lundi 24\u00a0novembre, sera projet\u00e9 le film D\u00e9lits flagrants de Raymond Depardon (1994). Un huis clos dans\u00a0les bureaux de la 8e\u00a0section du palais de justice de Paris, o\u00f9 l\u2019on suit lors d\u2019une longue s\u00e9rie d\u2019interrogatoires des pr\u00e9venus d\u2019actes de petite d\u00e9linquance brutalement confront\u00e9s \u00e0 la machine judiciaire.<\/p>\n<p>Cette s\u00e9ance sera anim\u00e9e par Anne Eyssidieux, professeure de philosophie en classes pr\u00e9paratoires aux grandes \u00e9coles au lyc\u00e9e Champollion, et Vincent Sorel, enseignant en \u00e9tudes cin\u00e9matographiques \u00e0 l\u2019UGA. Cette projection sera suivie d\u2019une analyse du film et d\u2019une discussion avec le public.<\/p>\n<p class=\"note\">Lundi 24\u00a0novembre \u00e0 20\u00a0h, au M\u00e9li\u00e8s. Tarifs\u00a0: 9\u00a0\u20ac, 7\u00a0\u20ac pour les \u00e9tudiants.<\/p>\n","protected":false},"excerpt":{"rendered":"Le M\u00e9li\u00e8s \u00e0 Grenoble poursuit son cycle \u201cCin\u00e9ma et philosophie\u201d , en partenariat avec la Soci\u00e9t\u00e9 alpine de&hellip;\n","protected":false},"author":2,"featured_media":542836,"comment_status":"","ping_status":"","sticky":false,"template":"","format":"standard","meta":{"footnotes":""},"categories":[9566],"tags":[1111,11,2430,650,6211,271,1687,272,6084,112,1777,674,274,1011,27,2731,2732,108,12,5486,25,104],"class_list":{"0":"post-542835","1":"post","2":"type-post","3":"status-publish","4":"format-standard","5":"has-post-thumbnail","7":"category-grenoble","8":"tag-actu","9":"tag-actualites","10":"tag-auvergne-rhone-alpes","11":"tag-cinema","12":"tag-conference","13":"tag-crime","14":"tag-culture-loisirs","15":"tag-delit-et-contravention","16":"tag-droit","17":"tag-edition-grenoble-agglomeration","18":"tag-eu","19":"tag-europe","20":"tag-faits-divers-justice","21":"tag-fr","22":"tag-france","23":"tag-grenoble","24":"tag-grenoble-bassin","25":"tag-isere","26":"tag-news","27":"tag-rencontre","28":"tag-republique-francaise","29":"tag-societe"},"share_on_mastodon":{"url":"https:\/\/pubeurope.com\/@fr\/115571727051042666","error":""},"_links":{"self":[{"href":"https:\/\/www.europesays.com\/fr\/wp-json\/wp\/v2\/posts\/542835","targetHints":{"allow":["GET"]}}],"collection":[{"href":"https:\/\/www.europesays.com\/fr\/wp-json\/wp\/v2\/posts"}],"about":[{"href":"https:\/\/www.europesays.com\/fr\/wp-json\/wp\/v2\/types\/post"}],"author":[{"embeddable":true,"href":"https:\/\/www.europesays.com\/fr\/wp-json\/wp\/v2\/users\/2"}],"replies":[{"embeddable":true,"href":"https:\/\/www.europesays.com\/fr\/wp-json\/wp\/v2\/comments?post=542835"}],"version-history":[{"count":0,"href":"https:\/\/www.europesays.com\/fr\/wp-json\/wp\/v2\/posts\/542835\/revisions"}],"wp:featuredmedia":[{"embeddable":true,"href":"https:\/\/www.europesays.com\/fr\/wp-json\/wp\/v2\/media\/542836"}],"wp:attachment":[{"href":"https:\/\/www.europesays.com\/fr\/wp-json\/wp\/v2\/media?parent=542835"}],"wp:term":[{"taxonomy":"category","embeddable":true,"href":"https:\/\/www.europesays.com\/fr\/wp-json\/wp\/v2\/categories?post=542835"},{"taxonomy":"post_tag","embeddable":true,"href":"https:\/\/www.europesays.com\/fr\/wp-json\/wp\/v2\/tags?post=542835"}],"curies":[{"name":"wp","href":"https:\/\/api.w.org\/{rel}","templated":true}]}}