{"id":542849,"date":"2025-11-18T16:55:16","date_gmt":"2025-11-18T16:55:16","guid":{"rendered":"https:\/\/www.europesays.com\/fr\/542849\/"},"modified":"2025-11-18T16:55:16","modified_gmt":"2025-11-18T16:55:16","slug":"un-duel-attendu-la-gauche-morcelee-les-derniers-sondages-sont-formels","status":"publish","type":"post","link":"https:\/\/www.europesays.com\/fr\/542849\/","title":{"rendered":"un duel attendu, la gauche morcel\u00e9e&#8230; Les derniers sondages sont formels"},"content":{"rendered":"<p class=\"app_entry_lead\">\n<p>                    <a title=\"\u00a0\u00a9\u00a0SYSPEO\/SIPA (publi\u00e9e le 18\/11\/2025)\" href=\"https:\/\/www.europesays.com\/fr\/wp-content\/uploads\/2025\/11\/82841783.jpg\" class=\"fancy\"><\/p>\n<p>                            <img loading=\"lazy\" decoding=\"async\" src=\"https:\/\/www.europesays.com\/fr\/wp-content\/uploads\/2025\/11\/82841783.jpg\" alt=\"Municipales 2026\u00a0\u00e0 Nice\u00a0: un duel attendu, la gauche morcel\u00e9e... Les derniers sondages sont formels\" width=\"1500\" height=\"1000\"\/><\/p>\n<p>                    <\/a><\/p>\n<p>                Alors que les candidatures se multiplient \u00e0 gauche pour les \u00e9lections municipales de 2026, deux candidats semblent tirer leur \u00e9pingle du jeu \u00e0 Nice.<\/p>\n<p>Comme partout en France, les \u00e9lections municipales de 2026 auront lieu \u00e0 <a href=\"https:\/\/www.linternaute.com\/ville\/nice\/ville-06088\" title=\"Nice\" rel=\"nofollow noopener\" target=\"_blank\">Nice<\/a> les dimanches 15 et 22 mars prochains. Et sans grande surprise, un duel au sommet devrait avoir lieu entre le maire sortant, Christian Estrosi (Horizons), et le d\u00e9put\u00e9 des Alpes-Maritimes et pr\u00e9sident de l&rsquo;UDR, Eric Citotti. Dans un sondage Ifop\u00a0pour <a href=\"https:\/\/www.latribune.fr\/provence-alpes-cote-d-azur-1162\/politique\/2024-11-25\/sondage-a-nice-estrosi-convainc-ciotti-en-embuscade-1012228.html\" rel=\"nofollow noopener\" target=\"_blank\">La Tribune<\/a>, publi\u00e9 le lundi 25\u00a0novembre 2024, les deux hommes r\u00e9coltent la majeure partie des louanges et sont d\u00e9crits comme les ultra-favoris du prochain scrutin.<\/p>\n<p>61 % des sond\u00e9s d\u00e9clarent \u00eatre \u00ab\u00a0satisfaits\u00a0\u00bb par l&rsquo;actuel maire de Nice, dont 15 % tr\u00e8s satisfaits et 46 % assez satisfaits. Christian Estrosi \u00ab\u00a0d\u00e9fend bien les int\u00e9r\u00eats de Nice\u00a0\u00bb pour 74 % des personnes interrog\u00e9es.\u00a067 % des Ni\u00e7ois se d\u00e9clarent \u00e9galement \u00ab\u00a0satisfaits\u00a0\u00bb du travail globalement accompli par la municipalit\u00e9 depuis juin 2020. Pour autant, la possibilit\u00e9 de voir Eric Ciotti, soutenu par le Rassemblement national (RN), prendre l&rsquo;h\u00f4tel de ville est accueillie plut\u00f4t positivement.<\/p>\n<p>Un duel in\u00e9vitable entre Estrosi et Ciotti ?\u00a0<\/p>\n<p id=\"69ndf\">C&rsquo;est la seule personnalit\u00e9 politique test\u00e9e dans ce sondage \u00e0 d\u00e9passer la barre des 50 % \u00e0 la question \u00ab\u00a0ferait-elle un bon maire de Nice?\u00a0\u00bb. 53 % des sond\u00e9s r\u00e9pondent par l&rsquo;affirmative, dont 20 % \u00ab\u00a0oui, tout \u00e0 fait\u00a0\u00bb et 33 % \u00ab\u00a0oui, plut\u00f4t\u00a0\u00bb. Dans les m\u00e9dias, la lutte a d\u00e9j\u00e0 commenc\u00e9.\u00a0\u00ab\u00a0Je ne vais pas rougir d&rsquo;en avoir un (sondage) qui me met plut\u00f4t en bonne position \u00e0 Nice\u00a0\u00bb, r\u00e9agissait Christian Estrosi sur Europe 1. Pour lui, Eric Ciotti &#8211; son principal concurrent :\u00a0n&rsquo;est\u00a0\u00ab\u00a0pas un grand homme politique\u00a0\u00bb.<\/p>\n<p>Un autre sondage de l&rsquo;Ifop avan\u00e7ait, en octobre 2024, un total de 69\u00a0% des Fran\u00e7ais satisfaits de leur premier \u00e9dile et de 66\u00a0% \u00e0 l&rsquo;\u00e9chelle de la r\u00e9gion Provence-Alpes-C\u00f4te d&rsquo;Azur.\u00a0Lundi 6\u00a0octobre 2025, Eric Ciotti a annonc\u00e9\u00a0lors d&rsquo;une conf\u00e9rence de presse le nom de son premier adjoint en cas d&rsquo;\u00e9lection \u00e0 la mairie de Nice. Il s&rsquo;agit de Jean-Pierre Riv\u00e8re, pr\u00e9sident de l&rsquo;OGC Nice pendant quatorze saisons. Acteur important dans les instances du football, il n&rsquo;avait jamais \u00e9t\u00e9 connu pour son implication dans la vie politique mais fait partie des visages bien connus \u00e0 Nice.<\/p>\n<p>Quatre listes officialis\u00e9es \u00e0 gauche<\/p>\n<p>Face aux deux gros favoris \u00e0 Nice, d&rsquo;autres candidats ont officialis\u00e9 leur candidature pour 2026.\u00a0Juliette Chesnel-Le Roux, pr\u00e9sidente des groupes d&rsquo;opposition \u00e9cologistes au conseil municipal et \u00e0 la m\u00e9tropole, sera t\u00eate de liste d&rsquo;une union avec le Parti socialiste et le Parti communiste. Elle ferait un \u00ab\u00a0bon maire\u00a0\u00bb pour 35 % des Ni\u00e7ois. Une deuxi\u00e8me liste conduite par le\u00a0pr\u00e9sident du parti l&rsquo;\u00c9cologie au centre,\u00a0Jean-Marc Governatori, sera \u00e9galement en lice.\u00a0\u00ab\u00a0Nous sommes deux personnes de &lsquo;gauche&rsquo; estimables que je respecte, mais \u00e0 partir du moment o\u00f9 vous mettez de l&rsquo;id\u00e9ologie dans l&rsquo;\u00e9cologie, \u00e7a ne fonctionne plus, il n&rsquo;y a qu&rsquo;\u00e0 voir le d\u00e9sastre que fait EELV au niveau national\u00a0\u00bb, a fustig\u00e9 Jean-Marc Governatori \u00e0 <a href=\"https:\/\/france3-regions.franceinfo.fr\/provence-alpes-cote-d-azur\/alpes-maritimes\/nice\/municipales-2026-a-nice-avec-trois-listes-ecologistes-et-un-candidat-lfi-pas-encore-declare-la-gauche-est-loin-de-l-union-3220580.html\" rel=\"nofollow noopener\" target=\"_blank\">France 3\u00a0C\u00f4te d&rsquo;Azur<\/a>, lors de son d\u00e9p\u00f4t de candidature.<\/p>\n<p>Enfin,\u00a0H\u00e9l\u00e8ne Granouillac, pr\u00e9sidente de l&rsquo;association Terre bleue, se pr\u00e9sente elle aussi mais sans \u00e9tiquette\u00a0avec sa liste \u00ab\u00a0Vivre Nice\u00a0\u00bb. \u00ab\u00a0On veut qu&rsquo;il y ait un dialogue, on veut que cette attractivit\u00e9 b\u00e9n\u00e9ficie \u00e0 tout le monde\u00a0\u00bb, explique-t-elle. Avec cette candidature, elle prend clairement des distances avec Les \u00e9cologistes (ex-EELV) et Jean-Marc Governatori.<\/p>\n<p>De leur c\u00f4t\u00e9,\u00a0La France Insoumise (LFI) et le mouvement citoyen ViVA! ont annonc\u00e9 leur candidature commune pour les \u00e9lections <a href=\"https:\/\/www.linternaute.com\/actualite\/politique\/7982831-elections-municipales-2026-les-dates-fixees-pourraient-changer-vers-un-calendrier-bouleverse\/\" title=\"Elections municipales 2026\" rel=\"nofollow noopener\" target=\"_blank\">municipales 2026<\/a>\u00a0\u00e0 Nice, dimanche 12\u00a0octobre 2025.\u00a0Cette liste est nomm\u00e9e NFP, pour\u00a0Nice Front populaire, en hommage \u00e0 l&rsquo;union de la gauche lors des \u00e9lections l\u00e9gislatives de 2022. Elle sera men\u00e9e par\u00a0Mireille Damiano, avocate, qui avait men\u00e9 la liste de ViVA\u00a0! et LFI pour les \u00e9lections municipales de 2020\u00a0et avait obtenu pr\u00e8s de 9\u00a0% des voix. Cette derni\u00e8re ferait un bon maire pour 36 % des Ni\u00e7ois, d&rsquo;apr\u00e8s le sondage de novembre 2024.\u00a0Toutefois, un programme commun n&rsquo;est pas \u00e9cart\u00e9 \u00e0 100 % pour la gauche ni\u00e7oise.\u00a0\u00ab\u00a0Si cela ne se fait pas durant la campagne, on s&rsquo;unira pour le deuxi\u00e8me tour\u2009\u00a0\u00bb, glissait une source bien inform\u00e9e aupr\u00e8s d&rsquo;<a href=\"https:\/\/actu.fr\/provence-alpes-cote-d-azur\/nice_06088\/nice-le-candidat-de-la-gauche-pour-les-elections-municipales-2026-est-connu_63115316.html\" rel=\"nofollow noopener\" target=\"_blank\">Actu Nice<\/a>, au d\u00e9but du mois de septembre dernier.<\/p>\n","protected":false},"excerpt":{"rendered":"Alors que les candidatures se multiplient \u00e0 gauche pour les \u00e9lections municipales de 2026, deux candidats semblent tirer&hellip;\n","protected":false},"author":2,"featured_media":542850,"comment_status":"","ping_status":"","sticky":false,"template":"","format":"standard","meta":{"footnotes":""},"categories":[2819],"tags":[1111,11,66113,51761,1777,674,51763,1011,27,12,2401,51767,316,882,25],"class_list":{"0":"post-542849","1":"post","2":"type-post","3":"status-publish","4":"format-standard","5":"has-post-thumbnail","7":"category-nice","8":"tag-actu","9":"tag-actualites","10":"tag-cms-linternaute-9253061","11":"tag-controller-content","12":"tag-eu","13":"tag-europe","14":"tag-format-papier","15":"tag-fr","16":"tag-france","17":"tag-news","18":"tag-nice","19":"tag-parallaxeinfeed","20":"tag-politique","21":"tag-provence-alpes-cote-dazur","22":"tag-republique-francaise"},"share_on_mastodon":{"url":"https:\/\/pubeurope.com\/@fr\/115571755419119970","error":""},"_links":{"self":[{"href":"https:\/\/www.europesays.com\/fr\/wp-json\/wp\/v2\/posts\/542849","targetHints":{"allow":["GET"]}}],"collection":[{"href":"https:\/\/www.europesays.com\/fr\/wp-json\/wp\/v2\/posts"}],"about":[{"href":"https:\/\/www.europesays.com\/fr\/wp-json\/wp\/v2\/types\/post"}],"author":[{"embeddable":true,"href":"https:\/\/www.europesays.com\/fr\/wp-json\/wp\/v2\/users\/2"}],"replies":[{"embeddable":true,"href":"https:\/\/www.europesays.com\/fr\/wp-json\/wp\/v2\/comments?post=542849"}],"version-history":[{"count":0,"href":"https:\/\/www.europesays.com\/fr\/wp-json\/wp\/v2\/posts\/542849\/revisions"}],"wp:featuredmedia":[{"embeddable":true,"href":"https:\/\/www.europesays.com\/fr\/wp-json\/wp\/v2\/media\/542850"}],"wp:attachment":[{"href":"https:\/\/www.europesays.com\/fr\/wp-json\/wp\/v2\/media?parent=542849"}],"wp:term":[{"taxonomy":"category","embeddable":true,"href":"https:\/\/www.europesays.com\/fr\/wp-json\/wp\/v2\/categories?post=542849"},{"taxonomy":"post_tag","embeddable":true,"href":"https:\/\/www.europesays.com\/fr\/wp-json\/wp\/v2\/tags?post=542849"}],"curies":[{"name":"wp","href":"https:\/\/api.w.org\/{rel}","templated":true}]}}