{"id":542858,"date":"2025-11-18T17:00:12","date_gmt":"2025-11-18T17:00:12","guid":{"rendered":"https:\/\/www.europesays.com\/fr\/542858\/"},"modified":"2025-11-18T17:00:12","modified_gmt":"2025-11-18T17:00:12","slug":"leon-lassistant-ia-made-in-toulouse-qui-veut-seduire-les-entreprises","status":"publish","type":"post","link":"https:\/\/www.europesays.com\/fr\/542858\/","title":{"rendered":"L\u00e9on, l&rsquo;assistant IA made in Toulouse qui veut s\u00e9duire les entreprises"},"content":{"rendered":"<p>Au bon moment dans le grand bain de l\u2019IA, il s\u2019est plong\u00e9. Bryan Bredier, 25 ans, \u00e0 la t\u00eate d\u2019une agence digitale depuis la fin de son bachelor il y a quatre ans, a lanc\u00e9 sa start-up CapitoleAI cet \u00e9t\u00e9. \u00ab\u00a0Je suis avec attention les avanc\u00e9es de l\u2019intelligence artificielle depuis des ann\u00e9es. J\u2019ai cr\u00e9\u00e9 un assistant IA qui porte le nom de mon grand-p\u00e8re, L\u00e9on. Il m\u2019aide notamment dans la gestion de mes mails. Je donne des cours \u00e0 N\u00eemes dans le bachelor qui m\u2019a accueilli il y a peu. Les \u00e9tudiants \u00e9taient tr\u00e8s enthousiastes quand je leur ai montr\u00e9 comment fonctionnait L\u00e9on. Cela m\u2019a encourag\u00e9 \u00e0 le d\u00e9velopper et \u00e0 le commercialiser \u00e0 destination des entreprises\u00a0\u00bb, r\u00e9sume le jeune entrepreneur.<\/p>\n<p>L\u00e9on, l\u2019IA g\u00e9n\u00e9rative de CapitoleAI, peut \u00eatre reli\u00e9 \u00e0 une dizaine d\u2019applications num\u00e9riques utilis\u00e9es dans le cadre professionnel, en particulier dans les services marketing (Hubspot, MailChimp, Google Analytics, Brevoe, etc.). \u00ab\u00a0Nous sommes une alternative aux entreprises am\u00e9ricaines de l\u2019IA qui se servent des donn\u00e9es de leurs utilisateurs. Nous ne collectons pas les donn\u00e9es qui passent par L\u00e9on. Nous voulons montrer aux soci\u00e9t\u00e9s fran\u00e7aises qu\u2019utiliser l\u2019IA de mani\u00e8re s\u00e9curis\u00e9e et simple, en pr\u00e9servant ses donn\u00e9es sensibles, c\u2019est possible. Pas besoin d\u2019interdire l\u2019usage de l\u2019IA \u00e0 ses salari\u00e9s\u00a0\u00bb, assure Bryan Bredier. L\u2019IA toulousaine est aujourd\u2019hui utilis\u00e9e par une cinquantaine d\u2019entreprises. CapitoleAI propose des forfaits dont le tarif augmente avec le nombre d\u2019applications que l\u2019on souhaite connecter \u00e0 L\u00e9on.<\/p>\n<p>Accompagn\u00e9 par La M\u00eal\u00e9e <\/p>\n<p>Le fondateur de la jeune pousse made in Toulouse fait partie de <a href=\"https:\/\/www.economie.gouv.fr\/actualites\/osez-lia-un-plan-pour-diffuser-lia-dans-toutes-les-entreprises\" class=\"spip_out\" rel=\"external nofollow noopener\" target=\"_blank\">Osez l\u2019IA<\/a>, un programme de l\u2019\u00c9tat destin\u00e9 \u00e0 sensibiliser les entreprises au monde de l\u2019IA. \u00ab\u00a0Nous sommes trois cents ambassadeurs \u00e0 travers le territoire. Nous intervenons dans des clubs d\u2019entreprises, dans diverses conf\u00e9rences, etc. Notre but est de montrer aux entreprises comment elles peuvent s\u2019emparer de mani\u00e8re s\u00e9curis\u00e9e de l\u2019IA. Certaines applications peuvent \u00eatre utiles pour elles, d\u2019autres non. Elles peuvent trouver un chemin int\u00e9ressant dans ce monde nouveau pour elles\u00a0\u00bb, r\u00e9sume l\u2019enthousiaste Haut-Garonnais.<\/p>\n<p>Sa jeune pousse est accompagn\u00e9e par Le Starter, le pr\u00e9-incubateur toulousain de <a href=\"https:\/\/www.touleco.fr\/Du-boom-d-Internet-a-la-generation-IA-les-25-ans-de-la-Melee,48127\" class=\"spip_in\" rel=\"nofollow noopener\" target=\"_blank\">La M\u00eal\u00e9e<\/a>, r\u00e9seau des experts occitans du num\u00e9rique. Ces mises en lumi\u00e8re ont permis r\u00e9cemment au jeune homme de pr\u00e9senter sa start-up \u00e0 des responsables de grandes entreprises comme D\u00e9cathlon ou le Cr\u00e9dit Agricole. L\u00e9on va-t-il conqu\u00e9rir les entreprises du Capitole \u00e0 la capitale\u00a0?<br class=\"autobr\"\/><br \/>\nMatthias Hardoy<\/p>\n<p>Sur la photo\u00a0: Bryan Bredier, le fondateur de CapitoleAI qui commercialise l\u2019assistant IA L\u00e9on.  Cr\u00e9dit\u00a0: H\u00e9l\u00e8ne Ressayres-Toul\u00c9co. <\/p>\n","protected":false},"excerpt":{"rendered":"Au bon moment dans le grand bain de l\u2019IA, il s\u2019est plong\u00e9. Bryan Bredier, 25 ans, \u00e0 la&hellip;\n","protected":false},"author":2,"featured_media":542859,"comment_status":"","ping_status":"","sticky":false,"template":"","format":"standard","meta":{"footnotes":""},"categories":[2816],"tags":[1111,11,53270,1777,674,1011,27,223,31313,12,4125,2680,25,2312],"class_list":{"0":"post-542858","1":"post","2":"type-post","3":"status-publish","4":"format-standard","5":"has-post-thumbnail","7":"category-toulouse","8":"tag-actu","9":"tag-actualites","10":"tag-credit-agricole-toulouse-31","11":"tag-eu","12":"tag-europe","13":"tag-fr","14":"tag-france","15":"tag-intelligence-artificielle","16":"tag-la-melee","17":"tag-news","18":"tag-numerique","19":"tag-occitanie","20":"tag-republique-francaise","21":"tag-toulouse"},"share_on_mastodon":{"url":"https:\/\/pubeurope.com\/@fr\/115571774247122829","error":""},"_links":{"self":[{"href":"https:\/\/www.europesays.com\/fr\/wp-json\/wp\/v2\/posts\/542858","targetHints":{"allow":["GET"]}}],"collection":[{"href":"https:\/\/www.europesays.com\/fr\/wp-json\/wp\/v2\/posts"}],"about":[{"href":"https:\/\/www.europesays.com\/fr\/wp-json\/wp\/v2\/types\/post"}],"author":[{"embeddable":true,"href":"https:\/\/www.europesays.com\/fr\/wp-json\/wp\/v2\/users\/2"}],"replies":[{"embeddable":true,"href":"https:\/\/www.europesays.com\/fr\/wp-json\/wp\/v2\/comments?post=542858"}],"version-history":[{"count":0,"href":"https:\/\/www.europesays.com\/fr\/wp-json\/wp\/v2\/posts\/542858\/revisions"}],"wp:featuredmedia":[{"embeddable":true,"href":"https:\/\/www.europesays.com\/fr\/wp-json\/wp\/v2\/media\/542859"}],"wp:attachment":[{"href":"https:\/\/www.europesays.com\/fr\/wp-json\/wp\/v2\/media?parent=542858"}],"wp:term":[{"taxonomy":"category","embeddable":true,"href":"https:\/\/www.europesays.com\/fr\/wp-json\/wp\/v2\/categories?post=542858"},{"taxonomy":"post_tag","embeddable":true,"href":"https:\/\/www.europesays.com\/fr\/wp-json\/wp\/v2\/tags?post=542858"}],"curies":[{"name":"wp","href":"https:\/\/api.w.org\/{rel}","templated":true}]}}