{"id":542860,"date":"2025-11-18T17:01:13","date_gmt":"2025-11-18T17:01:13","guid":{"rendered":"https:\/\/www.europesays.com\/fr\/542860\/"},"modified":"2025-11-18T17:01:13","modified_gmt":"2025-11-18T17:01:13","slug":"edwige-descloitre-expose-son-art-du-gyotaku-a-toulouse-une-immersion-entre-mer-et-encre","status":"publish","type":"post","link":"https:\/\/www.europesays.com\/fr\/542860\/","title":{"rendered":"Edwige Descloitre expose son art du Gyotaku \u00e0 Toulouse\u00a0: une immersion entre mer et encre"},"content":{"rendered":"<p>\n                                                                    l&rsquo;essentiel<br \/>\n                                                                Edwige Descloitre invite \u00e0 plonger dans l\u2019univers d\u2019art japonais du Gyotaku ou \u00ab\u00a0Empreinte de poisson\u00a0\u00bb, \u00e0 La petite galerie jusqu\u2019au 22\u00a0novembre.\n                            <\/p>\n<p>C\u2019est une petite salle toute en bois, dans la rue du Mus\u00e9e du Vieux Toulouse, un quartier en soi, qui accueille les peintures \u00e0 l\u2019encre d\u2019Edwige Descloitre, native de Castelnaudary mais habitante du monde. En pleine quinzaine du Japon, nous voil\u00e0 plong\u00e9s dans un univers asiatique, le Gyotaku, qui emprunte sa\u00a0technique aux p\u00eacheurs de ce coin du globe\u00a0: Gyo veut dire poisson, Taku empreinte et le Gyotaku est bien l\u2019empreinte d\u2019un poisson \u00e0\u00a0l\u2019encre sur feuille de riz. Si autrefois elle servait aux p\u00eacheurs japonais \u00e0 conserver trace\u00a0des belles prises et prouver l\u2019existence d\u2019un poisson, elle est ici d\u00e9clin\u00e9e artistiquement\u00a0dans ses choix de cadre, couleur, et autre ingr\u00e9dient du tableau.<\/p>\n<p class=\"std-elt__inline\">\n        <strong>\u00c0 lire aussi :<\/strong><br \/>\n        <a href=\"https:\/\/www.ladepeche.fr\/2025\/11\/07\/journees-de-la-culture-juive-a-toulouse-theatre-musique-expositions-cinema-debats-13039310.php\" target=\"_blank\" rel=\"noopener\">Journ\u00e9es de la culture juive \u00e0 Toulouse\u00a0: th\u00e9\u00e2tre, musique, expositions, cin\u00e9ma, d\u00e9bats\u2026<\/a>\n    <\/p>\n<p>Une vie en apn\u00e9e<\/p>\n<p>L\u2019apn\u00e9e est la seconde ou premi\u00e8re vie d\u2019Edwige Descloitre. Elle la d\u00e9couvre jeune avec l\u2019ami Paul de la famille, en pleine vague du \u00ab\u00a0Grand bleu\u00a0\u00bb de Luc Besson. Et d\u00e9j\u00e0 elle s\u2019int\u00e9resse aux \u00ab\u00a0Amas\u00a0\u00bb, ces p\u00eacheuses en apn\u00e9e japonaises. De voyages en apprentissages de langues, elle finit par enfiler le scaphandre\u00a0\u00e0 Marseille avant de rejoindre l\u2019Espagne o\u00f9 sa vie \u00e0 Madrid l\u2019am\u00e8ne plut\u00f4t \u00e0 la pratique artistique. Mais tr\u00e8s vite, l\u2019eau lui manque, elle retourne en France, \u00e0 la plong\u00e9e, \u00e0 l\u2019achat d\u2019un voilier, elle sera m\u00eame marin professionnelle et skipper.<\/p>\n<p>De l\u2019oc\u00e9an Indien \u00e0 Port Vendres, il n\u2019y a qu\u2019un pas pour elle, \u00ab\u00a0qui ne peut pas \u00eatre sans contact avec la mer\u00a0\u00bb.<\/p>\n<p>Une galerie originale<\/p>\n<p>Jean-Luc Auriol a cr\u00e9\u00e9\u00a0la petite galerie dans le but de mettre en valeur les \u0153uvres d\u2019art qu\u2019il exposera. Aid\u00e9 d\u2019un ami belge architecte, il con\u00e7oit le lieu en bois et lumi\u00e8res abouties de sorte \u00ab\u00a0que les gens se sentent bien et que \u00e7a devienne un lieu pour l\u2019art \u00e0 Toulouse\u00a0\u00bb.<\/p>\n<p class=\"std-elt__inline\">\n        <strong>\u00c0 lire aussi :<\/strong><br \/>\n        <a href=\"https:\/\/www.ladepeche.fr\/2025\/11\/08\/lexposition-les-vitrines-de-la-creation-anime-les-commerces-du-centre-ville-de-toulouse-jusquau-19-novembre-13037016.php\" target=\"_blank\" rel=\"noopener\">L\u2019exposition \u00ab\u00a0Les Vitrines de la cr\u00e9ation\u00a0\u00bb anime les commerces du centre-ville de Toulouse jusqu\u2019au 19\u00a0novembre<\/a>\n    <\/p>\n<p>Photographe professionnel, puis g\u00e9rant du Bolbu, il a acquis ce local et l\u2019ouvre \u00e0 toute forme artistique en\u00a0proposant 25\u00a0m lin\u00e9aires de surface d\u2019exposition sur 3 \u00e9tag\u00e8res du sol au plafond. Samedi 22\u00a0novembre, ils f\u00eateront ensemble le d\u00e9crochage autour d\u2019un pot de cl\u00f4ture \u00e0 l\u2019Esprit Ki\u00a0du Takanawa Wine Club.<\/p>\n<p>La petite galerie (12, rue du May) \u00e0 Toulouse. Ouvert de 10\u00a0h\u00a030 \u00e0 18\u00a0h, jusqu\u2019\u00e0\u00a019\u00a0h le mercredi et de 14\u00a0h \u00e0 20\u00a0h le\u00a0samedi. Entr\u00e9e libre. T\u00e9l. 06\u00a087\u00a056\u00a007\u00a007.<\/p>\n","protected":false},"excerpt":{"rendered":"l&rsquo;essentiel Edwige Descloitre invite \u00e0 plonger dans l\u2019univers d\u2019art japonais du Gyotaku ou \u00ab\u00a0Empreinte de poisson\u00a0\u00bb, \u00e0 La&hellip;\n","protected":false},"author":2,"featured_media":542861,"comment_status":"","ping_status":"","sticky":false,"template":"","format":"standard","meta":{"footnotes":""},"categories":[2816],"tags":[1111,11,1777,674,1011,27,12,2680,25,2312],"class_list":{"0":"post-542860","1":"post","2":"type-post","3":"status-publish","4":"format-standard","5":"has-post-thumbnail","7":"category-toulouse","8":"tag-actu","9":"tag-actualites","10":"tag-eu","11":"tag-europe","12":"tag-fr","13":"tag-france","14":"tag-news","15":"tag-occitanie","16":"tag-republique-francaise","17":"tag-toulouse"},"share_on_mastodon":{"url":"https:\/\/pubeurope.com\/@fr\/115571778264014296","error":""},"_links":{"self":[{"href":"https:\/\/www.europesays.com\/fr\/wp-json\/wp\/v2\/posts\/542860","targetHints":{"allow":["GET"]}}],"collection":[{"href":"https:\/\/www.europesays.com\/fr\/wp-json\/wp\/v2\/posts"}],"about":[{"href":"https:\/\/www.europesays.com\/fr\/wp-json\/wp\/v2\/types\/post"}],"author":[{"embeddable":true,"href":"https:\/\/www.europesays.com\/fr\/wp-json\/wp\/v2\/users\/2"}],"replies":[{"embeddable":true,"href":"https:\/\/www.europesays.com\/fr\/wp-json\/wp\/v2\/comments?post=542860"}],"version-history":[{"count":0,"href":"https:\/\/www.europesays.com\/fr\/wp-json\/wp\/v2\/posts\/542860\/revisions"}],"wp:featuredmedia":[{"embeddable":true,"href":"https:\/\/www.europesays.com\/fr\/wp-json\/wp\/v2\/media\/542861"}],"wp:attachment":[{"href":"https:\/\/www.europesays.com\/fr\/wp-json\/wp\/v2\/media?parent=542860"}],"wp:term":[{"taxonomy":"category","embeddable":true,"href":"https:\/\/www.europesays.com\/fr\/wp-json\/wp\/v2\/categories?post=542860"},{"taxonomy":"post_tag","embeddable":true,"href":"https:\/\/www.europesays.com\/fr\/wp-json\/wp\/v2\/tags?post=542860"}],"curies":[{"name":"wp","href":"https:\/\/api.w.org\/{rel}","templated":true}]}}