{"id":542862,"date":"2025-11-18T17:02:19","date_gmt":"2025-11-18T17:02:19","guid":{"rendered":"https:\/\/www.europesays.com\/fr\/542862\/"},"modified":"2025-11-18T17:02:19","modified_gmt":"2025-11-18T17:02:19","slug":"fetes-de-fin-dannee-a-lille-du-19-novembre-2025-au-18-janvier-2026","status":"publish","type":"post","link":"https:\/\/www.europesays.com\/fr\/542862\/","title":{"rendered":"F\u00eates de fin d&rsquo;ann\u00e9e \u00e0 Lille du 19 novembre 2025 au 18 janvier 2026"},"content":{"rendered":"<p style=\"text-align: justify;\">A l\u2019occasion des <strong>F\u00eates de Fin d\u2019Ann\u00e9e 2025,<\/strong> <strong>Zoom Sur Lille<\/strong> vous propose quelques<strong> id\u00e9es sorties<\/strong> pour vous plonger dans <strong>l\u2019ambiance de No\u00ebl :<\/strong><strong> le Village de No\u00ebl, la Grande Roue, la Chenille, Man\u00e8ges pour Enfants, Shopping<\/strong>\u2026<\/p>\n<p class=\"has-text-align-center\">Village de No\u00ebl<\/p>\n<p><a href=\"https:\/\/www.zoomsurlille.fr\/wp-content\/uploads\/2022\/11\/art_village_noel_2021_06.jpg\" target=\"_blank\" rel=\"noopener\"><img loading=\"lazy\" decoding=\"async\" width=\"1024\" height=\"683\" src=\"https:\/\/www.europesays.com\/fr\/wp-content\/uploads\/2025\/11\/art_village_noel_2021_06-1024x683.jpg\" alt=\"\" class=\"wp-image-67067\"  \/><\/a><\/p>\n<p class=\"has-text-align-left\">En cette p\u00e9riode de fin d\u2019ann\u00e9e retrouvez le <strong>Village de No\u00ebl de Lille<\/strong>, <strong>place Rihour<\/strong>.<\/p>\n<p style=\"text-align: justify;\">Cette ann\u00e9e, <strong>90 chalets<\/strong> vous attendent avec une s\u00e9lection de <strong>produits issus de l\u2019artisanat r\u00e9gional, national<\/strong> et<strong> international.<\/strong> <strong>\u00c9veillez vos sens,<\/strong> <strong>r\u00e9chauffez-vous<\/strong> au <strong>contact chaleureux<\/strong> des <strong>artisans-commer\u00e7ants<\/strong> et repartez avec des <strong>cadeaux de<\/strong> <strong>No\u00ebl<\/strong> <strong>authentiques<\/strong> pour <strong>petits<\/strong> et <strong>grands ! Produits r\u00e9gionaux, paniers gourmands,\u00a0 d\u00e9coration de<\/strong> <strong>No\u00ebl,<\/strong> <strong>jouets, produits bien-\u00eatre, v\u00eatements chauds<\/strong> ou encore<strong> restauration.<\/strong><\/p>\n<p style=\"text-align: justify;\"><strong>JOURS ET HORAIRES D\u2019OUVERTURE <\/strong><br \/>Le Village de No\u00ebl est ouvert <strong>tous les jours du 19 novembre au 30 d\u00e9cembre 2025<\/strong>\u00a0(sauf le 25 d\u00e9cembre).<br \/><img loading=\"lazy\" decoding=\"async\" class=\" wp-image-45\" src=\"https:\/\/www.europesays.com\/fr\/wp-content\/uploads\/2025\/04\/arrow.png\" alt=\"\" width=\"9\" height=\"9\"\/> du lundi au jeudi : 11h \u00e0 20h30,<br \/><img loading=\"lazy\" decoding=\"async\" class=\" wp-image-45\" src=\"https:\/\/www.europesays.com\/fr\/wp-content\/uploads\/2025\/04\/arrow.png\" alt=\"\" width=\"9\" height=\"9\"\/> vendredis &amp; samedis : 11h \u00e0 22h,<br \/><img loading=\"lazy\" decoding=\"async\" class=\" wp-image-45\" src=\"https:\/\/www.europesays.com\/fr\/wp-content\/uploads\/2025\/04\/arrow.png\" alt=\"\" width=\"9\" height=\"9\"\/> dimanche : 11h \u00e0 20h30,<br \/><img loading=\"lazy\" decoding=\"async\" class=\" wp-image-45\" src=\"https:\/\/www.europesays.com\/fr\/wp-content\/uploads\/2025\/04\/arrow.png\" alt=\"\" width=\"9\" height=\"9\"\/> mercredi 24 d\u00e9cembre 2025 : 11h \u00e0 18h,<br \/><img loading=\"lazy\" decoding=\"async\" class=\" wp-image-45\" src=\"https:\/\/www.europesays.com\/fr\/wp-content\/uploads\/2025\/04\/arrow.png\" alt=\"\" width=\"9\" height=\"9\"\/> ferm\u00e9 le jeudi 25 d\u00e9cembre 2025<\/p>\n<p><img decoding=\"async\" loading=\"lazy\" width=\"9\" height=\"9\" class=\" wp-image-45\" src=\"https:\/\/www.europesays.com\/fr\/wp-content\/uploads\/2025\/04\/arrow.png\" alt=\"\"\/> <a href=\"http:\/\/www.noel-a-lille.com\/\" target=\"_blank\" rel=\"noopener noreferrer\">D\u00e9couvrez le site du Village de No\u00ebl de Lille<\/a><br \/><img decoding=\"async\" loading=\"lazy\" width=\"9\" height=\"9\" src=\"https:\/\/www.europesays.com\/fr\/wp-content\/uploads\/2025\/04\/arrow.png\" alt=\"\"\/> <a href=\"https:\/\/www.zoomsurlille.fr\/actualites\/du-19-novembre-au-30-decembre-2025-le-village-de-noel-de-lille-est-de-retour\" target=\"_blank\" rel=\"noreferrer noopener\">D\u00e9couvrez notre article sur le Village de No\u00ebl 2025<\/a><\/p>\n<p class=\"has-text-align-center\">Grande Roue Royale<\/p>\n<p><a href=\"https:\/\/www.zoomsurlille.fr\/wp-content\/uploads\/2017\/11\/noel2017_01.jpg\" target=\"_blank\" rel=\"noopener\"><img decoding=\"async\" loading=\"lazy\" width=\"1024\" height=\"678\" src=\"https:\/\/www.europesays.com\/fr\/wp-content\/uploads\/2025\/11\/noel2017_01-1024x678.jpg\" alt=\"\" class=\"wp-image-24897\"  \/><\/a><\/p>\n<p class=\"has-text-align-left\">Sur la <strong>Grand\u2019Place<\/strong>, la <strong>Grande Roue<\/strong> tourne majestueusement au son des musiques de No\u00ebl.<\/p>\n<p style=\"text-align: justify;\">A <strong>50 m\u00e8tres d\u2019altitude<\/strong>, ses <strong>36 nacelles<\/strong> offrent une vue incroyable sur la ville. A ses pieds, <strong>un immense d\u00e9cor<\/strong> investit toute la place pour recr\u00e9er <strong>un village sous la neige<\/strong>, avec <strong>ses<\/strong> <strong>maisonnettes<\/strong>, <strong>sa chapelle, ses lutins\u2026 <\/strong>et m\u00eame <strong>son immense Sapin de No\u00ebl<\/strong> !<\/p>\n<p style=\"text-align: justify;\"><strong>JOURS ET HORAIRES D\u2019OUVERTURE<\/strong><br \/>La Grande Roue fonctionne <strong>tous les jours du 19 novembre 2025<\/strong><strong> jusqu\u2019au 18 janvier 2026 :<\/strong><br \/><img decoding=\"async\" loading=\"lazy\" class=\" size-full wp-image-45\" src=\"https:\/\/www.europesays.com\/fr\/wp-content\/uploads\/2025\/04\/arrow.png\" alt=\"\" width=\"9\" height=\"9\"\/> Semaine de 12h \u00e0 minuit<br \/><img decoding=\"async\" loading=\"lazy\" class=\" size-full wp-image-45\" src=\"https:\/\/www.europesays.com\/fr\/wp-content\/uploads\/2025\/04\/arrow.png\" alt=\"\" width=\"9\" height=\"9\"\/> Week-end et vacances scolaires : tous les jours de 10h \u00e0 minuit<\/p>\n<p><strong>TARIFS <\/strong><br \/><img decoding=\"async\" loading=\"lazy\" width=\"9\" height=\"9\" class=\" size-full wp-image-45\" src=\"https:\/\/www.europesays.com\/fr\/wp-content\/uploads\/2025\/04\/arrow.png\" alt=\"\"\/> Plein : 7\u20ac (tarif 2024)<br \/><img decoding=\"async\" loading=\"lazy\" width=\"9\" height=\"9\" class=\" size-full wp-image-45\" src=\"https:\/\/www.europesays.com\/fr\/wp-content\/uploads\/2025\/04\/arrow.png\" alt=\"\"\/> Enfants en dessous d\u20191m40 : 5\u20ac (tarif 2024)<\/p>\n<p class=\"has-text-align-center\">Chenille<\/p>\n<p><a href=\"https:\/\/www.zoomsurlille.fr\/wp-content\/uploads\/2017\/11\/noel2017_03.jpg\" target=\"_blank\" rel=\"noopener\"><img decoding=\"async\" loading=\"lazy\" width=\"1024\" height=\"678\" src=\"https:\/\/www.europesays.com\/fr\/wp-content\/uploads\/2025\/11\/noel2017_03-1024x678.jpg\" alt=\"\" class=\"wp-image-24899\"  \/><\/a><\/p>\n<p class=\"has-text-align-center\">Sur la <strong>place du Th\u00e9\u00e2tre<\/strong>, d\u00e9couvrez le man\u00e8ge <strong>L\u2019Id\u00e9ale Chenille<\/strong>.<\/p>\n<p style=\"text-align: justify;\"><strong>\u00ab L\u2019Id\u00e9ale Chenille 1922 \u00bb<\/strong> s\u2019installe sur la <strong>Place du Th\u00e9\u00e2tre<\/strong> pour le plaisir des <strong>petits<\/strong> et des<strong> grands<\/strong> qui <strong>s\u2019amuseront dans une ambiance joyeuse,<\/strong> le tout dans <strong>une d\u00e9coration in\u00e9dite<\/strong> m\u00ealant le <strong>charme des ann\u00e9es 1930<\/strong> \u00e0 une <strong>ambiance plus contemporaine.<\/strong><\/p>\n<p><strong>JOURS ET HORAIRES D\u2019OUVERTURE<\/strong><br \/>La Chenille fonctionne<strong> tous les jours<\/strong> <strong>du 19 novembre 2025 jusqu\u2019au 18 janvier 2026 :<\/strong><br \/><img decoding=\"async\" loading=\"lazy\" width=\"9\" height=\"9\" src=\"https:\/\/www.europesays.com\/fr\/wp-content\/uploads\/2025\/04\/arrow.png\" alt=\"\"\/> lundis, mardis, jeudis et vendredis : de 14h30 \u00e0 20h<br \/><img decoding=\"async\" loading=\"lazy\" width=\"9\" height=\"9\" src=\"https:\/\/www.europesays.com\/fr\/wp-content\/uploads\/2025\/04\/arrow.png\" alt=\"\"\/> mercredis, samedis, dimanches et vacances scolaires : de 11h \u00e0 21h<\/p>\n<p><strong>TARIFS<\/strong><br \/><img decoding=\"async\" loading=\"lazy\" width=\"9\" height=\"9\" src=\"https:\/\/www.europesays.com\/fr\/wp-content\/uploads\/2025\/04\/arrow.png\" alt=\"\"\/> Plein : 5\u20ac (tarif 2024)<br \/><img decoding=\"async\" loading=\"lazy\" width=\"9\" height=\"9\" class=\" size-full wp-image-45\" src=\"https:\/\/www.europesays.com\/fr\/wp-content\/uploads\/2025\/04\/arrow.png\" alt=\"\"\/> Enfants de moins de 12 ans : 4\u20ac (tarif 2024)<\/p>\n<p>Man\u00e8ges pour enfants<br \/><strong>Le Petit Carrousel<\/strong><br \/><strong><img decoding=\"async\" loading=\"lazy\" width=\"9\" height=\"9\" src=\"https:\/\/www.europesays.com\/fr\/wp-content\/uploads\/2025\/04\/arrow.png\" alt=\"\"\/> Date : <\/strong>du 19 novembre 2025 au 04 janvier 2026<br \/><strong><img decoding=\"async\" loading=\"lazy\" width=\"9\" height=\"9\" src=\"https:\/\/www.europesays.com\/fr\/wp-content\/uploads\/2025\/04\/arrow.png\" alt=\"\"\/> Lieu :<\/strong> place de B\u00e9thune<br \/><strong>Surmont\u00e9 d\u2019un \u00e9norme sapin de No\u00ebl,<\/strong> la <strong>carrousel<\/strong> accueille les <strong>cavaliers en herbe.<\/strong><\/p>\n<p><strong>Les Rennes de No\u00ebl<\/strong><br \/><strong><img decoding=\"async\" loading=\"lazy\" width=\"9\" height=\"9\" src=\"https:\/\/www.europesays.com\/fr\/wp-content\/uploads\/2025\/04\/arrow.png\" alt=\"\"\/> Dates :<\/strong> du 19 novembre 2025 au 04 janvier 2026<br \/><strong><img decoding=\"async\" loading=\"lazy\" width=\"9\" height=\"9\" src=\"https:\/\/www.europesays.com\/fr\/wp-content\/uploads\/2025\/04\/arrow.png\" alt=\"\"\/> Lieu :<\/strong> place Richeb\u00e9<br \/>\u00ab Envolez-vous avec des rennes comme le P\u00e8re No\u00ebl volant dans le ciel\u00bb, ce man\u00e8ge vous <strong>garanti <\/strong>d\u2019\u00eatre dans <strong>l\u2019esprit de No\u00ebl !<\/strong><\/p>\n<p><strong>Le P\u2019tit Quinquin <\/strong><br \/><strong><img decoding=\"async\" loading=\"lazy\" width=\"9\" height=\"9\" src=\"https:\/\/www.europesays.com\/fr\/wp-content\/uploads\/2025\/04\/arrow.png\" alt=\"\"\/> Dates : <\/strong>toute l\u2019ann\u00e9e<br \/><strong><img decoding=\"async\" loading=\"lazy\" width=\"9\" height=\"9\" src=\"https:\/\/www.europesays.com\/fr\/wp-content\/uploads\/2025\/04\/arrow.png\" alt=\"\"\/> Lieu :<\/strong> place Rihour \u2013 dans l\u2019enceinte du <a href=\"https:\/\/www.zoomsurlille.fr\/actualites\/du-19-novembre-au-30-decembre-2025-le-village-de-noel-de-lille-est-de-retour\" target=\"_blank\" rel=\"noreferrer noopener\">Village du No\u00ebl de Lille<\/a><br \/><strong>Offrez un tour \u00e0 vos enfants<\/strong> dans <strong>l\u2019authentique man\u00e8ge \u00ab Le P\u2019tit Quinquin \u00bb<\/strong>.<\/p>\n<p class=\"has-text-align-left\">Pour les gourmands !<br \/><img decoding=\"async\" loading=\"lazy\" width=\"9\" height=\"9\" class=\" size-full wp-image-45\" src=\"https:\/\/www.europesays.com\/fr\/wp-content\/uploads\/2025\/04\/arrow.png\" alt=\"\"\/> Des <strong>Croustillons,<\/strong> des <strong>Gaufres\u2026<\/strong> (du 19 novembre 2025 au 11 janvier 2026) : place des Buisses<\/p>\n<p><a href=\"https:\/\/www.zoomsurlille.fr\/wp-content\/uploads\/2018\/11\/croustillons_noel2018.jpg\" target=\"_blank\" rel=\"noopener noreferrer\"><img decoding=\"async\" loading=\"lazy\" width=\"220\" height=\"400\" src=\"https:\/\/www.europesays.com\/fr\/wp-content\/uploads\/2025\/11\/croustillons_noel2018-220x400.jpg\" alt=\"\" class=\"wp-image-30832\" title=\"Copyright : Zoom Sur Lille \/ Croustillons\"  \/><\/a><\/p>\n<p class=\"has-text-align-center\">Shopping<\/p>\n<p><a href=\"https:\/\/www.zoomsurlille.fr\/wp-content\/uploads\/2009\/11\/shopping_pere_noel1.jpg\" target=\"_blank\" rel=\"noopener\"><img decoding=\"async\" loading=\"lazy\" width=\"400\" height=\"285\" src=\"https:\/\/www.europesays.com\/fr\/wp-content\/uploads\/2025\/11\/shopping_pere_noel1-400x285.jpg\" alt=\"P\u00e8re No\u00ebl\" class=\"wp-image-699\" title=\"Copyright : DR - C'est la crise ! \/ P\u00e8re No\u00ebl\"  \/><\/a><\/p>\n<p><strong>A Lille,<\/strong> <strong>les nombreux commerces en centre-ville<\/strong> offrent de quoi satisfaire toutes les envies et tous les budgets.<\/p>\n<p>Les commerces sont g\u00e9n\u00e9ralement ouvertes <strong>du lundi au samedi de 10h \u00e0 19h,<\/strong> ainsi que les<strong> dimanches 30 novembre, 07, 14 &amp; 21 d\u00e9cembre 2025.<\/strong><\/p>\n<p><img decoding=\"async\" loading=\"lazy\" src=\"https:\/\/www.europesays.com\/fr\/wp-content\/uploads\/2025\/04\/arrow.png\" alt=\"\" width=\"9\" height=\"9\"\/> <a href=\"http:\/\/jachetealille.fr\/\" target=\"_blank\" rel=\"noreferrer noopener\">Site internet J\u2019ach\u00e8te \u00e0 Lille<\/a><\/p>\n<p><strong><img decoding=\"async\" loading=\"lazy\" width=\"9\" height=\"9\" class=\"tie-appear\" src=\"https:\/\/www.europesays.com\/fr\/wp-content\/uploads\/2025\/04\/arrow.png\" alt=\"\"\/> <\/strong><a href=\"https:\/\/www.zoomsurlille.fr\/tag\/noel-2025\" target=\"_blank\" rel=\"noreferrer noopener\">D\u00e9couvrez nos articles No\u00ebl 2025<\/a><\/p>\n<p class=\"has-text-align-right\">Sources : Ville de Lille \/ My F\u00e9d\u00e9 \u2013 Images et Photos : DR \/ \u00a9 Zoom sur Lille<\/p>\n","protected":false},"excerpt":{"rendered":"A l\u2019occasion des F\u00eates de Fin d\u2019Ann\u00e9e 2025, Zoom Sur Lille vous propose quelques id\u00e9es sorties pour vous&hellip;\n","protected":false},"author":2,"featured_media":542863,"comment_status":"","ping_status":"","sticky":false,"template":"","format":"standard","meta":{"footnotes":""},"categories":[2815],"tags":[1111,11,50276,1777,674,1011,27,65103,811,1307,8262,12,65896,25,6720,66114],"class_list":{"0":"post-542862","1":"post","2":"type-post","3":"status-publish","4":"format-standard","5":"has-post-thumbnail","7":"category-lille","8":"tag-actu","9":"tag-actualites","10":"tag-chenille","11":"tag-eu","12":"tag-europe","13":"tag-fr","14":"tag-france","15":"tag-grande-roue","16":"tag-hauts-de-france","17":"tag-lille","18":"tag-maneges","19":"tag-news","20":"tag-noel-2025","21":"tag-republique-francaise","22":"tag-shopping","23":"tag-village-de-noel"},"share_on_mastodon":{"url":"https:\/\/pubeurope.com\/@fr\/115571784285015672","error":""},"_links":{"self":[{"href":"https:\/\/www.europesays.com\/fr\/wp-json\/wp\/v2\/posts\/542862","targetHints":{"allow":["GET"]}}],"collection":[{"href":"https:\/\/www.europesays.com\/fr\/wp-json\/wp\/v2\/posts"}],"about":[{"href":"https:\/\/www.europesays.com\/fr\/wp-json\/wp\/v2\/types\/post"}],"author":[{"embeddable":true,"href":"https:\/\/www.europesays.com\/fr\/wp-json\/wp\/v2\/users\/2"}],"replies":[{"embeddable":true,"href":"https:\/\/www.europesays.com\/fr\/wp-json\/wp\/v2\/comments?post=542862"}],"version-history":[{"count":0,"href":"https:\/\/www.europesays.com\/fr\/wp-json\/wp\/v2\/posts\/542862\/revisions"}],"wp:featuredmedia":[{"embeddable":true,"href":"https:\/\/www.europesays.com\/fr\/wp-json\/wp\/v2\/media\/542863"}],"wp:attachment":[{"href":"https:\/\/www.europesays.com\/fr\/wp-json\/wp\/v2\/media?parent=542862"}],"wp:term":[{"taxonomy":"category","embeddable":true,"href":"https:\/\/www.europesays.com\/fr\/wp-json\/wp\/v2\/categories?post=542862"},{"taxonomy":"post_tag","embeddable":true,"href":"https:\/\/www.europesays.com\/fr\/wp-json\/wp\/v2\/tags?post=542862"}],"curies":[{"name":"wp","href":"https:\/\/api.w.org\/{rel}","templated":true}]}}