{"id":542866,"date":"2025-11-18T17:04:10","date_gmt":"2025-11-18T17:04:10","guid":{"rendered":"https:\/\/www.europesays.com\/fr\/542866\/"},"modified":"2025-11-18T17:04:10","modified_gmt":"2025-11-18T17:04:10","slug":"ce-festival-organise-a-marseille-est-gratuit-pour-le-public-voici-comment-y-assister","status":"publish","type":"post","link":"https:\/\/www.europesays.com\/fr\/542866\/","title":{"rendered":"Ce festival organis\u00e9 \u00e0 Marseille est gratuit pour le public : voici comment y assister"},"content":{"rendered":"<p>                    Par<br \/>\n        <strong><br \/>\n            <a href=\"https:\/\/actu.fr\/auteur\/fabien-binacchi\" title=\"Consulter tous les articles de Fabien Binacchi\" target=\"_blank\" rel=\"noopener\">Fabien Binacchi<\/a><br \/>\n                    <\/strong><\/p>\n<p>        Publi\u00e9 le<\/p>\n<p>            18 nov. 2025 \u00e0 17h39        <\/p>\n<p>Des s\u00e9ries <strong>avant tout le monde et sur grand \u00e9cran.<\/strong> La 5e \u00e9dition du festival Marseille S\u00e9ries Stories, programm\u00e9e ces 20, 21 et 22\u00a0novembre 2025 dans <a href=\"https:\/\/actu.fr\/marseille\/\" target=\"_blank\" rel=\"noopener\">la cit\u00e9 phoc\u00e9enne,<\/a> accueille gratuitement le public pour plusieurs projections en avant-premi\u00e8re. Mais attention, il faut r\u00e9server les s\u00e9ances au pr\u00e9alable.<\/p>\n<p class=\" wall-content\">Voici tout ce qu\u2019il faut savoir.<\/p>\n<p>\u00ab\u2009Une r\u00e9serve d\u2019histoires essentielle\u2009\u00bb<\/p>\n<p class=\" wall-content\">Il n\u2019y a pas que le cin\u00e9ma qui adapte de grandes \u0153uvres litt\u00e9raires. Les s\u00e9ries s\u2019y sont aussi mises. Depuis 2020, le festival marseillais s\u2019int\u00e9resse justement \u00e0 ces productions dont le pitch est <strong>sorti de l\u2019imagination d\u2019\u00e9crivains et de romanciers.<\/strong><\/p>\n<p class=\" wall-content\">Selon les organisateurs, \u00ab\u2009l\u2019\u00e9dition 2024 avait d\u00e9j\u00e0 confirm\u00e9 l\u2019int\u00e9r\u00eat croissant du secteur [\u2026], consid\u00e9r\u00e9 comme <strong>une r\u00e9serve d\u2019histoires essentielle<\/strong> et un moteur d\u2019audience pour les diffuseurs\u2009\u00bb. Elle avait r\u00e9uni \u00ab\u200957 maisons d\u2019\u00e9dition et donn\u00e9 lieu \u00e0 250 rendez-vous professionnels\u2009\u00bb.<\/p>\n<p>Quatre s\u00e9ances ouvertes au public<\/p>\n<p class=\" wall-content\">Pour cette nouvelle \u00e9dition, en plus de rendez-vous r\u00e9serv\u00e9s exclusivement aux acteurs de cette industrie ce jeudi 20\u00a0novembre, quatre projections, dont <strong>trois en avant-premi\u00e8re,<\/strong> sont \u00e9galement propos\u00e9es au public au cin\u00e9ma Path\u00e9 La Joliette, dans le quartier Eurom\u00e9diterran\u00e9e (2e arrondissement)\u2009:<\/p>\n<p class=\" wall-content\">Vendredi 21\u00a0novembre<\/p>\n<ul class=\" wall-content\">\n<li>13h15\u2009: Une relation dangereuse, <strong>en pr\u00e9sence de l\u2019auteur Douglas Kennedy,<\/strong> dont le best-seller \u00e9ponyme s\u2019est vendu \u00e0 plus de 650\u2009000 exemplaires (diffus\u00e9 en int\u00e9gralit\u00e9),<\/li>\n<li>15h30\u2009: Il \u00e9tait deux fois, inspir\u00e9 du roman de Franck Thilliez, (premier \u00e9pisode),<\/li>\n<li>16h30\u2009: Le Signal, d\u2019apr\u00e8s le livre Maxime Chattam (premier \u00e9pisode).<\/li>\n<\/ul>\n<p>Votre r\u00e9gion, votre actu !<\/p>\n<p>Recevez chaque jour les infos qui comptent pour vous.<\/p>\n<p>\t<a href=\"https:\/\/actu.fr\/newsletter\" class=\"ac-btn ac-btn--corner ac-btn--medium ac-btn--blue800\" target=\"_blank\" rel=\"noopener\">S&rsquo;incrire<\/a><\/p>\n<p class=\" wall-content\">Samedi 22\u00a0novembre<\/p>\n<ul class=\" wall-content\">\n<li>10h30\u2009: Les trois premiers \u00e9pisodes de la s\u00e9rie d\u2019animation Ast\u00e9rix &amp; Ob\u00e9lix\u2009: le combat des chefs, r\u00e9alis\u00e9s par Alain Chabat et d\u00e9j\u00e0 disponibles sur Netflix.<\/li>\n<\/ul>\n<p class=\" wall-content\">L\u2019entr\u00e9e est gratuite mais doit faire l\u2019objet d\u2019une <strong>r\u00e9servation pr\u00e9alable,<\/strong> en ligne, directement sur <a href=\"https:\/\/www.marseilleseriesstories.com\/programme-et-billetterie-2025\/\" target=\"_blank\" rel=\"noopener\">le site Internet de la manifestation,<\/a> pr\u00e9viennent les organisateurs. Des places sont encore disponibles pour les quatre s\u00e9ances.<\/p>\n<p class=\" wall-content\">Personnalisez votre actualit\u00e9 en ajoutant vos villes et m\u00e9dias en favori avec <a href=\"https:\/\/moncompte.actu.fr\" title=\"D\u00e9couvez Mon Actu\" rel=\"nofollow noopener\" data-trk=\"{&quot;cta&quot;:{&quot;action&quot;:&quot;https:\\\/\\\/moncompte.actu.fr&quot;,&quot;category&quot;:&quot;mon compte&quot;,&quot;from&quot;:&quot;article footer&quot;,&quot;name&quot;:&quot;Mon actu&quot;,&quot;type&quot;:&quot;cta&quot;}}\" target=\"_blank\">Mon Actu<\/a>.<\/p>\n","protected":false},"excerpt":{"rendered":"Par Fabien Binacchi Publi\u00e9 le 18 nov. 2025 \u00e0 17h39 Des s\u00e9ries avant tout le monde et sur&hellip;\n","protected":false},"author":2,"featured_media":542867,"comment_status":"","ping_status":"","sticky":false,"template":"","format":"standard","meta":{"footnotes":""},"categories":[2814],"tags":[1111,11,1777,674,1011,27,1652,884,127,12,882,25,1314],"class_list":{"0":"post-542866","1":"post","2":"type-post","3":"status-publish","4":"format-standard","5":"has-post-thumbnail","7":"category-marseille","8":"tag-actu","9":"tag-actualites","10":"tag-eu","11":"tag-europe","12":"tag-fr","13":"tag-france","14":"tag-loisirs-culture","15":"tag-marseille","16":"tag-netflix","17":"tag-news","18":"tag-provence-alpes-cote-dazur","19":"tag-republique-francaise","20":"tag-series"},"share_on_mastodon":{"url":"https:\/\/pubeurope.com\/@fr\/115571790040260462","error":""},"_links":{"self":[{"href":"https:\/\/www.europesays.com\/fr\/wp-json\/wp\/v2\/posts\/542866","targetHints":{"allow":["GET"]}}],"collection":[{"href":"https:\/\/www.europesays.com\/fr\/wp-json\/wp\/v2\/posts"}],"about":[{"href":"https:\/\/www.europesays.com\/fr\/wp-json\/wp\/v2\/types\/post"}],"author":[{"embeddable":true,"href":"https:\/\/www.europesays.com\/fr\/wp-json\/wp\/v2\/users\/2"}],"replies":[{"embeddable":true,"href":"https:\/\/www.europesays.com\/fr\/wp-json\/wp\/v2\/comments?post=542866"}],"version-history":[{"count":0,"href":"https:\/\/www.europesays.com\/fr\/wp-json\/wp\/v2\/posts\/542866\/revisions"}],"wp:featuredmedia":[{"embeddable":true,"href":"https:\/\/www.europesays.com\/fr\/wp-json\/wp\/v2\/media\/542867"}],"wp:attachment":[{"href":"https:\/\/www.europesays.com\/fr\/wp-json\/wp\/v2\/media?parent=542866"}],"wp:term":[{"taxonomy":"category","embeddable":true,"href":"https:\/\/www.europesays.com\/fr\/wp-json\/wp\/v2\/categories?post=542866"},{"taxonomy":"post_tag","embeddable":true,"href":"https:\/\/www.europesays.com\/fr\/wp-json\/wp\/v2\/tags?post=542866"}],"curies":[{"name":"wp","href":"https:\/\/api.w.org\/{rel}","templated":true}]}}