{"id":542875,"date":"2025-11-18T17:10:20","date_gmt":"2025-11-18T17:10:20","guid":{"rendered":"https:\/\/www.europesays.com\/fr\/542875\/"},"modified":"2025-11-18T17:10:20","modified_gmt":"2025-11-18T17:10:20","slug":"le-corps-du-pretre-jean-marie-petitclerc-condamne-en-octobre-pour-voyeurisme-retrouve-sur-une-plage-du-calvados","status":"publish","type":"post","link":"https:\/\/www.europesays.com\/fr\/542875\/","title":{"rendered":"Le corps du pr\u00eatre Jean-Marie Petitclerc, condamn\u00e9 en octobre pour \u00ab\u00a0voyeurisme\u00a0\u00bb, retrouv\u00e9 sur une plage du Calvados"},"content":{"rendered":"<p class=\"paragraph text_align_left lp-f-body-02\">Le corps du pr\u00eatre et \u00e9ducateur sal\u00e9sien Jean-Marie Petitclerc a \u00e9t\u00e9 retrouv\u00e9 lundi matin sur la plage de Langrune-sur-Mer, dans le Calvados, rapportent nos confr\u00e8res d\u2019<a href=\"https:\/\/www.francebleu.fr\/infos\/faits-divers-justice\/le-corps-retrouve-sur-la-plage-de-langrune-sur-mer-a-ete-identifie-c-est-celui-du-pretre-jean-marie-petitclerc-3097200\" target=\"_blank\" rel=\"noreferrer nofollow noopener\">Ici<\/a>. La fondation Don Bosco, \u00e0 laquelle il appartenait, a confirm\u00e9 la nouvelle dans un communiqu\u00e9 publi\u00e9 <a href=\"https:\/\/www.don-bosco.net\/actualites\/a-dieu-jean-marie-petitclerc\/\" target=\"_blank\" rel=\"noreferrer nofollow noopener\">sur son site Internet<\/a>.<\/p>\n<p class=\"paragraph text_align_left lp-f-body-02\">Selon les informations d\u2019Ici Normandie, Jean-Marie Petitclerc \u00e9tait venu dans le coin pour passer le week-end chez des amis. Il s\u00e9journait dans un h\u00f4tel situ\u00e9 \u00e0 proximit\u00e9 de la plage o\u00f9 son corps a \u00e9t\u00e9 retrouv\u00e9.<\/p>\n<p>Vers un suicide ? <\/p>\n<p class=\"paragraph text_align_left lp-f-body-02\">Lundi matin, une promeneuse a trouv\u00e9 un corps inanim\u00e9 sur la plage de Langrune-sur-Mer et a imm\u00e9diatement pr\u00e9venu les secours. Les cl\u00e9s de voiture trouv\u00e9es sur le cadavre ont permis de confirmer qu\u2019il s\u2019agissait de Jean-Marie Petitclerc.<\/p>\n<p class=\"paragraph text_align_left lp-f-body-02\">Selon nos confr\u00e8res de <a href=\"https:\/\/www.la-croix.com\/religion\/mort-du-pere-jean-marie-petitclerc-son-corps-retrouve-sur-une-plage-20251117\" target=\"_blank\" rel=\"noreferrer nofollow noopener\">La Croix<\/a>, Jean-Marie Petitclerc avait \u00e9t\u00e9 condamn\u00e9 en octobre dernier \u00e0 six mois de prison avec sursis pour \u00ab voyeurisme \u00bb. Il contestait les faits et avait m\u00eame fait appel du jugement. <\/p>\n<p class=\"lp-card-podcast-highlighting__title  lp-f-subtitle-05\">[2\/2] Mus\u00e9e Marmottan\u00a0: le vol spectaculaire d\u2019un chef-d\u2019\u0153uvre de Monet<\/p>\n<p class=\"lp-card-podcast-highlighting__description lp-f-ui-05\">Crime story raconte chaque semaine les grandes affaires criminelles.<\/p>\n<p><a class=\"lp-card-podcast-highlighting__call-to-action\" data-page-type=\"HP\" data-block-name=\"podcast-highlight\">\u00c9couter<\/a><\/p>\n<p class=\"paragraph text_align_left lp-f-body-02\">Dans son communiqu\u00e9, la fondation Don Bosco \u00e9voque une \u00ab noyade \u00bb, mais l\u2019enqu\u00eate devra d\u00e9terminer les causes exactes de son d\u00e9c\u00e8s. Le parquet de Caen \u00e9voque lui, aupr\u00e8s d\u2019Ici Normandie, la piste d\u2019un suicide. <\/p>\n","protected":false},"excerpt":{"rendered":"Le corps du pr\u00eatre et \u00e9ducateur sal\u00e9sien Jean-Marie Petitclerc a \u00e9t\u00e9 retrouv\u00e9 lundi matin sur la plage de&hellip;\n","protected":false},"author":2,"featured_media":542876,"comment_status":"","ping_status":"","sticky":false,"template":"","format":"standard","meta":{"footnotes":""},"categories":[1888],"tags":[1111,1928,11,1927,459,1777,674,118,1011,27,12,1926,626,1925,25],"class_list":{"0":"post-542875","1":"post","2":"type-post","3":"status-publish","4":"format-standard","5":"has-post-thumbnail","7":"category-paris","8":"tag-actu","9":"tag-actu-paris","10":"tag-actualites","11":"tag-actualites-paris","12":"tag-departements-horsidfo","13":"tag-eu","14":"tag-europe","15":"tag-faits-divers","16":"tag-fr","17":"tag-france","18":"tag-news","19":"tag-news-paris","20":"tag-paris","21":"tag-paris-news","22":"tag-republique-francaise"},"share_on_mastodon":{"url":"https:\/\/pubeurope.com\/@fr\/115571813532972036","error":""},"_links":{"self":[{"href":"https:\/\/www.europesays.com\/fr\/wp-json\/wp\/v2\/posts\/542875","targetHints":{"allow":["GET"]}}],"collection":[{"href":"https:\/\/www.europesays.com\/fr\/wp-json\/wp\/v2\/posts"}],"about":[{"href":"https:\/\/www.europesays.com\/fr\/wp-json\/wp\/v2\/types\/post"}],"author":[{"embeddable":true,"href":"https:\/\/www.europesays.com\/fr\/wp-json\/wp\/v2\/users\/2"}],"replies":[{"embeddable":true,"href":"https:\/\/www.europesays.com\/fr\/wp-json\/wp\/v2\/comments?post=542875"}],"version-history":[{"count":0,"href":"https:\/\/www.europesays.com\/fr\/wp-json\/wp\/v2\/posts\/542875\/revisions"}],"wp:featuredmedia":[{"embeddable":true,"href":"https:\/\/www.europesays.com\/fr\/wp-json\/wp\/v2\/media\/542876"}],"wp:attachment":[{"href":"https:\/\/www.europesays.com\/fr\/wp-json\/wp\/v2\/media?parent=542875"}],"wp:term":[{"taxonomy":"category","embeddable":true,"href":"https:\/\/www.europesays.com\/fr\/wp-json\/wp\/v2\/categories?post=542875"},{"taxonomy":"post_tag","embeddable":true,"href":"https:\/\/www.europesays.com\/fr\/wp-json\/wp\/v2\/tags?post=542875"}],"curies":[{"name":"wp","href":"https:\/\/api.w.org\/{rel}","templated":true}]}}