{"id":542877,"date":"2025-11-18T17:11:12","date_gmt":"2025-11-18T17:11:12","guid":{"rendered":"https:\/\/www.europesays.com\/fr\/542877\/"},"modified":"2025-11-18T17:11:12","modified_gmt":"2025-11-18T17:11:12","slug":"rendez-vous-groove-a-laccor-arena-le-9-juillet-2026","status":"publish","type":"post","link":"https:\/\/www.europesays.com\/fr\/542877\/","title":{"rendered":"rendez-vous groove \u00e0 l\u2019Accor Arena le 9 juillet 2026"},"content":{"rendered":"<p itemprop=\"description\"><strong>Le collectif am\u00e9ricain de jazz-funk s\u2019installe dans la plus grande salle de la capitale pour un concert unique, \u00e0 savourer sans mod\u00e9ration.<\/strong><\/p>\n<p>\t\t\t\t\tUn \u00e9v\u00e9nement majeur pour les amateurs de groove<\/p>\n<p data-start=\"518\" data-end=\"1155\"><strong>Le 9 juillet 2026<\/strong> marque un moment fort pour la sc\u00e8ne jazz-funk parisienne : <strong>Vulfpeck<\/strong>, groupe ind\u00e9pendant originaire de Los Angeles, <strong>investira l\u2019Accor Arena<\/strong> pour une soir\u00e9e enti\u00e8rement d\u00e9di\u00e9e au groove, \u00e0 la basse percutante et aux riffs irr\u00e9sistibles. Leur r\u00e9putation de shows lice explosifs, nourrie par des <strong>performances dans les plus grands festivals et une base d\u2019ultrafans fid\u00e8les, promet une ambiance unique<\/strong>. Vulfpeck ne croise pas seulement la route du<strong> jazz et du funk : il les fait fusionner dans une \u00e9nergie contagieuse, id\u00e9ale pour les amateurs de rythmique live et d\u2019ambiance r\u00e9tro-moderne.<\/strong><\/p>\n<p>Une histoire ind\u00e9pendante, un son authentique<\/p>\n<p data-start=\"1211\" data-end=\"1944\">Fond\u00e9 en 2011 \u00e0 Ann Arbor (Michigan), Vulfpeck s\u2019est construit hors des circuits classiques : <strong>sans manager, sans label majeur, il s\u2019est fait conna\u00eetre par ses prestations live, ses exp\u00e9rimentations et sa fid\u00e9lit\u00e9 \u00e0 un son pur<\/strong>.\u00a0Leurs albums, leurs vid\u00e9os live et leurs tourn\u00e9es t\u00e9moignent d\u2019un attachement \u00e0 la qualit\u00e9 musicale, \u00e0 la section rythmique et \u00e0 la joie du jeu collectif. En choisissant Paris pour ce concert, le groupe offre aux auditeurs fran\u00e7ais une opportunit\u00e9 rare de vivre le groove dans un cadre grandiose, m\u00ealant virtuosit\u00e9 et f\u00eate live. Cette soir\u00e9e s\u2019inscrit parfaitement dans la programmation de Jazz Radio, qui c\u00e9l\u00e8bre les croisements entre jazz, funk et musiques urbaines.<\/p>\n<p>Pourquoi vous ne devez pas manquer ce concert<\/p>\n<p data-start=\"2000\" data-end=\"2576\">Un concert de Vulfpeck \u00e0 Paris ne ressemble \u00e0 aucun autre. C\u2019est une invitation \u00e0 danser, \u00e0 vibrer et \u00e0 se reconnecter \u00e0 l\u2019essence du groove live. Que vous soyez fan de jazz-funk, amateur de musique live ou simplement curieux de voir un show authentique, cette date est un must. De plus, la salle de l\u2019Accor Arena offre une acoustique et une mise en sc\u00e8ne haut de gamme, garantissant une immersion totale. Les billets \u00e9tant d\u00e9j\u00e0 en circulation, il est conseill\u00e9 de r\u00e9server t\u00f4t, l\u2019engouement pour le groupe en Europe ne cesse de cro\u00eetre.<\/p>\n","protected":false},"excerpt":{"rendered":"Le collectif am\u00e9ricain de jazz-funk s\u2019installe dans la plus grande salle de la capitale pour un concert unique,&hellip;\n","protected":false},"author":2,"featured_media":542878,"comment_status":"","ping_status":"","sticky":false,"template":"","format":"standard","meta":{"footnotes":""},"categories":[1888],"tags":[1111,1928,11,1927,19272,19271,11500,1777,674,1011,27,3620,19274,1922,6910,19269,330,19278,1361,873,12,1926,626,1925,1825,19270,25,3610,11714,3655],"class_list":{"0":"post-542877","1":"post","2":"type-post","3":"status-publish","4":"format-standard","5":"has-post-thumbnail","7":"category-paris","8":"tag-actu","9":"tag-actu-paris","10":"tag-actualites","11":"tag-actualites-paris","12":"tag-black-music","13":"tag-blues","14":"tag-electro","15":"tag-eu","16":"tag-europe","17":"tag-fr","18":"tag-france","19":"tag-funk","20":"tag-gospel","21":"tag-info","22":"tag-jazz","23":"tag-jazz-radio","24":"tag-jeux","25":"tag-latin","26":"tag-music","27":"tag-musique","28":"tag-news","29":"tag-news-paris","30":"tag-paris","31":"tag-paris-news","32":"tag-radio","33":"tag-radio-jazz","34":"tag-republique-francaise","35":"tag-soul","36":"tag-swing","37":"tag-webradio"},"share_on_mastodon":{"url":"https:\/\/pubeurope.com\/@fr\/115571817590399456","error":""},"_links":{"self":[{"href":"https:\/\/www.europesays.com\/fr\/wp-json\/wp\/v2\/posts\/542877","targetHints":{"allow":["GET"]}}],"collection":[{"href":"https:\/\/www.europesays.com\/fr\/wp-json\/wp\/v2\/posts"}],"about":[{"href":"https:\/\/www.europesays.com\/fr\/wp-json\/wp\/v2\/types\/post"}],"author":[{"embeddable":true,"href":"https:\/\/www.europesays.com\/fr\/wp-json\/wp\/v2\/users\/2"}],"replies":[{"embeddable":true,"href":"https:\/\/www.europesays.com\/fr\/wp-json\/wp\/v2\/comments?post=542877"}],"version-history":[{"count":0,"href":"https:\/\/www.europesays.com\/fr\/wp-json\/wp\/v2\/posts\/542877\/revisions"}],"wp:featuredmedia":[{"embeddable":true,"href":"https:\/\/www.europesays.com\/fr\/wp-json\/wp\/v2\/media\/542878"}],"wp:attachment":[{"href":"https:\/\/www.europesays.com\/fr\/wp-json\/wp\/v2\/media?parent=542877"}],"wp:term":[{"taxonomy":"category","embeddable":true,"href":"https:\/\/www.europesays.com\/fr\/wp-json\/wp\/v2\/categories?post=542877"},{"taxonomy":"post_tag","embeddable":true,"href":"https:\/\/www.europesays.com\/fr\/wp-json\/wp\/v2\/tags?post=542877"}],"curies":[{"name":"wp","href":"https:\/\/api.w.org\/{rel}","templated":true}]}}