{"id":542881,"date":"2025-11-18T17:13:15","date_gmt":"2025-11-18T17:13:15","guid":{"rendered":"https:\/\/www.europesays.com\/fr\/542881\/"},"modified":"2025-11-18T17:13:15","modified_gmt":"2025-11-18T17:13:15","slug":"les-elections-municipales-sinvitent-au-conseil-de-paris-et-rachida-dati-en-prend-pour-son-grade","status":"publish","type":"post","link":"https:\/\/www.europesays.com\/fr\/542881\/","title":{"rendered":"Les \u00e9lections municipales s\u2019invitent au Conseil de Paris (et Rachida Dati en prend pour son grade)"},"content":{"rendered":"\n<p> La lecture de ce contenu est susceptible d\u2019entra\u00eener un d\u00e9p\u00f4t de cookies de la part de l\u2019op\u00e9rateur tiers qui l\u2019h\u00e9berge. Compte-tenu des choix que vous avez exprim\u00e9s en mati\u00e8re de d\u00e9p\u00f4t de cookies, nous avons bloqu\u00e9 l\u2019affichage de ce contenu. Si vous souhaitez y acc\u00e9der, vous devez accepter la cat\u00e9gorie de cookies \u201cContenus tiers\u201d en cliquant sur le bouton ci-dessous. <\/p>\n<p> Lire la Vid\u00e9o              <\/p>\n<p class=\"asset asset-text\">POLITIQUE &#8211; La routine. Comme \u00e0 chaque fois ou presque, <a href=\"https:\/\/www.huffingtonpost.fr\/politique\/article\/municipales-2026-a-paris-rachida-dati-sera-bien-soutenue-par-la-droite_257175.html\" target=\"_blank\" rel=\"noopener\">le Conseil de Paris<\/a> qui s\u2019est ouvert ce mardi 18\u00a0novembre et qui doit si\u00e9ger toute la semaine, s\u2019est tenu dans une ambiance tendue. <strong>Comme vous pouvez le voir dans la vid\u00e9o en t\u00eate article<\/strong>, plusieurs \u00e9lus de gauche dont l\u2019\u00e9dile de Paris ont d\u00e9nonc\u00e9 la r\u00e9ception d\u2019un courrier \u00e9crite par <a href=\"https:\/\/www.huffingtonpost.fr\/politique\/article\/municipales-2026-cette-sortie-de-rachida-dati-illustre-la-ferocite-de-la-campagne-pour-paris_256546.html\" target=\"_blank\" rel=\"noopener\">Rachida Dati<\/a> \u00e0 leur intention.<\/p>\n<p class=\"asset asset-text\">Elle leur annonce les poursuivre en justice pour leurs propos tenus le 8\u00a0octobre dernier pendant le pr\u00e9c\u00e9dent Conseil de Paris, et concernant son proc\u00e8s \u00e0 venir. Ce \u00e0 quoi, les \u00e9lus concern\u00e9s ont pr\u00e9f\u00e9r\u00e9 r\u00e9pondre en martelant, \u00e0 nouveau au micro, la nature des faits qui sont reproch\u00e9s \u00e0 la candidate de la droite \u00e0 la mairie de Paris.<\/p>\n<p class=\"asset asset-text\">\u00ab\u00a0Elle compara\u00eetra pour corruption et trafic d\u2019influence. Corruption et trafic d\u2019influence, rien que \u00e7a\u00a0!\u00a0\u00bb, s\u2019insurge l\u2019\u00e9lue \u00e9cologiste Fatoumata Kon\u00e9 en s\u00e9ance. \u00ab\u00a0Si madame Dati \u00e9tait par malheur \u00e9lue maire de Paris en mars prochain, rappelle \u00e0 son tour le communiste Ian Brossat, il y aurait une forte probabilit\u00e9 qu\u2019elle ne puisse pas accomplir son mandat parce qu\u2019elle serait condamn\u00e9e dans la foul\u00e9e.\u00a0\u00bb<\/p>\n<p class=\"asset asset-text\">\u00ab\u00a0Je me sens tr\u00e8s, tr\u00e8s \u00e0 l\u2019aise pour rappeler en permanence les faits qui sont reproch\u00e9s \u00e0 madame Dati et la date de son proc\u00e8s,\u00a0\u00bb a pour sa part assur\u00e9 Anne Hidalgo, la rappelant par ailleurs \u00e0 plusieurs reprises.<\/p>\n<p>                     Encore quatre mois de r\u00e8glements de compte    <\/p>\n<p class=\"asset asset-text\">L\u2019ex-garde des Sceaux de Nicolas Sarkozy <a href=\"https:\/\/www.huffingtonpost.fr\/politique\/article\/le-proces-de-rachida-dati-pour-corruption-aura-lieu-en-septembre-2026-apres-les-municipales_255395.html\" target=\"_blank\" rel=\"noopener\">doit \u00eatre jug\u00e9e<\/a> en septembre\u00a02026 pour corruption et trafic d\u2019influence, soup\u00e7onn\u00e9e d\u2019avoir ind\u00fbment per\u00e7u 900\u00a0000\u00a0euros entre 2010 et 2012 d\u2019une filiale de l\u2019alliance Renault Nissan, quand Carlos Ghosn en \u00e9tait le PDG et quand elle \u00e9tait eurod\u00e9put\u00e9e.\u00a0Des charges qu\u2019elle conteste.<\/p>\n<p class=\"asset asset-text\">Et parce qu\u2019Anne Hidalgo a encore quatre petits mois pour r\u00e9gler ses comptes avec sa meilleure ennemie, la maire de Paris en a remis une couche sur une autre affaire visant Rachida Dati, et qui a provoqu\u00e9 l\u2019ouverture d\u2019une enqu\u00eate en septembre. \u00ab\u00a0J\u2019esp\u00e8re que nous saurons ce que sont devenus ces &#8211; au moins &#8211; 400\u00a0000\u00a0euros de bijoux non d\u00e9clar\u00e9s \u00e0 la HATVP\u00a0\u00bb, a-t-elle gliss\u00e9 apr\u00e8s une attaque de la maire du 7e arrondissement sur sa gestion de la ville. La campagne parisienne promet de faire des \u00e9tincelles.<\/p>\n","protected":false},"excerpt":{"rendered":"La lecture de ce contenu est susceptible d\u2019entra\u00eener un d\u00e9p\u00f4t de cookies de la part de l\u2019op\u00e9rateur tiers&hellip;\n","protected":false},"author":2,"featured_media":542882,"comment_status":"","ping_status":"","sticky":false,"template":"","format":"standard","meta":{"footnotes":""},"categories":[1888],"tags":[11,2618,1777,674,1011,27,3434,12,2532,626,316,417,25],"class_list":{"0":"post-542881","1":"post","2":"type-post","3":"status-publish","4":"format-standard","5":"has-post-thumbnail","7":"category-paris","8":"tag-actualites","9":"tag-anne-hidalgo","10":"tag-eu","11":"tag-europe","12":"tag-fr","13":"tag-france","14":"tag-municipales-2026","15":"tag-news","16":"tag-nos-videos","17":"tag-paris","18":"tag-politique","19":"tag-rachida-dati","20":"tag-republique-francaise"},"share_on_mastodon":{"url":"https:\/\/pubeurope.com\/@fr\/115571825501457962","error":""},"_links":{"self":[{"href":"https:\/\/www.europesays.com\/fr\/wp-json\/wp\/v2\/posts\/542881","targetHints":{"allow":["GET"]}}],"collection":[{"href":"https:\/\/www.europesays.com\/fr\/wp-json\/wp\/v2\/posts"}],"about":[{"href":"https:\/\/www.europesays.com\/fr\/wp-json\/wp\/v2\/types\/post"}],"author":[{"embeddable":true,"href":"https:\/\/www.europesays.com\/fr\/wp-json\/wp\/v2\/users\/2"}],"replies":[{"embeddable":true,"href":"https:\/\/www.europesays.com\/fr\/wp-json\/wp\/v2\/comments?post=542881"}],"version-history":[{"count":0,"href":"https:\/\/www.europesays.com\/fr\/wp-json\/wp\/v2\/posts\/542881\/revisions"}],"wp:featuredmedia":[{"embeddable":true,"href":"https:\/\/www.europesays.com\/fr\/wp-json\/wp\/v2\/media\/542882"}],"wp:attachment":[{"href":"https:\/\/www.europesays.com\/fr\/wp-json\/wp\/v2\/media?parent=542881"}],"wp:term":[{"taxonomy":"category","embeddable":true,"href":"https:\/\/www.europesays.com\/fr\/wp-json\/wp\/v2\/categories?post=542881"},{"taxonomy":"post_tag","embeddable":true,"href":"https:\/\/www.europesays.com\/fr\/wp-json\/wp\/v2\/tags?post=542881"}],"curies":[{"name":"wp","href":"https:\/\/api.w.org\/{rel}","templated":true}]}}